{"id":22517,"date":"2025-04-13T15:42:09","date_gmt":"2025-04-13T15:42:09","guid":{"rendered":"https:\/\/www.europesays.com\/fr\/22517\/"},"modified":"2025-04-13T15:42:09","modified_gmt":"2025-04-13T15:42:09","slug":"a-cannes-montpellier-signe-un-recital-et-soffre-une-premiere-chance-de-se-qualifier-en-demi-finale-du-championnat","status":"publish","type":"post","link":"https:\/\/www.europesays.com\/fr\/22517\/","title":{"rendered":"\u00c0 Cannes, Montpellier signe un r\u00e9cital et s\u2019offre une premi\u00e8re chance de se qualifier en demi-finale du championnat"},"content":{"rendered":"<p>\n                                                                Large vainqueur des Dragons de Cannes (0-3), le MHSC VB n\u2019est plus qu\u2019\u00e0 une victoire du dernier carr\u00e9. Prochain match lundi (20h) dans les Alpes-Maritimes.\n                            <\/p>\n<p>Il \u00e9tait temps. Les supporters du MHSC VB ont d\u00fb attendre le troisi\u00e8me match de la s\u00e9rie au meilleur des cinq rencontres pour que leurs prot\u00e9g\u00e9s, premiers de la saison r\u00e9guli\u00e8re, remportent un set sans \u00eatre pouss\u00e9s dans leurs retranchements face aux huiti\u00e8mes du classement final.<\/p>\n<p>Apr\u00e8s deux matchs \u00e0 Castelnau-le-Lez dont une d\u00e9faite s\u00e8che et un succ\u00e8s en trois manches accroch\u00e9es (0-3 et 3-0), ils ont sign\u00e9 un v\u00e9ritable r\u00e9cital au Palais des Victoires de Cannes, samedi soir.<\/p>\n<p>Appliqu\u00e9s et dominateurs d\u00e8s l\u2019entame, ils commen\u00e7aient par remporter le premier acte avec beaucoup d\u2019autorit\u00e9. Le central Rapha\u00ebl Pascal, pr\u00e9f\u00e9r\u00e9 dans le six de d\u00e9part \u00e0 l\u2019international fran\u00e7ais Joris Seddik pour la deuxi\u00e8me fois de suite, inscrivait le 25e point synonyme de changement de c\u00f4t\u00e9.<\/p>\n<p>Pour arriver jusqu\u2019ici, Montpellier profitait de la solidit\u00e9 en r\u00e9ception de son lib\u00e9ro Corentin Phelut mais aussi de l\u2019efficacit\u00e9 offensive de Dimitar Dimitrov et de Nicolas Le Goff.<\/p>\n<p>Agressifs et combatifs<\/p>\n<p>Il y a tout juste une semaine apr\u00e8s la d\u00e9route du premier duel, les mauvaises attitudes des H\u00e9raultais ont \u00e9t\u00e9 point\u00e9es du doigt. Ils semblent s\u2019\u00eatre promis qu\u2019on ne les reprendrait plus.<\/p>\n<p>Pour s\u2019adjuger haut la main la deuxi\u00e8me manche, ils ont \u00e9t\u00e9 particuli\u00e8rement agressifs et combatifs. Le pointu Dimitrov remuait sa grande carcasse en d\u00e9fense et son \u00e9quipe se d\u00e9tachait au tableau d\u2019affichage (4-7 puis 8-12).<\/p>\n<p>Le bloc du MHSC VB fonctionnait \u00e0 merveille, il freinait bon nombre d\u2019offensives locales. Le passeur Rapha\u00ebl Corre\u00a0et ses co\u00e9quipiers d\u00e9roulaient leur partition face \u00e0 des Cannois m\u00e9connaissables (16-25).<\/p>\n<p>Le troisi\u00e8me set \u00e9tait beaucoup plus disput\u00e9, les Montpelli\u00e9rains subissaient la r\u00e9action des Dragons de Cannes qui s\u2019offraient une opportunit\u00e9 de se relancer.<\/p>\n<p>Le moment choisi par le capitaine montpelli\u00e9rain Ezequiel Palacios pour retourner la situation d\u2019une attaque et d\u2019un service gagnant avant la conclusion de Rapha\u00ebl Pascal au contre (24-26).<\/p>\n<p>Montpellier prend les devants dans ce quart de finale et a la possibilit\u00e9 de d\u00e9crocher sa place en demi-finale s\u2019il gagne\u00a0lundi \u00e0 Cannes (20h).<\/p>\n","protected":false},"excerpt":{"rendered":"Large vainqueur des Dragons de Cannes (0-3), le MHSC VB n\u2019est plus qu\u2019\u00e0 une victoire du dernier carr\u00e9.&hellip;\n","protected":false},"author":2,"featured_media":22518,"comment_status":"","ping_status":"","sticky":false,"template":"","format":"standard","meta":{"footnotes":""},"categories":[1417],"tags":[1011,27,60,1470,1469],"class_list":{"0":"post-22517","1":"post","2":"type-post","3":"status-publish","4":"format-standard","5":"has-post-thumbnail","7":"category-volley","8":"tag-fr","9":"tag-france","10":"tag-sports","11":"tag-volley","12":"tag-volleyball"},"share_on_mastodon":{"url":"https:\/\/pubeurope.com\/@fr\/114331421463761642","error":""},"_links":{"self":[{"href":"https:\/\/www.europesays.com\/fr\/wp-json\/wp\/v2\/posts\/22517","targetHints":{"allow":["GET"]}}],"collection":[{"href":"https:\/\/www.europesays.com\/fr\/wp-json\/wp\/v2\/posts"}],"about":[{"href":"https:\/\/www.europesays.com\/fr\/wp-json\/wp\/v2\/types\/post"}],"author":[{"embeddable":true,"href":"https:\/\/www.europesays.com\/fr\/wp-json\/wp\/v2\/users\/2"}],"replies":[{"embeddable":true,"href":"https:\/\/www.europesays.com\/fr\/wp-json\/wp\/v2\/comments?post=22517"}],"version-history":[{"count":0,"href":"https:\/\/www.europesays.com\/fr\/wp-json\/wp\/v2\/posts\/22517\/revisions"}],"wp:featuredmedia":[{"embeddable":true,"href":"https:\/\/www.europesays.com\/fr\/wp-json\/wp\/v2\/media\/22518"}],"wp:attachment":[{"href":"https:\/\/www.europesays.com\/fr\/wp-json\/wp\/v2\/media?parent=22517"}],"wp:term":[{"taxonomy":"category","embeddable":true,"href":"https:\/\/www.europesays.com\/fr\/wp-json\/wp\/v2\/categories?post=22517"},{"taxonomy":"post_tag","embeddable":true,"href":"https:\/\/www.europesays.com\/fr\/wp-json\/wp\/v2\/tags?post=22517"}],"curies":[{"name":"wp","href":"https:\/\/api.w.org\/{rel}","templated":true}]}}