{"id":225172,"date":"2025-07-04T08:16:10","date_gmt":"2025-07-04T08:16:10","guid":{"rendered":"https:\/\/www.europesays.com\/fr\/225172\/"},"modified":"2025-07-04T08:16:10","modified_gmt":"2025-07-04T08:16:10","slug":"des-scientifiques-ont-enfin-mesure-la-vitesse-a-laquelle-se-produit","status":"publish","type":"post","link":"https:\/\/www.europesays.com\/fr\/225172\/","title":{"rendered":"Des scientifiques ont enfin mesur\u00e9 la vitesse \u00e0 laquelle se produit !"},"content":{"rendered":"<p data-start=\"295\" data-end=\"744\"><strong>L\u2019id\u00e9e que deux<br \/>\nparticules puissent s\u2019influencer instantan\u00e9ment \u00e0 des milliards de<br \/>\nkilom\u00e8tres de distance fascine autant qu\u2019elle d\u00e9range. Et si ce<br \/>\nlien myst\u00e9rieux, connu sous le nom d\u2019intrication quantique, n\u2019\u00e9tait<br \/>\npas si imm\u00e9diat qu\u2019on le croyait ? C\u2019est ce que r\u00e9v\u00e8le une<br \/>\nexp\u00e9rience spectaculaire men\u00e9e \u00e0 l\u2019Universit\u00e9 technique de Vienne,<br \/>\nqui pourrait bien bouleverser notre compr\u00e9hension du temps, de<br \/>\nl\u2019espace\u2026 et de la r\u00e9alit\u00e9 elle-m\u00eame.<\/strong><\/p>\n<p>Qu\u2019est-ce que l\u2019intrication<br \/>\nquantique ?<\/p>\n<p data-start=\"175\" data-end=\"677\">L\u2019intrication quantique est sans<br \/>\ndoute l\u2019un des ph\u00e9nom\u00e8nes les plus myst\u00e9rieux et fascinants de la<br \/>\nphysique. Pour comprendre ce que cela signifie, imaginez deux<br \/>\nparticules \u2013 par exemple, deux <a href=\"https:\/\/sciencepost.fr\/limites-de-la-physique-repoussees-avec-faisceau-delectrons-surpuissant\/\" target=\"_blank\" rel=\"noopener nofollow\">\u00e9lectrons<\/a> \u2013 qui interagissent<br \/>\nfortement pendant un certain temps, puis s\u2019\u00e9loignent l\u2019une de<br \/>\nl\u2019autre. Une fois cette interaction termin\u00e9e, ces deux particules<br \/>\nrestent intriqu\u00e9es : elles partagent un \u00e9tat commun, comme si elles<br \/>\nfaisaient encore partie d\u2019un tout, m\u00eame s\u00e9par\u00e9es par des milliers<br \/>\nde kilom\u00e8tres.<\/p>\n<p data-start=\"679\" data-end=\"1191\">Ce lien \u00e9trange a une<br \/>\ncons\u00e9quence spectaculaire : si vous mesurez une propri\u00e9t\u00e9 de la<br \/>\npremi\u00e8re particule (comme sa polarisation ou son spin), vous<br \/>\nconnaissez instantan\u00e9ment celle de la seconde, sans m\u00eame avoir<br \/>\nbesoin de la mesurer. Cela semble violer notre intuition selon<br \/>\nlaquelle l\u2019information ne peut pas voyager plus vite que la lumi\u00e8re<br \/>\n\u2014 d\u2019o\u00f9 la c\u00e9l\u00e8bre expression d\u2019Einstein, qui appelait cela une<br \/>\n\u00ab action fantomatique \u00e0<br \/>\ndistance \u00bb (spooky<br \/>\naction at a distance), car cela semblait presque magique.<\/p>\n<p data-start=\"1193\" data-end=\"1533\">Mais ce n\u2019est pas de la magie<br \/>\n: c\u2019est la m\u00e9canique quantique. Et contrairement \u00e0 une simple<br \/>\ncorr\u00e9lation (comme deux gants dans une bo\u00eete, o\u00f9 conna\u00eetre le droit<br \/>\nvous r\u00e9v\u00e8le le gauche), ici, les propri\u00e9t\u00e9s ne sont pas d\u00e9finies \u00e0<br \/>\nl\u2019avance. Elles ne \u00ab prennent forme \u00bb qu\u2019au moment de la mesure, ce<br \/>\nqui rend l\u2019effet d\u2019autant plus d\u00e9routant.<\/p>\n<p data-start=\"1535\" data-end=\"2057\">Pendant longtemps, les<br \/>\nscientifiques ont pens\u00e9 que cette connexion entre particules<br \/>\nintriqu\u00e9es se formait instantan\u00e9ment\u2013 comme un interrupteur qu\u2019on<br \/>\nactionne, sans d\u00e9lai. Mais en r\u00e9alit\u00e9, cela n\u2019avait jamais \u00e9t\u00e9<br \/>\ndirectement test\u00e9 : on observait les effets de l\u2019intrication, mais<br \/>\non ne savait pas combien de temps il fallait pour que ce lien<br \/>\nquantique se cr\u00e9e entre deux particules. \u00c9tait-ce vraiment imm\u00e9diat<br \/>\n? Ou ce lien mettait-il, m\u00eame \u00e0 l\u2019\u00e9chelle microscopique, un tout<br \/>\npetit peu de temps \u00e0 s\u2019installer ?<\/p>\n<p>Une exp\u00e9rience aux fronti\u00e8res<br \/>\ndu temps<\/p>\n<p data-start=\"1564\" data-end=\"1853\">C\u2019est ce d\u00e9fi vertigineux<br \/>\nqu\u2019ont relev\u00e9 les chercheurs de la TU Wien, en Autriche. Dans leur<br \/>\nexp\u00e9rience, d\u00e9crite dans la prestigieuse revue <a href=\"https:\/\/journals.aps.org\/prl\/abstract\/10.1103\/PhysRevLett.133.163201\" target=\"_blank\" rel=\"noopener nofollow\">Physical Review Letters<\/a>, ils ont utilis\u00e9 des<br \/>\nimpulsions laser ultra-br\u00e8ves pour g\u00e9n\u00e9rer une intrication entre<br \/>\ndeux \u00e9lectrons dans un atome.<\/p>\n<p data-start=\"1855\" data-end=\"2134\">Le principe : en envoyant un<br \/>\n\u00e9clair laser extr\u00eamement intense et rapide sur un atome, un<br \/>\n\u00e9lectron est expuls\u00e9, tandis qu\u2019un second \u00e9lectron reste dans<br \/>\nl\u2019atome, mais passe \u00e0 un \u00e9tat d\u2019\u00e9nergie plus \u00e9lev\u00e9. Les deux<br \/>\n\u00e9lectrons, bien que s\u00e9par\u00e9s, sont alors quantiquement li\u00e9s.<\/p>\n<p data-start=\"2136\" data-end=\"2426\">Leur outil de mesure ? Le<br \/>\ntemps\u2026 \u00e0 l\u2019\u00e9chelle de l\u2019attoseconde, soit un milliardi\u00e8me de<br \/>\nmilliardi\u00e8me de seconde(0,000000000000000001 s). Gr\u00e2ce \u00e0 deux<br \/>\nfaisceaux lasers distincts, les physiciens ont pu d\u00e9terminer avec<br \/>\nune pr\u00e9cision in\u00e9dite le moment o\u00f9 cette intrication se forme.<\/p>\n<p>Verdict : pas si<br \/>\ninstantan\u00e9<\/p>\n<p data-start=\"2469\" data-end=\"2665\">Contre toute attente, l\u2019\u00e9quipe<br \/>\na observ\u00e9 que l\u2019intrication ne se produit pas imm\u00e9diatement, mais<br \/>\nn\u00e9cessite un laps de temps mesurable, de l\u2019ordre de <strong>232<br \/>\nattosecondes dans certains cas<\/strong>.<\/p>\n<p data-start=\"2667\" data-end=\"2715\">Comme l\u2019explique la chercheuse<br \/>\nIva B\u0159ezinov\u00e1 :<\/p>\n<blockquote data-start=\"2716\" data-end=\"2916\">\n<p data-start=\"2718\" data-end=\"2916\">\u00ab L\u2019\u00e9lectron ne jaillit pas simplement de l\u2019atome.<br \/>\nC\u2019est une onde qui se propage hors de l\u2019atome, et cela prend un<br \/>\ncertain temps. C\u2019est pr\u00e9cis\u00e9ment durant cette phase que se forme<br \/>\nl\u2019intrication. \u00bb<\/p>\n<\/blockquote>\n<p data-start=\"2918\" data-end=\"3184\">Autrement dit, la connexion<br \/>\nentre les deux \u00e9lectrons se construit progressivement, pendant que<br \/>\nl\u2019un quitte son orbite. On n\u2019est donc plus face \u00e0 un ph\u00e9nom\u00e8ne<br \/>\npurement \u00ab magique \u00bb ou instantan\u00e9, mais \u00e0 un processus<br \/>\nultra-rapide, certes, mais quantifiable.<\/p>\n<p><img loading=\"lazy\" data-lazyloaded=\"1\" decoding=\"async\" class=\"size-full wp-image-294960\" src=\"https:\/\/www.europesays.com\/fr\/wp-content\/uploads\/2025\/07\/top-l.webp.webp\" alt=\"quarks top intrication\" width=\"1200\" height=\"563\"  data-\/><br \/>\nImpression d\u2019artiste d\u2019une paire de quarks top intriqu\u00e9s. Cr\u00e9dits :<br \/>\nCERNCe que cela change<\/p>\n<p data-start=\"3218\" data-end=\"3587\">Pourquoi est-ce une d\u00e9couverte<br \/>\nsi importante ? Parce qu\u2019elle remet en question une croyance<br \/>\ncentrale en physique quantique : celle de l\u2019instantan\u00e9it\u00e9 absolue<br \/>\nde l\u2019intrication. Si ce lien prend du temps \u00e0 se former, aussi<br \/>\ncourt soit-il, cela pourrait ouvrir de nouvelles portes th\u00e9oriques<br \/>\nsur la fa\u00e7on dont les informations se propagent dans l\u2019univers<br \/>\nquantique.<\/p>\n<p data-start=\"3589\" data-end=\"3898\">Cela a \u00e9galement des<br \/>\ncons\u00e9quences pratiques : dans le domaine de l\u2019informatique<br \/>\nquantique, de la t\u00e9l\u00e9portation d\u2019informations ou de la<br \/>\ncryptographie quantique, comprendre \u00e0 quel rythme exact les<br \/>\nparticules s\u2019intriquent pourrait am\u00e9liorer la performance et la<br \/>\ns\u00e9curit\u00e9 des technologies futures.<\/p>\n<p>Une r\u00e9volution<br \/>\nsilencieuse<\/p>\n<p data-start=\"3940\" data-end=\"4241\">Ce n\u2019est pas la premi\u00e8re fois<br \/>\nque la physique quantique bouscule notre intuition du r\u00e9el. Apr\u00e8s<br \/>\ntout, elle nous a d\u00e9j\u00e0 appris que les particules peuvent \u00eatre \u00e0<br \/>\ndeux endroits en m\u00eame temps (superposition), ou que le simple fait<br \/>\nd\u2019observer une particule change son comportement (effet de<br \/>\nl\u2019observateur).<\/p>\n<p data-start=\"4243\" data-end=\"4573\">Mais cette nouvelle d\u00e9couverte<br \/>\najoute une dimension suppl\u00e9mentaire : le temps lui-m\u00eame devient un<br \/>\nacteur dans l\u2019intrication. Et \u00e0 l\u2019\u00e9chelle de l\u2019attoseconde, nos<br \/>\nnotions habituelles de pass\u00e9, pr\u00e9sent et futur deviennent floues.<br \/>\nM\u00eame la question \u00ab Quand commence une relation quantique ? \u00bb prend<br \/>\nune signification vertigineuse.<\/p>\n<p>Et maintenant ?<\/p>\n<p data-start=\"4604\" data-end=\"4952\">L\u2019\u00e9quipe de la TU Wien compte<br \/>\npoursuivre ses travaux pour affiner ces mesures et mieux comprendre<br \/>\nles m\u00e9canismes qui r\u00e9gissent ce processus d\u2019intrication. \u00c0 l\u2019heure<br \/>\no\u00f9 les ordinateurs quantiques s\u2019appr\u00eatent \u00e0 bouleverser le monde<br \/>\nnum\u00e9rique, savoir \u00e0 quelle vitesse l\u2019intrication se forme est plus<br \/>\nqu\u2019un d\u00e9tail : c\u2019est une cl\u00e9 pour le futur.<\/p>\n<p>En r\u00e9sum\u00e9<\/p>\n<ul data-start=\"4977\" data-end=\"5382\">\n<li data-start=\"4977\" data-end=\"5070\">\n<p data-start=\"4979\" data-end=\"5070\">L\u2019intrication quantique n\u2019est<br \/>\npas instantan\u00e9e, elle prend environ 232 attosecondes.<\/p>\n<\/li>\n<li data-start=\"5071\" data-end=\"5163\">\n<p data-start=\"5073\" data-end=\"5163\">Cette d\u00e9couverte pourrait<br \/>\nr\u00e9\u00e9crire une partie des fondements de la physique quantique.<\/p>\n<\/li>\n<li data-start=\"5164\" data-end=\"5246\">\n<p data-start=\"5166\" data-end=\"5246\">Elle a des implications<br \/>\nmajeures pour les technologies quantiques de demain.<\/p>\n<\/li>\n<li data-start=\"5247\" data-end=\"5382\">\n<p data-start=\"5249\" data-end=\"5382\">Et elle nous rappelle, encore<br \/>\nune fois, que le monde quantique n\u2019a rien de banal \u2014 m\u00eame le temps<br \/>\ny joue selon ses propres r\u00e8gles.<\/p>\n<\/li>\n<\/ul>\n","protected":false},"excerpt":{"rendered":"L\u2019id\u00e9e que deux particules puissent s\u2019influencer instantan\u00e9ment \u00e0 des milliards de kilom\u00e8tres de distance fascine autant qu\u2019elle d\u00e9range.&hellip;\n","protected":false},"author":2,"featured_media":63710,"comment_status":"","ping_status":"","sticky":false,"template":"","format":"standard","meta":{"footnotes":""},"categories":[7],"tags":[1011,27,43,40,41,39,42,44],"class_list":{"0":"post-225172","1":"post","2":"type-post","3":"status-publish","4":"format-standard","5":"has-post-thumbnail","7":"category-sciences-et-technologies","8":"tag-fr","9":"tag-france","10":"tag-science","11":"tag-science-and-technology","12":"tag-sciences","13":"tag-sciences-et-technologies","14":"tag-technologies","15":"tag-technology"},"share_on_mastodon":{"url":"https:\/\/pubeurope.com\/@fr\/114793977264200932","error":""},"_links":{"self":[{"href":"https:\/\/www.europesays.com\/fr\/wp-json\/wp\/v2\/posts\/225172","targetHints":{"allow":["GET"]}}],"collection":[{"href":"https:\/\/www.europesays.com\/fr\/wp-json\/wp\/v2\/posts"}],"about":[{"href":"https:\/\/www.europesays.com\/fr\/wp-json\/wp\/v2\/types\/post"}],"author":[{"embeddable":true,"href":"https:\/\/www.europesays.com\/fr\/wp-json\/wp\/v2\/users\/2"}],"replies":[{"embeddable":true,"href":"https:\/\/www.europesays.com\/fr\/wp-json\/wp\/v2\/comments?post=225172"}],"version-history":[{"count":0,"href":"https:\/\/www.europesays.com\/fr\/wp-json\/wp\/v2\/posts\/225172\/revisions"}],"wp:featuredmedia":[{"embeddable":true,"href":"https:\/\/www.europesays.com\/fr\/wp-json\/wp\/v2\/media\/63710"}],"wp:attachment":[{"href":"https:\/\/www.europesays.com\/fr\/wp-json\/wp\/v2\/media?parent=225172"}],"wp:term":[{"taxonomy":"category","embeddable":true,"href":"https:\/\/www.europesays.com\/fr\/wp-json\/wp\/v2\/categories?post=225172"},{"taxonomy":"post_tag","embeddable":true,"href":"https:\/\/www.europesays.com\/fr\/wp-json\/wp\/v2\/tags?post=225172"}],"curies":[{"name":"wp","href":"https:\/\/api.w.org\/{rel}","templated":true}]}}