{"id":225177,"date":"2025-07-04T08:19:09","date_gmt":"2025-07-04T08:19:09","guid":{"rendered":"https:\/\/www.europesays.com\/fr\/225177\/"},"modified":"2025-07-04T08:19:09","modified_gmt":"2025-07-04T08:19:09","slug":"la-vody-la-boisson-tres-contestee-fait-un-carton-chez-les-jeunes-et-chez-les-epiciers","status":"publish","type":"post","link":"https:\/\/www.europesays.com\/fr\/225177\/","title":{"rendered":"La Vody, la boisson tr\u00e8s contest\u00e9e fait un carton chez les jeunes\u2026 et chez les \u00e9piciers"},"content":{"rendered":"<p> \u00abJ\u2019ai fait des r\u00e9serves, mais elles sont d\u00e9j\u00e0 bien entam\u00e9es. Je vais retourner en chercher en d\u00e9but de semaine prochaine.\u00a0\u00bb Derri\u00e8re la caisse de son \u00e9picerie du 5e\u00a0arrondissement de <a href=\"https:\/\/www.20minutes.fr\/paris\/\" class=\"color-ultramarine c-link\" target=\"_blank\" rel=\"noopener\">Paris<\/a>, Rami ne cache pas son enthousiasme. Avec la fin des examens \u00e0 l\u2019universit\u00e9, la <a href=\"https:\/\/www.20minutes.fr\/dossier\/fete_de_la_musique\" class=\"color-ultramarine c-link\" target=\"_blank\" rel=\"noopener\">f\u00eate de la musique<\/a>, le d\u00e9but de l\u2019\u00e9t\u00e9, la fin du <a href=\"https:\/\/www.20minutes.fr\/dossier\/bac\" class=\"color-ultramarine c-link\" target=\"_blank\" rel=\"noopener\">baccalaur\u00e9at<\/a>, et bient\u00f4t les r\u00e9sultats, la p\u00e9riode est b\u00e9nie pour lui et la nouvelle star de ses frigos\u00a0: la <a href=\"https:\/\/www.20minutes.fr\/societe\/4151329-20250501-quoi-vody-mix-vodka-boisson-energisante-inquiete\" class=\"color-ultramarine c-link\" target=\"_blank\" rel=\"noopener\">boisson Vody<\/a>.<\/p>\n<p>M\u00e9lange de vodka et de boisson \u00e9nergisante, la Vody a d\u00e9barqu\u00e9 depuis plusieurs mois dans les \u00e9choppes de la capitale. \u00ab\u00a0Moi j\u2019en vends depuis un peu moins d\u2019un an, mais je crois que certaines \u00e9piceries du nord de Paris en ont depuis bien plus longtemps, au moins deux ans\u00a0\u00bb, nous raconte-t-il.<\/p>\n<p>\u00ab\u00a0Ce n\u2019est pas souvent qu\u2019on vend autant un produit\u00a0\u00bb<\/p>\n<p>Sandrine, propri\u00e9taire d\u2019un petit \u00ab\u00a0market\u00a0\u00bb dans le 13e\u00a0arrondissement, non loin de <a href=\"https:\/\/www.20minutes.fr\/societe\/2250271-20180406-video-paris-premiere-auto-conference-auto-media-etudiants-fac-tolbiac\" target=\"_blank\" class=\"color-ultramarine c-link\" rel=\"noopener\">Tolbiac<\/a> confirme l\u2019engouement assez r\u00e9cent\u00a0: \u00ab\u00a0Je ne l\u2019ai pas vraiment vu d\u00e9barquer parce que j\u2019\u00e9tais en arr\u00eat maladie. C\u2019est mon mari qui m\u2019en a parl\u00e9. Depuis trois mois que j\u2019ai repris le travail, c\u2019est en effet de la folie.\u00a0\u00bb Ne se situant pas dans un quartier \u00ab\u00a0festif\u00a0\u00bb, elle n\u2019en vend presque pas la semaine. \u00ab\u00a0Mais le week-end, c\u2019est une vingtaine par jour. Pour la f\u00eate de la musique, j\u2019ai d\u00fb en vendre presque 40 en une soir\u00e9e. Ce n\u2019est pas souvent qu\u2019on vend autant un produit. M\u00eame les bi\u00e8res en soir\u00e9e ne cartonnent pas \u00e0 ce niveau\u00a0\u00bb, explique-t-elle presque un peu g\u00ean\u00e9e.<\/p>\n<\/p>\n<p>Ce l\u00e9ger embarras, beaucoup d\u2019\u00e9piciers parisiens ne peuvent le cacher quand on leur parle du produit. Tous, pourtant, le proposent.<\/p>\n<p>La Vody fait pol\u00e9mique depuis quelque temps et l\u2019ouverture d\u2019une enqu\u00eate par la <a href=\"https:\/\/www.20minutes.fr\/dossier\/dgccrf\" class=\"color-ultramarine c-link\" target=\"_blank\" rel=\"noopener\">Direction g\u00e9n\u00e9rale de la concurrence, de la consommation et de la r\u00e9pression des fraudes<\/a> (DGCCRF). L\u2019autorit\u00e9 <a href=\"https:\/\/www.20minutes.fr\/sante\/4154768-20250521-ministre-sante-envisage-interdiction-boisson-alcoolisee-vody\" class=\"color-ultramarine c-link\" target=\"_blank\" rel=\"noopener\">s\u2019inqui\u00e8te notamment de ces canettes<\/a> qui ciblent explicitement les jeunes, entre couleurs acidul\u00e9es et format \u00ab\u00a0soda\u00a0\u00bb trompeurs.<\/p>\n<p>Une boisson \u00e0 risques d\u00e9j\u00e0 interdite en C\u00f4te d\u2019Ivoire<\/p>\n<p>\u00ab\u00a0Certains qui viennent en racheter sont souvent d\u00e9j\u00e0 l\u00e0\u00a0\u00bb, explique Sandrine en mettant sa main bien au-dessus de sa t\u00eate pour montrer le niveau d\u2019alcoolisation. \u00ab\u00a0Ce sont surtout des jeunes en effet, jamais plus de 25 ans, mais surtout des gens qui veulent se d\u00e9monter la t\u00eate. D\u2019habitude, on voit des gens qui prennent des \u201c8.6\u201d ou de l&rsquo;\u201d Amsterdam\u201d, des bi\u00e8res qui sont d\u00e9j\u00e0 \u00e0 8 degr\u00e9s et qui tapent fort. Mais \u00e7a c\u2019est vraiment au-dessus.\u00a0\u00bb Et pas qu\u2019un peu\u2026 Selon les ar\u00f4mes, la boisson oscille entre 18 et 22 degr\u00e9s\u2026<\/p>\n<p>Selon Catherine Poggi, di\u00e9t\u00e9ticienne-nutritionniste, cit\u00e9e par <a href=\"https:\/\/rmc.bfmtv.com\/conso\/alimentation\/vodka-et-cafeine-c-est-quoi-le-vody-cette-nouvelle-boisson-qui-inquiete-la-repression-des-fraudes_AN-202505020462.html\" rel=\"nofollow noopener\" target=\"_blank\" class=\"color-ultramarine c-link\">RMC conso<\/a>, \u00ab\u00a0par la pr\u00e9sence de caf\u00e9ine, ce m\u00e9lange masque la fatigue et l\u2019effet de l\u2019ivresse, ce qui peut entra\u00eener une surconsommation. La boisson favorise aussi des situations de prise de risque, car la personne surestime ses aptitudes\u00a0\u00bb. La sp\u00e9cialiste avance \u00e9galement de nombreux autres risques comme des tachycardies, l\u2019hypertension et m\u00eame, selon les sp\u00e9cialistes, des risques de troubles psychologiques comme de l\u2019anxi\u00e9t\u00e9, des crises de panique ou d\u2019\u00e9pilepsie.<\/p>\n<p>Si les autorit\u00e9s s\u2019inqui\u00e8tent c\u2019est aussi que le succ\u00e8s est tel que des pages enti\u00e8res sur les r\u00e9seaux sociaux, et notamment <a href=\"https:\/\/www.20minutes.fr\/high-tech\/tiktok\/\" class=\"color-ultramarine c-link\" target=\"_blank\" rel=\"noopener\">TikTok<\/a>, y sont consacr\u00e9es jusqu\u2019au \u00ab\u00a0Vody Challenge\u00a0\u00bb qui consiste \u00e0 en boire le plus possible en une journ\u00e9e et qui a d\u00e9j\u00e0 men\u00e9 \u00e0 des comas \u00e9thyliques, au point que la boisson a \u00e9t\u00e9 interdite en C\u00f4te d\u2019Ivoire et que le dossier est tr\u00e8s suivi en Guadeloupe.<\/p>\n<p>Entre 4 et 5 euros la canette<\/p>\n<p>\u00ab\u00a0C\u2019est normal que \u00e7a plaise aux jeunes. Avant ils faisaient leurs propres m\u00e9langes avec des alcools forts et des jus. L\u00e0 c\u2019est tout pr\u00eat et \u00e7a leur permet de faire la f\u00eate. Ce n\u2019est pas \u00e0 moi de juger ou d\u2019estimer les risques, sinon je ne vendrais plus d\u2019alcool, ni m\u00eame de g\u00e2teaux au chocolat\u00a0\u00bb, explique Rami qui parle d\u2019exp\u00e9rience depuis son commerce situ\u00e9 entre les universit\u00e9s de la Sorbonne, Jussieu et les quais de Seine, tr\u00e8s fr\u00e9quent\u00e9s par les jeunes lorsque le temps s\u2019y pr\u00eate.<\/p>\n<p>Surtout, vendue entre 4 et 5 euros la canette, la Vody lui assure une nouvelle et belle recette \u00e0 chaque week-end ou \u00e9v\u00e9nement festif. \u00ab\u00a0Moi j\u2019ach\u00e8te de mani\u00e8re l\u00e9gale et je vends de mani\u00e8re l\u00e9gale. Je demande toujours la carte d\u2019identit\u00e9 des jeunes pour m\u2019assurer qu\u2019ils sont majeurs. Mais ce n\u2019est pas de ma faute si apr\u00e8s ils donnent \u00e7a \u00e0 des mineurs\u00a0\u00bb, explique-t-il, pointant du doigt certains confr\u00e8res moins regardant selon lui. \u00ab\u00a0Ce n\u2019est pas n\u00e9gligeable. Sans cela, ils m\u2019ach\u00e8tent une flasque de rhum ou de vodka \u00e0 15 euros et un jus de fruits \u00e0 trois euros. L\u00e0, c\u2019est deux ou trois canettes chacun\u2026 Faites le compte.\u00a0\u00bb<\/p>\n<p class=\"mb-xxl@xs color-ultramarine font-weight-semi-bold@xs font-source-serif-pro heading-s@xs\">L\u2019acc\u00e8s \u00e0 ce contenu a \u00e9t\u00e9 bloqu\u00e9 afin de respecter votre choix de consentement<\/p>\n<p class=\"mb-m@xs text-l@xs\">En cliquant sur\u00ab J\u2019accepte \u00bb, vous acceptez le d\u00e9p\u00f4t de cookies par des services externes et aurez ainsi acc\u00e8s aux contenus de nos partenaires.<\/p>\n<p class=\"mb-xl@xs text-s@xs\">Plus d\u2019informations sur la page<a href=\"https:\/\/www.20minutes.fr\/gestion-cookies\" class=\"mx-xxs@xs color-ultramarine\" target=\"_blank\" rel=\"noopener\">Politique de gestion des cookies<\/a><\/p>\n<p>J\u2019accepte<\/p>\n<p>Il esp\u00e8re surtout que la boisson ne sera pas interdite \u00e0 son tour en France. Produite par l\u2019entreprise allemande Cody\u2019s Drink, elle est destin\u00e9e initialement au march\u00e9 africain et ne semble pas respecter les normes fran\u00e7aises.<\/p>\n<p>\u00ab\u00a0C\u2019est s\u00fbr que je ne le trouve pas chez Metro, mais je l\u2019ach\u00e8te chez des fournisseurs qui ont pignon sur rue en \u00cele-de-France, donc je n\u2019ai rien \u00e0 me reprocher, pr\u00e9cise l\u2019\u00e9picier, on le trouve m\u00eame sur Internet et sur Uber Eats, donc je ne vois pas le probl\u00e8me\u00a0\u00bb. \u00ab\u00a0Ils n\u2019ont qu\u2019\u00e0 faire changer l\u2019emballage si \u00e7a les emb\u00eate. Mais ce n\u2019est pas souvent qu\u2019on peut avoir une telle opportunit\u00e9\u00a0\u00bb, ajoute-t-il en rappelant que la Vody n\u2019est pas vendue, pour le moment, en grande surface, ce qui donne aux \u00e9piceries une attractivit\u00e9 importante.<\/p>\n","protected":false},"excerpt":{"rendered":"\u00abJ\u2019ai fait des r\u00e9serves, mais elles sont d\u00e9j\u00e0 bien entam\u00e9es. Je vais retourner en chercher en d\u00e9but de&hellip;\n","protected":false},"author":2,"featured_media":225178,"comment_status":"","ping_status":"","sticky":false,"template":"","format":"standard","meta":{"footnotes":""},"categories":[4],"tags":[10915,47,11,5702,215,254,26525,33,4768,25885,1011,27,662,4074,12,626,25,71,104,2439,35015],"class_list":{"0":"post-225177","1":"post","2":"type-post","3":"status-publish","4":"format-standard","5":"has-post-thumbnail","7":"category-france","8":"tag-14-juillet","9":"tag-actualite","10":"tag-actualites","11":"tag-alcool","12":"tag-commerce","13":"tag-conso","14":"tag-dgccrf","15":"tag-economie","16":"tag-fete","17":"tag-fete-de-la-musique","18":"tag-fr","19":"tag-france","20":"tag-ile-de-france","21":"tag-jeunes","22":"tag-news","23":"tag-paris","24":"tag-republique-francaise","25":"tag-sante","26":"tag-societe","27":"tag-tiktok","28":"tag-vodka"},"share_on_mastodon":{"url":"https:\/\/pubeurope.com\/@fr\/114793989134108607","error":""},"_links":{"self":[{"href":"https:\/\/www.europesays.com\/fr\/wp-json\/wp\/v2\/posts\/225177","targetHints":{"allow":["GET"]}}],"collection":[{"href":"https:\/\/www.europesays.com\/fr\/wp-json\/wp\/v2\/posts"}],"about":[{"href":"https:\/\/www.europesays.com\/fr\/wp-json\/wp\/v2\/types\/post"}],"author":[{"embeddable":true,"href":"https:\/\/www.europesays.com\/fr\/wp-json\/wp\/v2\/users\/2"}],"replies":[{"embeddable":true,"href":"https:\/\/www.europesays.com\/fr\/wp-json\/wp\/v2\/comments?post=225177"}],"version-history":[{"count":0,"href":"https:\/\/www.europesays.com\/fr\/wp-json\/wp\/v2\/posts\/225177\/revisions"}],"wp:featuredmedia":[{"embeddable":true,"href":"https:\/\/www.europesays.com\/fr\/wp-json\/wp\/v2\/media\/225178"}],"wp:attachment":[{"href":"https:\/\/www.europesays.com\/fr\/wp-json\/wp\/v2\/media?parent=225177"}],"wp:term":[{"taxonomy":"category","embeddable":true,"href":"https:\/\/www.europesays.com\/fr\/wp-json\/wp\/v2\/categories?post=225177"},{"taxonomy":"post_tag","embeddable":true,"href":"https:\/\/www.europesays.com\/fr\/wp-json\/wp\/v2\/tags?post=225177"}],"curies":[{"name":"wp","href":"https:\/\/api.w.org\/{rel}","templated":true}]}}