{"id":225179,"date":"2025-07-04T08:20:11","date_gmt":"2025-07-04T08:20:11","guid":{"rendered":"https:\/\/www.europesays.com\/fr\/225179\/"},"modified":"2025-07-04T08:20:11","modified_gmt":"2025-07-04T08:20:11","slug":"ces-trucs-qui-trahissent-lemploi-de-chatgpt-ou-dune-autre-ia-dans-les-candidatures-et-lettres-de-motivation","status":"publish","type":"post","link":"https:\/\/www.europesays.com\/fr\/225179\/","title":{"rendered":"Ces trucs qui trahissent l\u2019emploi de ChatGPT ou d\u2019une autre IA dans les candidatures et lettres de motivation"},"content":{"rendered":"<p>L\u2019IA devient un outil de travail de plus en plus sollicit\u00e9, mais une simple ponctuation suffit \u00e0 la trahir. Selon une \u00e9tude Indeed publi\u00e9e le 30\u00a0juin, pr\u00e8s de trois salari\u00e9s interrog\u00e9s sur cinq (57\u00a0%) disent utiliser des outils d\u2019IA dans leur vie professionnelle, au moins deux fois par semaine. Le m\u00eame document nous apprend que 67\u00a0% d\u2019entre eux se servent de l\u2019IA dans leur recherche d\u2019emploi\u00a0: de la simple recherche \u00e0 la r\u00e9daction de <a href=\"https:\/\/www.20minutes.fr\/dossier\/cv\" class=\"color-ultramarine c-link\" rel=\"nofollow noopener\" target=\"_blank\">CV <\/a>en passant par la lettre de motivation.<\/p>\n<\/p>\n<p>Seulement, <a href=\"https:\/\/www.20minutes.fr\/dossier\/intelligence_artificielle\" class=\"color-ultramarine c-link\" rel=\"nofollow noopener\" target=\"_blank\">l\u2019IA <\/a>g\u00e9n\u00e9rative a elle aussi ses tics d\u2019\u00e9critures. Le plus connu d\u2019entre eux, <a href=\"https:\/\/siecledigital.fr\/2025\/05\/12\/ce-detail-typique-de-chatgpt-permet-de-savoir-si-vous-avez-utilise-chatgpt-et-voici-comment-leviter\/\" target=\"_blank\" class=\"color-ultramarine c-link\" rel=\"nofollow noopener\">le tiret cadratin<\/a> et son petit fr\u00e8re le demi-cadratin, dont l\u2019usage est peu courant au quotidien, se glissent dans presque tous ses textes. Mais ce n\u2019est pas son seul clich\u00e9 d\u2019\u00e9criture\u00a0: \u00ab\u00a0Ce qui saute aux yeux, c\u2019est la ponctuation\u00a0\u00bb, explique Sophie Vignoles, linguiste et cheffe de la production de contenu d\u2019apprentissage chez Babbel. \u00ab\u00a0Elle est trop parfaite, presque clinique. Le vocabulaire reste tr\u00e8s lisse, sans surprise, sans prise de risque\u00a0\u00bb, poursuit-elle. Seulement, vous vous doutez bien que dans la<a href=\"https:\/\/www.20minutes.fr\/vie-pro\/\" class=\"color-ultramarine c-link\" rel=\"nofollow noopener\" target=\"_blank\"> vie pro<\/a>, les recruteurs n\u2019en sont pas dupes.<\/p>\n<p>Un tiret qui en dit long<\/p>\n<p>Le tiret cadratin sert \u00e0 marquer une pause plus forte qu\u2019une virgule, sans pour autant interrompre la phrase. Il permet d\u2019ajouter une pr\u00e9cision ou de souligner un retournement d\u2019id\u00e9e. Pour la linguiste, le chatbot le place d\u00e8s qu\u2019il le peut dans ses textes car il \u00ab\u00a0coche toutes les cases de ce qu\u2019elle a appris \u00e0 consid\u00e9rer comme un bon outil d\u2019\u00e9criture.\u00a0\u00bb<\/p>\n<p>L\u2019IA n\u2019invente rien, elle puise dans des quantit\u00e9s colossales de documents, souvent universitaires ou officiels. Forc\u00e9ment, le r\u00e9sultat manque de naturel\u00a0: \u00ab\u00a0Elle se forme en lisant des montagnes de textes, et beaucoup viennent de documents officiels, d\u2019encyclop\u00e9dies ou de supports p\u00e9dagogiques, c\u2019est-\u00e0-dire des \u00e9crits o\u00f9 la ponctuation est irr\u00e9prochable\u00a0\u00bb, explique Sophie Vignoles. C\u2019est donc peu \u00e9tonnant de voir l\u2019IA imiter ce style tr\u00e8s acad\u00e9mique \u00e0 force d\u2019\u00eatre plong\u00e9e dedans.<\/p>\n<p>Donner de sa propre mati\u00e8re<\/p>\n<p>La ponctuation n\u2019est pas le seul r\u00e9v\u00e9lateur de l\u2019IA. Au-del\u00e0 de l\u2019aspect purement formel, le contenu des textes qu\u2019elle g\u00e9n\u00e8re est lui aussi tr\u00e8s plat. Alors si vous tenez \u00e0 lui faire r\u00e9diger une candidature qui a de la substance, il faut la nourrir d\u2019informations. Pour Emeric Pag\u00e8s, consultant en strat\u00e9gie digitale et formateur aux outils IA, \u00ab\u00a0le robot conversationnel est comme un assistant\u00a0: plus je vais lui donner d\u2019\u00e9l\u00e9ments en amont, plus il sera capable de r\u00e9diger quelque chose de profond, avec du relief.\u00a0\u00bb<\/p>\n<p>Comprendre\u00a0: briefez-le comme vous le feriez avec un coll\u00e8gue. \u00ab\u00a0Si je lui dis juste \u00a0\u00bbr\u00e9dige une lettre de motivation pour un poste de chef de projet\u201d, \u00e7a n\u2019a aucun int\u00e9r\u00eat\u00a0\u00bb, indique Emeric Pag\u00e8s. \u00ab\u00a0Mais si je lui parle de mes comp\u00e9tences, de mon v\u00e9cu, l\u2019IA peut produire quelque chose de plus humanis\u00e9\u00a0\u00bb, poursuit-il. Si selon le formateur, l\u2019usage de l\u2019intelligence artificielle dans l\u2019environnement professionnel est \u00ab\u00a0de plus en plus d\u00e9complex\u00e9\u00a0\u00bb, pour l\u2019heure, les recruteurs font la moue. Les concernant, il vaut peut-\u00eatre mieux leur servir une virgule de travers qu\u2019un texte trop lisse.<\/p>\n","protected":false},"excerpt":{"rendered":"L\u2019IA devient un outil de travail de plus en plus sollicit\u00e9, mais une simple ponctuation suffit \u00e0 la&hellip;\n","protected":false},"author":2,"featured_media":225180,"comment_status":"","ping_status":"","sticky":false,"template":"","format":"standard","meta":{"footnotes":""},"categories":[2],"tags":[11,36405,1011,27,36404,3995,12,7099,5761],"class_list":{"0":"post-225179","1":"post","2":"type-post","3":"status-publish","4":"format-standard","5":"has-post-thumbnail","7":"category-actualites","8":"tag-actualites","9":"tag-curriculum-vitae-cv","10":"tag-fr","11":"tag-france","12":"tag-indeed","13":"tag-intelligence-artificielle-ia","14":"tag-news","15":"tag-recrutement","16":"tag-vie-pro"},"share_on_mastodon":{"url":"https:\/\/pubeurope.com\/@fr\/114793992982371015","error":""},"_links":{"self":[{"href":"https:\/\/www.europesays.com\/fr\/wp-json\/wp\/v2\/posts\/225179","targetHints":{"allow":["GET"]}}],"collection":[{"href":"https:\/\/www.europesays.com\/fr\/wp-json\/wp\/v2\/posts"}],"about":[{"href":"https:\/\/www.europesays.com\/fr\/wp-json\/wp\/v2\/types\/post"}],"author":[{"embeddable":true,"href":"https:\/\/www.europesays.com\/fr\/wp-json\/wp\/v2\/users\/2"}],"replies":[{"embeddable":true,"href":"https:\/\/www.europesays.com\/fr\/wp-json\/wp\/v2\/comments?post=225179"}],"version-history":[{"count":0,"href":"https:\/\/www.europesays.com\/fr\/wp-json\/wp\/v2\/posts\/225179\/revisions"}],"wp:featuredmedia":[{"embeddable":true,"href":"https:\/\/www.europesays.com\/fr\/wp-json\/wp\/v2\/media\/225180"}],"wp:attachment":[{"href":"https:\/\/www.europesays.com\/fr\/wp-json\/wp\/v2\/media?parent=225179"}],"wp:term":[{"taxonomy":"category","embeddable":true,"href":"https:\/\/www.europesays.com\/fr\/wp-json\/wp\/v2\/categories?post=225179"},{"taxonomy":"post_tag","embeddable":true,"href":"https:\/\/www.europesays.com\/fr\/wp-json\/wp\/v2\/tags?post=225179"}],"curies":[{"name":"wp","href":"https:\/\/api.w.org\/{rel}","templated":true}]}}