{"id":225181,"date":"2025-07-04T08:21:09","date_gmt":"2025-07-04T08:21:09","guid":{"rendered":"https:\/\/www.europesays.com\/fr\/225181\/"},"modified":"2025-07-04T08:21:09","modified_gmt":"2025-07-04T08:21:09","slug":"chambon-feugerolles-un-blesse-par-balle","status":"publish","type":"post","link":"https:\/\/www.europesays.com\/fr\/225181\/","title":{"rendered":"Chambon-Feugerolles : un bless\u00e9 par balle"},"content":{"rendered":"\n<p>Selon une information du<a href=\"https:\/\/c.leprogres.fr\/faits-divers-justice\/2025\/07\/03\/un-homme-de-22-ans-blesse-par-balle\" rel=\"noopener\" target=\"_blank\">\u00a0Progr\u00e8s<\/a>, qui nous a par la suite \u00e9t\u00e9 confirm\u00e9e, un homme de 22 ans s&rsquo;est fait tirer dessus ce jeudi 03 juillet 2025. Il se trouvait pr\u00e8s du centre de secours du Chambon-Feugerolles lorsqu&rsquo;il a \u00e9t\u00e9 bless\u00e9 \u00e0 la jambe. Pris en charge par les secours, il a ensuite \u00e9t\u00e9 transport\u00e9 \u00e0 l&rsquo;h\u00f4pital Nord. Une enqu\u00eate a \u00e9t\u00e9 ouverte pour comprendre pourquoi on lui a tir\u00e9 dessus, s&rsquo;il s&rsquo;agit ou non d&rsquo;un r\u00e8glement de compte.<\/p>\n","protected":false},"excerpt":{"rendered":"Selon une information du\u00a0Progr\u00e8s, qui nous a par la suite \u00e9t\u00e9 confirm\u00e9e, un homme de 22 ans s&rsquo;est&hellip;\n","protected":false},"author":2,"featured_media":134303,"comment_status":"","ping_status":"","sticky":false,"template":"","format":"standard","meta":{"footnotes":""},"categories":[9653],"tags":[1111,11,2430,6195,3916,23591,1777,674,6017,1011,27,12,36406,1072,25,4001,9805],"class_list":{"0":"post-225181","1":"post","2":"type-post","3":"status-publish","4":"format-standard","5":"has-post-thumbnail","7":"category-saint-etienne","8":"tag-actu","9":"tag-actualites","10":"tag-auvergne-rhone-alpes","11":"tag-balle","12":"tag-blesse","13":"tag-chambon-feugerolles","14":"tag-eu","15":"tag-europe","16":"tag-fait-divers","17":"tag-fr","18":"tag-france","19":"tag-news","20":"tag-pistolet","21":"tag-police","22":"tag-republique-francaise","23":"tag-saint-etienne","24":"tag-tir"},"share_on_mastodon":{"url":"https:\/\/pubeurope.com\/@fr\/114793996906315525","error":""},"_links":{"self":[{"href":"https:\/\/www.europesays.com\/fr\/wp-json\/wp\/v2\/posts\/225181","targetHints":{"allow":["GET"]}}],"collection":[{"href":"https:\/\/www.europesays.com\/fr\/wp-json\/wp\/v2\/posts"}],"about":[{"href":"https:\/\/www.europesays.com\/fr\/wp-json\/wp\/v2\/types\/post"}],"author":[{"embeddable":true,"href":"https:\/\/www.europesays.com\/fr\/wp-json\/wp\/v2\/users\/2"}],"replies":[{"embeddable":true,"href":"https:\/\/www.europesays.com\/fr\/wp-json\/wp\/v2\/comments?post=225181"}],"version-history":[{"count":0,"href":"https:\/\/www.europesays.com\/fr\/wp-json\/wp\/v2\/posts\/225181\/revisions"}],"wp:featuredmedia":[{"embeddable":true,"href":"https:\/\/www.europesays.com\/fr\/wp-json\/wp\/v2\/media\/134303"}],"wp:attachment":[{"href":"https:\/\/www.europesays.com\/fr\/wp-json\/wp\/v2\/media?parent=225181"}],"wp:term":[{"taxonomy":"category","embeddable":true,"href":"https:\/\/www.europesays.com\/fr\/wp-json\/wp\/v2\/categories?post=225181"},{"taxonomy":"post_tag","embeddable":true,"href":"https:\/\/www.europesays.com\/fr\/wp-json\/wp\/v2\/tags?post=225181"}],"curies":[{"name":"wp","href":"https:\/\/api.w.org\/{rel}","templated":true}]}}