{"id":225184,"date":"2025-07-04T08:23:11","date_gmt":"2025-07-04T08:23:11","guid":{"rendered":"https:\/\/www.europesays.com\/fr\/225184\/"},"modified":"2025-07-04T08:23:11","modified_gmt":"2025-07-04T08:23:11","slug":"bac-2025-a-quelle-heure-sont-publies-les-resultats-du-baccalaureat-nancy-metz-besancon-les-horaires","status":"publish","type":"post","link":"https:\/\/www.europesays.com\/fr\/225184\/","title":{"rendered":"Bac 2025. A quelle heure sont publi\u00e9s les r\u00e9sultats du baccalaur\u00e9at ? Nancy-Metz, Besan\u00e7on, les horaires"},"content":{"rendered":"<p>\u00ab\u00a0T\u2019as eu ton bac\u00a0?\u00a0\u00bb, \u00ab\u00a0Bravo pour ta mention\u00a0\u00bb, \u00ab Ne l\u00e2che pas, il y a les rattrapages\u00a0\u00bb. Voici quelques phrases qui seront r\u00e9p\u00e9t\u00e9es \u00e0 longueur de journ\u00e9e ce vendredi, grand jour des r\u00e9sultats du bac\u00a0!<\/p>\n<p>Apr\u00e8s quelques semaines d\u2019attente, les lyc\u00e9ens vont donc officiellement savoir s\u2019ils peuvent partir l\u2019esprit tranquille en vacances, ou s\u2019ils devront affronter les rattrapages la semaine prochaine.<\/p>\n<p>A quelle heure consulter les r\u00e9sultats en Lorraine et Franche-Comt\u00e9 ?<\/p>\n<p>En fonction des acad\u00e9mies, toutes les notes ne seront pas communiqu\u00e9es \u00e0 la m\u00eame heure.\u00a0<\/p>\n<p>En Franche-Comt\u00e9 (<strong>acad\u00e9mie de Besan\u00e7on<\/strong>), il faudra patienter jusqu&rsquo;\u00e0 <strong>12h30<\/strong> pour la publication des r\u00e9sultats. M\u00eame chose pour l&rsquo;<strong>acad\u00e9mie de Nancy-Metz<\/strong>, peu importe la fili\u00e8re ou la sp\u00e9cialit\u00e9. L&rsquo;horaire est le m\u00eame dans les acad\u00e9mies voisines que sont Strasbourg et Dijon.\u00a0<\/p>\n<p>Les lyc\u00e9ens de Lorraine et Franche-Comt\u00e9 ne seront pas les premiers \u00e0 \u00eatre fix\u00e9s sur leur sort.\u00a0Les premiers r\u00e9sultats officiels sont attendus \u00e0 7\u00a0heures (\u00e0 La R\u00e9union), et \u00e0 partir de 11h30 en M\u00e9tropole.<\/p>\n<p class=\"note\"><strong>Les horaires par acad\u00e9mie :<\/strong>\u00a0 Bordeaux, Poitiers, Rennes, Nantes, Limoges, Caen et Rouen \u00e0 partir de 11h30. Paris, Cr\u00e9teil, Versailles et Orl\u00e9ans-Tours\u00a0\u00e0 partir de 12h. Besan\u00e7on, Dijon, Amiens, Lille, Nancy-Metz, Reims et Strasbourg \u00e0 partir de 12h30. Aix-Marseille, Clermont-Ferrand, Corse, Grenoble, Lyon, Nice et Toulouse\u00a0\u00e0 partir de 13h.<\/p>\n<p>  Comment seront communiqu\u00e9s les r\u00e9sultats ?<\/p>\n<ul>\n<li>Se rendre dans son lyc\u00e9e est la mani\u00e8re \u00ab\u00a0traditionnelle\u00a0\u00bb d&rsquo;obtenir ses r\u00e9sultats, et de partager ce moment d&rsquo;\u00e9motion avec ses camarades de classe.<\/li>\n<li>Il est \u00e9galement possible de consulter les r\u00e9sultats <a href=\"https:\/\/www.education.gouv.fr\/reussir-au-lycee\/les-resultats-du-baccalaureat-1124\" target=\"_blank\" rel=\"noopener\">directement en ligne<\/a>, \u00e0 l&rsquo;heure de publication annonc\u00e9e ci-dessus.<\/li>\n<\/ul>\n<p>Pour cette \u00e9dition, 720 806 candidats \u00e9taient inscrits, dont plus de la moiti\u00e9 pour le bac g\u00e9n\u00e9ral (386 135 \u00e9l\u00e8ves), 145 930 pour le bac technologique et 188 741 pour le bac professionnel.<\/p>\n","protected":false},"excerpt":{"rendered":"\u00ab\u00a0T\u2019as eu ton bac\u00a0?\u00a0\u00bb, \u00ab\u00a0Bravo pour ta mention\u00a0\u00bb, \u00ab Ne l\u00e2che pas, il y a les rattrapages\u00a0\u00bb. Voici&hellip;\n","protected":false},"author":2,"featured_media":225185,"comment_status":"","ping_status":"","sticky":false,"template":"","format":"standard","meta":{"footnotes":""},"categories":[9635],"tags":[1111,11,15834,4141,14238,5598,1057,1777,674,107,1011,27,775,6212,5599,1702,12,3456,25],"class_list":{"0":"post-225184","1":"post","2":"type-post","3":"status-publish","4":"format-standard","5":"has-post-thumbnail","7":"category-nancy","8":"tag-actu","9":"tag-actualites","10":"tag-edition-briey","11":"tag-edition-forbach","12":"tag-edition-longwy","13":"tag-edition-metz-et-agglomeration","14":"tag-education","15":"tag-eu","16":"tag-europe","17":"tag-fil-info","18":"tag-fr","19":"tag-france","20":"tag-grand-est","21":"tag-metz","22":"tag-moselle","23":"tag-nancy","24":"tag-news","25":"tag-region-lorraine","26":"tag-republique-francaise"},"share_on_mastodon":{"url":"https:\/\/pubeurope.com\/@fr\/114794004668480361","error":""},"_links":{"self":[{"href":"https:\/\/www.europesays.com\/fr\/wp-json\/wp\/v2\/posts\/225184","targetHints":{"allow":["GET"]}}],"collection":[{"href":"https:\/\/www.europesays.com\/fr\/wp-json\/wp\/v2\/posts"}],"about":[{"href":"https:\/\/www.europesays.com\/fr\/wp-json\/wp\/v2\/types\/post"}],"author":[{"embeddable":true,"href":"https:\/\/www.europesays.com\/fr\/wp-json\/wp\/v2\/users\/2"}],"replies":[{"embeddable":true,"href":"https:\/\/www.europesays.com\/fr\/wp-json\/wp\/v2\/comments?post=225184"}],"version-history":[{"count":0,"href":"https:\/\/www.europesays.com\/fr\/wp-json\/wp\/v2\/posts\/225184\/revisions"}],"wp:featuredmedia":[{"embeddable":true,"href":"https:\/\/www.europesays.com\/fr\/wp-json\/wp\/v2\/media\/225185"}],"wp:attachment":[{"href":"https:\/\/www.europesays.com\/fr\/wp-json\/wp\/v2\/media?parent=225184"}],"wp:term":[{"taxonomy":"category","embeddable":true,"href":"https:\/\/www.europesays.com\/fr\/wp-json\/wp\/v2\/categories?post=225184"},{"taxonomy":"post_tag","embeddable":true,"href":"https:\/\/www.europesays.com\/fr\/wp-json\/wp\/v2\/tags?post=225184"}],"curies":[{"name":"wp","href":"https:\/\/api.w.org\/{rel}","templated":true}]}}