{"id":225196,"date":"2025-07-04T08:30:11","date_gmt":"2025-07-04T08:30:11","guid":{"rendered":"https:\/\/www.europesays.com\/fr\/225196\/"},"modified":"2025-07-04T08:30:11","modified_gmt":"2025-07-04T08:30:11","slug":"mounsesse-quitte-lol-et-rejoint-quevilly-rouen","status":"publish","type":"post","link":"https:\/\/www.europesays.com\/fr\/225196\/","title":{"rendered":"Mounsesse quitte l\u2019OL et rejoint Quevilly-Rouen"},"content":{"rendered":"<p>                            <img width=\"770\" height=\"433\" src=\"https:\/\/www.europesays.com\/fr\/wp-content\/uploads\/2025\/07\/Capture-decran-2025-05-08-a-08.16.57-e1748257398772-770x433.jpg\" class=\"attachment-article size-article wp-post-image\" alt=\"Yacine Cha\u00efb et J\u00e9r\u00e9my Mounsesse lors de Nottingham - OL\" decoding=\"async\" fetchpriority=\"high\"  \/><\/p>\n<p>Yacine Cha\u00efb et J\u00e9r\u00e9my Mounsesse lors de Nottingham \u2013 OL (@NFFCAcademy)<\/p>\n<p>Apr\u00e8s avoir sign\u00e9 son premier contrat pro avec l\u2019OL, J\u00e9r\u00e9my Mounsesse va lancer sa carri\u00e8re professionnelle en Normandie. Le d\u00e9fenseur s\u2019est engag\u00e9 avec Quevilly-Rouen en National.<\/p>\n<p>Jeudi, l\u2019OL a officialis\u00e9 les signatures professionnelles de\u00a0<a href=\"https:\/\/www.olympique-et-lyonnais.com\/ol-les-gardiens-yvann-konan-et-matthias-da-silva-passent-professionnels,369251.html\" rel=\"nofollow noopener\" target=\"_blank\">deux jeunes gardiens\u00a0<\/a>de la g\u00e9n\u00e9ration 2007 avec Yvann\u00a0<strong>Konan<\/strong>et Matthias\u00a0<strong>Da Silva<\/strong>. Deux portiers qui\u00a0\u00ab\u00a0vivent un r\u00eave\u00a0\u00bb\u00a0de pouvoir porter le maillot lyonnais en pros. Il en faudra plus pour r\u00e9ussir \u00e0 grimper dans la hi\u00e9rarchie. Cette chance, J\u00e9r\u00e9my\u00a0<strong>Mounsesse<\/strong>\u00a0ne l\u2019aura pas, quoi qu\u2019il arrive. Vainqueur de la Coupe Gambardella en 2022, le d\u00e9fenseur central a choisi de mettre les voiles pour lancer sa carri\u00e8re professionnelle. \u00c0 19 ans, il vient de s\u2019engager avec\u00a0<strong>Quevilly-Rouen M\u00e9tropole<\/strong>\u00a0en National.<\/p>\n<p>23 matchs en National 3 la saison pass\u00e9e<\/p>\n<p>En Normandie, il retrouve Kayne\u00a0<strong>Bonnevie<\/strong>\u00a0qui \u00e9volue depuis deux saisons avec la formation de David\u00a0<strong>Carr\u00e9<\/strong>. Homme fort de la charni\u00e8re centrale de Gue\u00efda\u00a0<strong>Fofana<\/strong>\u00a0en National 3 avec 23 matchs disput\u00e9s sur 26 la saison pass\u00e9e avec la r\u00e9serve, J\u00e9r\u00e9my\u00a0<strong>Mounsesse<\/strong>\u00a0aurait malgr\u00e9 tout sign\u00e9 son premier contrat professionnel avec l\u2019<strong>OL<\/strong>\u00a0avant de s\u2019envoler vers QRM. De quoi assurer quelques deniers suppl\u00e9mentaires pour le club lyonnais dans les ann\u00e9es \u00e0 venir ?<\/p>\n<p>\t\t\t\t\t<a href=\"https:\/\/www.olympique-et-lyonnais.com\/fonseca-ol-rend-hommage-a-son-ancien-joueur-diogo-jota,369223.html\" title=\"Fonseca (OL) rend hommage \u00e0 son ancien joueur Diogo Jota\" rel=\"nofollow noopener\" target=\"_blank\"><img loading=\"lazy\" width=\"580\" height=\"326\" src=\"https:\/\/www.europesays.com\/fr\/wp-content\/uploads\/2025\/07\/AFP__20250306__DPPI_40425055_001__v1__HighRes__FootballEuropaLeagueFcsbVLyon-580x326.jpg\" class=\"attachment-actularge size-actularge wp-post-image\" alt=\"Paulo Fonseca lors de FCSB - OL \u00e0 Bucarest en Ligue Europa\" decoding=\"async\"  \/>\t\t\t\t\t<\/a><\/p>\n","protected":false},"excerpt":{"rendered":"Yacine Cha\u00efb et J\u00e9r\u00e9my Mounsesse lors de Nottingham \u2013 OL (@NFFCAcademy) Apr\u00e8s avoir sign\u00e9 son premier contrat pro&hellip;\n","protected":false},"author":2,"featured_media":225197,"comment_status":"","ping_status":"","sticky":false,"template":"","format":"standard","meta":{"footnotes":""},"categories":[9587],"tags":[1111,11,1777,674,1011,27,1434,12,5161,241,978,25,9590],"class_list":{"0":"post-225196","1":"post","2":"type-post","3":"status-publish","4":"format-standard","5":"has-post-thumbnail","7":"category-rouen","8":"tag-actu","9":"tag-actualites","10":"tag-eu","11":"tag-europe","12":"tag-fr","13":"tag-france","14":"tag-mercato","15":"tag-news","16":"tag-normandie","17":"tag-ol","18":"tag-olympique-lyonnais","19":"tag-republique-francaise","20":"tag-rouen"},"share_on_mastodon":{"url":"https:\/\/pubeurope.com\/@fr\/114794032346919530","error":""},"_links":{"self":[{"href":"https:\/\/www.europesays.com\/fr\/wp-json\/wp\/v2\/posts\/225196","targetHints":{"allow":["GET"]}}],"collection":[{"href":"https:\/\/www.europesays.com\/fr\/wp-json\/wp\/v2\/posts"}],"about":[{"href":"https:\/\/www.europesays.com\/fr\/wp-json\/wp\/v2\/types\/post"}],"author":[{"embeddable":true,"href":"https:\/\/www.europesays.com\/fr\/wp-json\/wp\/v2\/users\/2"}],"replies":[{"embeddable":true,"href":"https:\/\/www.europesays.com\/fr\/wp-json\/wp\/v2\/comments?post=225196"}],"version-history":[{"count":0,"href":"https:\/\/www.europesays.com\/fr\/wp-json\/wp\/v2\/posts\/225196\/revisions"}],"wp:featuredmedia":[{"embeddable":true,"href":"https:\/\/www.europesays.com\/fr\/wp-json\/wp\/v2\/media\/225197"}],"wp:attachment":[{"href":"https:\/\/www.europesays.com\/fr\/wp-json\/wp\/v2\/media?parent=225196"}],"wp:term":[{"taxonomy":"category","embeddable":true,"href":"https:\/\/www.europesays.com\/fr\/wp-json\/wp\/v2\/categories?post=225196"},{"taxonomy":"post_tag","embeddable":true,"href":"https:\/\/www.europesays.com\/fr\/wp-json\/wp\/v2\/tags?post=225196"}],"curies":[{"name":"wp","href":"https:\/\/api.w.org\/{rel}","templated":true}]}}