{"id":225198,"date":"2025-07-04T08:31:09","date_gmt":"2025-07-04T08:31:09","guid":{"rendered":"https:\/\/www.europesays.com\/fr\/225198\/"},"modified":"2025-07-04T08:31:09","modified_gmt":"2025-07-04T08:31:09","slug":"voici-les-resultats-dans-lacademie-de-grenoble","status":"publish","type":"post","link":"https:\/\/www.europesays.com\/fr\/225198\/","title":{"rendered":"voici les r\u00e9sultats dans l&rsquo;acad\u00e9mie de Grenoble"},"content":{"rendered":"<p>            Par<br \/>\n        <strong><br \/>\n            <a href=\"https:\/\/actu.fr\/auteur\/lisa-rodrigues\" title=\"Consulter tous les articles de Lisa Rodrigues\" target=\"_blank\" rel=\"noopener\">Lisa Rodrigues<\/a><br \/>\n        <\/strong><\/p>\n<p>        Publi\u00e9 le<\/p>\n<p>            4 juil. 2025 \u00e0 10h13        <\/p>\n<p>C\u2019est le grand jour pour les <strong>724\u2009633 candidats<\/strong> comptabilis\u00e9s par l\u2019\u00c9ducation nationale pour cette session 2025. Ce vendredi 4 juillet, ils sauront s\u2019ils ont d\u00e9croch\u00e9 le pr\u00e9cieux s\u00e9same.<\/p>\n<p class=\" wall-content\">Chaque acad\u00e9mie publiant les r\u00e9sultats de la premi\u00e8re session du bac \u00e0 des heures diff\u00e9rentes, voici ce qu\u2019il faut savoir pour celle de <a href=\"https:\/\/actu.fr\/auvergne-rhone-alpes\/grenoble_38185\" target=\"_blank\" rel=\"noopener\">Grenoble<\/a>.<\/p>\n<p>Rendez-vous \u00e0 13 heures\u00a0<\/p>\n<p class=\" wall-content\">Pour l\u2019ensemble des candidats au baccalaur\u00e9at g\u00e9n\u00e9ral, technologique et professionnel, les r\u00e9sultats seront disponibles <strong>d\u00e8s 13 heures ce vendredi apr\u00e8s-midi<\/strong> en ligne sur le site d\u00e9di\u00e9 de l\u2019\u00c9ducation nationale.<\/p>\n<p class=\" wall-content\">Vous pouvez aussi les retrouver via notre moteur de recherche sp\u00e9cialement cr\u00e9\u00e9 pour l\u2019occasion : <a href=\"https:\/\/examens.actu.fr\/\" target=\"_blank\" rel=\"noopener\">examens.actu.fr<\/a><\/p>\n<p class=\" wall-content\">Y seront renseign\u00e9s les r\u00e9sultats de l\u2019ensemble des lyc\u00e9ens des d\u00e9partements de l\u2019<a href=\"https:\/\/actu.fr\/auvergne-rhone-alpes\/isere_38\" target=\"_blank\" rel=\"noopener\">Is\u00e8re<\/a>, de la Dr\u00f4me, de l\u2019Ard\u00e8che, de la <a href=\"https:\/\/actu.fr\/savoie\/\" target=\"_blank\" rel=\"noopener\">Savoie<\/a> et de la Haute-Savoie qui composent l\u2019acad\u00e9mie de Grenoble.<\/p>\n<p>Vid\u00e9os : en ce moment sur ActuEncore un peu de patience pour les \u00e9preuves de fran\u00e7ais et le brevet\u00a0<\/p>\n<p class=\" wall-content\">Pour les \u00e9l\u00e8ves de premi\u00e8re de l\u2019acad\u00e9mie de Grenoble ayant pass\u00e9 les \u00e9preuves anticip\u00e9es de fran\u00e7ais, il faudra attendre <strong>mercredi 9 juillet \u00e0 17 heures<\/strong> pour conna\u00eetre leurs r\u00e9sultats.<\/p>\n<p class=\" wall-content\">Concernant le brevet des coll\u00e8ges, la publication des r\u00e9sultats est \u00e9galement attendue mercredi prochain \u00e0 17 heures.<\/p>\n<p class=\" wall-content\">Suivez toute l\u2019actualit\u00e9 de vos villes et m\u00e9dias favoris en vous inscrivant \u00e0 <a href=\"https:\/\/moncompte.actu.fr\" title=\"D\u00e9couvez Mon Actu\" rel=\"nofollow noopener\" data-trk=\"{&quot;cta&quot;:{&quot;action&quot;:&quot;https:\\\/\\\/moncompte.actu.fr&quot;,&quot;category&quot;:&quot;mon compte&quot;,&quot;from&quot;:&quot;article footer&quot;,&quot;name&quot;:&quot;Mon actu&quot;,&quot;type&quot;:&quot;cta&quot;}}\" target=\"_blank\">Mon Actu<\/a>.<\/p>\n","protected":false},"excerpt":{"rendered":"Par Lisa Rodrigues Publi\u00e9 le 4 juil. 2025 \u00e0 10h13 C\u2019est le grand jour pour les 724\u2009633 candidats&hellip;\n","protected":false},"author":2,"featured_media":225199,"comment_status":"","ping_status":"","sticky":false,"template":"","format":"standard","meta":{"footnotes":""},"categories":[9566],"tags":[1111,11,2430,3867,1057,1777,674,1011,27,2731,12,25,104],"class_list":{"0":"post-225198","1":"post","2":"type-post","3":"status-publish","4":"format-standard","5":"has-post-thumbnail","7":"category-grenoble","8":"tag-actu","9":"tag-actualites","10":"tag-auvergne-rhone-alpes","11":"tag-baccalaureat","12":"tag-education","13":"tag-eu","14":"tag-europe","15":"tag-fr","16":"tag-france","17":"tag-grenoble","18":"tag-news","19":"tag-republique-francaise","20":"tag-societe"},"share_on_mastodon":{"url":"https:\/\/pubeurope.com\/@fr\/114794036224720676","error":""},"_links":{"self":[{"href":"https:\/\/www.europesays.com\/fr\/wp-json\/wp\/v2\/posts\/225198","targetHints":{"allow":["GET"]}}],"collection":[{"href":"https:\/\/www.europesays.com\/fr\/wp-json\/wp\/v2\/posts"}],"about":[{"href":"https:\/\/www.europesays.com\/fr\/wp-json\/wp\/v2\/types\/post"}],"author":[{"embeddable":true,"href":"https:\/\/www.europesays.com\/fr\/wp-json\/wp\/v2\/users\/2"}],"replies":[{"embeddable":true,"href":"https:\/\/www.europesays.com\/fr\/wp-json\/wp\/v2\/comments?post=225198"}],"version-history":[{"count":0,"href":"https:\/\/www.europesays.com\/fr\/wp-json\/wp\/v2\/posts\/225198\/revisions"}],"wp:featuredmedia":[{"embeddable":true,"href":"https:\/\/www.europesays.com\/fr\/wp-json\/wp\/v2\/media\/225199"}],"wp:attachment":[{"href":"https:\/\/www.europesays.com\/fr\/wp-json\/wp\/v2\/media?parent=225198"}],"wp:term":[{"taxonomy":"category","embeddable":true,"href":"https:\/\/www.europesays.com\/fr\/wp-json\/wp\/v2\/categories?post=225198"},{"taxonomy":"post_tag","embeddable":true,"href":"https:\/\/www.europesays.com\/fr\/wp-json\/wp\/v2\/tags?post=225198"}],"curies":[{"name":"wp","href":"https:\/\/api.w.org\/{rel}","templated":true}]}}