{"id":225200,"date":"2025-07-04T08:32:12","date_gmt":"2025-07-04T08:32:12","guid":{"rendered":"https:\/\/www.europesays.com\/fr\/225200\/"},"modified":"2025-07-04T08:32:12","modified_gmt":"2025-07-04T08:32:12","slug":"grenoble-a-trottinette-il-fonce-volontairement-sur-un-crs-dans-le-quartier-mistral","status":"publish","type":"post","link":"https:\/\/www.europesays.com\/fr\/225200\/","title":{"rendered":"Grenoble. \u00c0 trottinette, il fonce volontairement sur un CRS dans le quartier Mistral"},"content":{"rendered":"<p>Un policier de la CRS actuellement en mission de s\u00e9curisation dans le quartier Mistral \u00e0 Grenoble, r\u00e9put\u00e9 \u00eatre un important lieu de deal, a \u00e9t\u00e9 bless\u00e9 aux deux genoux apr\u00e8s avoir \u00e9t\u00e9 violemment heurt\u00e9 par un homme circulant sur une trottinette \u00e9lectrique, ce jeudi 3\u00a0juillet en fin d\u2019apr\u00e8s-midi.<\/p>\n<p>Les faits se sont produits peu apr\u00e8s 17 heures \u00e0 l\u2019angle de l\u2019avenue Rhin-et-Danube et de la rue Anatole-France.<\/p>\n<p>Ce contenu est bloqu\u00e9 car vous n&rsquo;avez pas accept\u00e9 les cookies et autres traceurs.<\/p>\n<p>En cliquant sur \u00ab J\u2019accepte \u00bb, les cookies et autres traceurs seront d\u00e9pos\u00e9s et vous pourrez visualiser les contenus  (<a href=\"\" class=\"consentModule_policy\" target=\"_blank\" title=\"Consulter la politique de protection des donn\u00e9es du fournisseur\">plus d&rsquo;informations<\/a>).<\/p>\n<p>En cliquant sur \u00ab J\u2019accepte tous les cookies \u00bb, vous autorisez des d\u00e9p\u00f4ts de cookies et autres traceurs pour le stockage de vos donn\u00e9es sur nos sites et applications \u00e0 des fins de personnalisation et de ciblage publicitaire.<\/p>\n<p class=\"consentModule_secondaryText\">Vous gardez la possibilit\u00e9 de retirer votre consentement \u00e0 tout moment en consultant notre <a href=\"https:\/\/www.ledauphine.com\/protection-des-donnees\" target=\"_blank\" title=\"Consulter notre politique de protection des donn\u00e9es\" rel=\"nofollow noopener\">politique de protection des donn\u00e9es<\/a>. <br \/>&#13;<br \/>\n            <a href=\"https:\/\/www.ledauphine.com\/faits-divers-justice\/2025\/07\/04\/javascript:Didomi.notice.show()\" class=\"consentModule_cmp\" rel=\"nofollow noopener\" target=\"_blank\">G\u00e9rer mes choix<\/a>&#13;\n        <\/p>\n<p>&#13;<br \/>\n                        J&rsquo;accepte&#13;<br \/>\n            J&rsquo;accepte tous les cookies&#13;\n        <\/p>\n<p>Selon la direction interd\u00e9partementale de la police nationale (DIPN), le trottinettiste a volontairement percut\u00e9 le fonctionnaire de police en lui fon\u00e7ant dessus pour \u00e9chapper \u00e0 un contr\u00f4le avant de prendre la fuite.<\/p>\n<p>Mais il a rapidement pu \u00eatre rattrap\u00e9 et interpell\u00e9. \u00c2g\u00e9 de 24 ans et d\u00e9j\u00e0 d\u00e9favorablement connu des services de police, il a \u00e9t\u00e9 remis aux policiers grenoblois et plac\u00e9 en garde \u00e0 vue tandis que le CRS bless\u00e9 \u00e9tait conduit \u00e0 l\u2019h\u00f4pital sud d\u2019\u00c9chirolles pour recevoir des soins.<\/p>\n","protected":false},"excerpt":{"rendered":"Un policier de la CRS actuellement en mission de s\u00e9curisation dans le quartier Mistral \u00e0 Grenoble, r\u00e9put\u00e9 \u00eatre&hellip;\n","protected":false},"author":2,"featured_media":225201,"comment_status":"","ping_status":"","sticky":false,"template":"","format":"standard","meta":{"footnotes":""},"categories":[9566],"tags":[1111,11,2430,271,272,112,1777,674,274,107,1011,27,2731,2732,108,12,25],"class_list":{"0":"post-225200","1":"post","2":"type-post","3":"status-publish","4":"format-standard","5":"has-post-thumbnail","7":"category-grenoble","8":"tag-actu","9":"tag-actualites","10":"tag-auvergne-rhone-alpes","11":"tag-crime","12":"tag-delit-et-contravention","13":"tag-edition-grenoble-agglomeration","14":"tag-eu","15":"tag-europe","16":"tag-faits-divers-justice","17":"tag-fil-info","18":"tag-fr","19":"tag-france","20":"tag-grenoble","21":"tag-grenoble-bassin","22":"tag-isere","23":"tag-news","24":"tag-republique-francaise"},"share_on_mastodon":{"url":"https:\/\/pubeurope.com\/@fr\/114794040077082386","error":""},"_links":{"self":[{"href":"https:\/\/www.europesays.com\/fr\/wp-json\/wp\/v2\/posts\/225200","targetHints":{"allow":["GET"]}}],"collection":[{"href":"https:\/\/www.europesays.com\/fr\/wp-json\/wp\/v2\/posts"}],"about":[{"href":"https:\/\/www.europesays.com\/fr\/wp-json\/wp\/v2\/types\/post"}],"author":[{"embeddable":true,"href":"https:\/\/www.europesays.com\/fr\/wp-json\/wp\/v2\/users\/2"}],"replies":[{"embeddable":true,"href":"https:\/\/www.europesays.com\/fr\/wp-json\/wp\/v2\/comments?post=225200"}],"version-history":[{"count":0,"href":"https:\/\/www.europesays.com\/fr\/wp-json\/wp\/v2\/posts\/225200\/revisions"}],"wp:featuredmedia":[{"embeddable":true,"href":"https:\/\/www.europesays.com\/fr\/wp-json\/wp\/v2\/media\/225201"}],"wp:attachment":[{"href":"https:\/\/www.europesays.com\/fr\/wp-json\/wp\/v2\/media?parent=225200"}],"wp:term":[{"taxonomy":"category","embeddable":true,"href":"https:\/\/www.europesays.com\/fr\/wp-json\/wp\/v2\/categories?post=225200"},{"taxonomy":"post_tag","embeddable":true,"href":"https:\/\/www.europesays.com\/fr\/wp-json\/wp\/v2\/tags?post=225200"}],"curies":[{"name":"wp","href":"https:\/\/api.w.org\/{rel}","templated":true}]}}