{"id":225206,"date":"2025-07-04T08:35:10","date_gmt":"2025-07-04T08:35:10","guid":{"rendered":"https:\/\/www.europesays.com\/fr\/225206\/"},"modified":"2025-07-04T08:35:10","modified_gmt":"2025-07-04T08:35:10","slug":"strasbourg-lacademie-rhenane","status":"publish","type":"post","link":"https:\/\/www.europesays.com\/fr\/225206\/","title":{"rendered":"Strasbourg. L\u2019Acad\u00e9mie rh\u00e9nane"},"content":{"rendered":"<p>Dans le cadre de la remise des prix de l\u2019Acad\u00e9mie rh\u00e9nane, le journaliste et \u00e9crivain Ambroise Perrin a propos\u00e9 une conf\u00e9rence originale intitul\u00e9e \u00ab\u00a0Pourquoi Flaubert n\u2019a pas invent\u00e9 le cin\u00e9ma\u00a0?\u00a0\u00bb. Ambroise Perrin, grand lecteur de Flaubert, a entrepris devant un auditoire conquis un parall\u00e8le entre les textes de l\u2019\u00e9crivain et les sc\u00e9narios de films de M\u00e9li\u00e8s dont les d\u00e9coupages \u00ab\u00a0plan long, plan court\u00a0\u00bb trouvent des \u00e9chos dans \u00ab\u00a0la phrase longue, la phrase courte\u00a0\u00bb, notamment dans l\u2019\u00e9criture de Madame Bovary.<\/p>\n<p>La magnificence des \u0153uvres de Pauline Dubost<\/p>\n<p>Le prix de litt\u00e9rature, remis par&#8230;<\/p>\n","protected":false},"excerpt":{"rendered":"Dans le cadre de la remise des prix de l\u2019Acad\u00e9mie rh\u00e9nane, le journaliste et \u00e9crivain Ambroise Perrin a&hellip;\n","protected":false},"author":2,"featured_media":225207,"comment_status":"","ping_status":"","sticky":false,"template":"","format":"standard","meta":{"footnotes":""},"categories":[2820],"tags":[1111,11,1687,1777,674,107,1011,27,775,12,2661,25,640],"class_list":{"0":"post-225206","1":"post","2":"type-post","3":"status-publish","4":"format-standard","5":"has-post-thumbnail","7":"category-strasbourg","8":"tag-actu","9":"tag-actualites","10":"tag-culture-loisirs","11":"tag-eu","12":"tag-europe","13":"tag-fil-info","14":"tag-fr","15":"tag-france","16":"tag-grand-est","17":"tag-news","18":"tag-patrimoine-culturel","19":"tag-republique-francaise","20":"tag-strasbourg"},"share_on_mastodon":{"url":"https:\/\/pubeurope.com\/@fr\/114794051910377699","error":""},"_links":{"self":[{"href":"https:\/\/www.europesays.com\/fr\/wp-json\/wp\/v2\/posts\/225206","targetHints":{"allow":["GET"]}}],"collection":[{"href":"https:\/\/www.europesays.com\/fr\/wp-json\/wp\/v2\/posts"}],"about":[{"href":"https:\/\/www.europesays.com\/fr\/wp-json\/wp\/v2\/types\/post"}],"author":[{"embeddable":true,"href":"https:\/\/www.europesays.com\/fr\/wp-json\/wp\/v2\/users\/2"}],"replies":[{"embeddable":true,"href":"https:\/\/www.europesays.com\/fr\/wp-json\/wp\/v2\/comments?post=225206"}],"version-history":[{"count":0,"href":"https:\/\/www.europesays.com\/fr\/wp-json\/wp\/v2\/posts\/225206\/revisions"}],"wp:featuredmedia":[{"embeddable":true,"href":"https:\/\/www.europesays.com\/fr\/wp-json\/wp\/v2\/media\/225207"}],"wp:attachment":[{"href":"https:\/\/www.europesays.com\/fr\/wp-json\/wp\/v2\/media?parent=225206"}],"wp:term":[{"taxonomy":"category","embeddable":true,"href":"https:\/\/www.europesays.com\/fr\/wp-json\/wp\/v2\/categories?post=225206"},{"taxonomy":"post_tag","embeddable":true,"href":"https:\/\/www.europesays.com\/fr\/wp-json\/wp\/v2\/tags?post=225206"}],"curies":[{"name":"wp","href":"https:\/\/api.w.org\/{rel}","templated":true}]}}