{"id":225208,"date":"2025-07-04T08:36:09","date_gmt":"2025-07-04T08:36:09","guid":{"rendered":"https:\/\/www.europesays.com\/fr\/225208\/"},"modified":"2025-07-04T08:36:09","modified_gmt":"2025-07-04T08:36:09","slug":"jeanne-barseghian-maire-de-strasbourg-candidate-a-sa-reelection","status":"publish","type":"post","link":"https:\/\/www.europesays.com\/fr\/225208\/","title":{"rendered":"Jeanne Barseghian, maire de Strasbourg, candidate \u00e0 sa r\u00e9\u00e9lection"},"content":{"rendered":"<p>            Par<br \/>\n        <strong><br \/>\n            <a href=\"https:\/\/actu.fr\/auteur\/ivan-capecchi\" title=\"Consulter tous les articles de Ivan CAPECCHI\" target=\"_blank\" rel=\"noopener\">Ivan CAPECCHI<\/a><br \/>\n        <\/strong><\/p>\n<p>        Publi\u00e9 le<\/p>\n<p>            4 juil. 2025 \u00e0 10h14        <\/p>\n<p>Jeudi 3 juillet 2025, lors d\u2019une r\u00e9union en pr\u00e9sence de soutiens politiques, <a href=\"https:\/\/actu.fr\/tag\/jeanne-barseghian\" target=\"_blank\" rel=\"noopener\">Jeanne Barseghian<\/a>, maire Les Ecologistes, a annonc\u00e9 \u00eatre candidate \u00e0 sa r\u00e9\u00e9lection lors des <a href=\"https:\/\/actu.fr\/tag\/municipales-2026\" target=\"_blank\" rel=\"noopener\">\u00e9lections municipales de 2026<\/a>.<\/p>\n<p>\u00ab\u00a0Jeanne Barseghian sera au rendez-vous en 2026\u00a0\u00bb<\/p>\n<p class=\" wall-content\">\u00ab\u00a0A l\u2019heure du [retour de b\u00e2ton conservateur] contre les \u00e9colos, alors m\u00eame que la situation s\u2019aggrave \u2013 la <strong>canicule<\/strong> qui vient de s\u2019abattre sur la France en est la derni\u00e8re illustration \u2013 toutes les forces en pr\u00e9sence lors de cette r\u00e9union ont dit <strong>leur envie de continuer ensemble<\/strong>\u00ab\u00a0, t\u00e9moigne-t-on dans l\u2019entourage de la maire.\u00a0<\/p>\n<p class=\" wall-content\">\u00ab\u00a0La maire a dit <strong>qu\u2019elle serait au rendez-vous en 2026<\/strong> pour porter un projet, mais elle a aussi clairement dit que <strong>\u00e7a n\u2019\u00e9tait pas le d\u00e9but de la campagne<\/strong>\u00ab\u00a0, nous souffle-t-on.\u00a0<\/p>\n<p>L\u2019opposition r\u00e9agit \u00e0 l\u2019annonce de candidature<\/p>\n<p class=\" wall-content\">\u00ab\u00a0Je me f\u00e9licite, pour la clart\u00e9 du d\u00e9bat d\u00e9mocratique, que la maire sortante assume et porte elle-m\u00eame <strong>son lourd passif face aux Strasbourgeoises et aux Strasbourgeois<\/strong>. Un bilan qui aura d\u00e9grad\u00e9 le vivre ensemble, la qualit\u00e9 et le cadre de vie, la solidarit\u00e9 et la s\u00e9curit\u00e9, le rayonnement et l\u2019attractivit\u00e9 de Strasbourg\u00a0\u00bb, a r\u00e9agit Pierre Jakubowicz, conseiller municipal d\u2019opposition (Horizons), lui aussi engag\u00e9 dans la course pour 2026.\u00a0<\/p>\n<p>Vid\u00e9os : en ce moment sur Actu<\/p>\n<p class=\" wall-content\">\u00ab\u00a0En annon\u00e7ant sa candidature, la maire de Strasbourg offre aux Strasbourgeois l\u2019occasion d\u2019exprimer, par les urnes,<strong> le d\u00e9saveu massif d\u2019un mandat marqu\u00e9 par l\u2019inaction, les divisions et les renoncements<\/strong>. En mars 2026, les Strasbourgeois auront l\u2019occasion de se lib\u00e9rer de six ann\u00e9es de gestion id\u00e9ologique et inefficace, et de choisir enfin une alternance responsable\u00a0\u00bb, tacle pour sa part le parti Renaissance Strasbourg.<\/p>\n<p>Pistes cyclables, patrimoine\u2026 \u00ab\u00a0Strasbourg a \u00e9t\u00e9 remise dans la bonne direction\u00a0\u00bb<\/p>\n<p class=\" wall-content\">L\u2019entourage de la maire, de son c\u00f4t\u00e9, met en avant le bilan de cette derni\u00e8re. \u00ab\u00a0Jeanne Barseghian a <a href=\"https:\/\/actu.fr\/grand-est\/strasbourg_67482\/voici-5-gros-projets-qui-vont-dynamiter-le-monde-de-la-culture-a-strasbourg_60627720.html\" target=\"_blank\" rel=\"noopener\">r\u00e9par\u00e9 le patrimoine<\/a>, elle a r\u00e9par\u00e9 le <a href=\"https:\/\/actu.fr\/grand-est\/strasbourg_67482\/stade-de-la-meinau-la-pose-de-la-charpente-debute-c-est-une-operation-technique_62354636.html\" target=\"_blank\" rel=\"noopener\">stade de la Meinau<\/a>, r\u00e9par\u00e9 le <a href=\"https:\/\/actu.fr\/grand-est\/strasbourg_67482\/strasbourg-50-de-l-eclairage-public-est-desormais-en-led-annonce-la-ville_62342029.html\" target=\"_blank\" rel=\"noopener\">syst\u00e8me d\u2019\u00e9clairage public<\/a>\u2026\u00a0\u00bb, liste l\u2019une de ses proches, \u00e9voquant \u00e9galement \u00ab\u00a0la <a href=\"https:\/\/actu.fr\/grand-est\/strasbourg_67482\/la-gratuite-des-transports-en-commun-pour-les-moins-de-18-ans-fete-ses-deux-ans-avec-quel-bilan_60020206.html\" target=\"_blank\" rel=\"noopener\">gratuite des transports pour les mineurs<\/a>, <a href=\"https:\/\/actu.fr\/grand-est\/strasbourg_67482\/des-2023-les-reseaux-de-chaleur-vont-etre-renoves-et-le-prix-du-chauffage-va-baisser-a-strasbourg_49304089.html\" target=\"_blank\" rel=\"noopener\">l\u2019extension du r\u00e9seau de chaleur<\/a>, la cr\u00e9ation de pistes cyclables\u00a0\u00bb. \u00ab\u00a0<strong>Strasbourg a \u00e9t\u00e9 remise dans la bonne direction<\/strong>, il faut poursuivre cela\u00a0\u00bb, nous explique-t-on.<\/p>\n<p class=\" wall-content\">Suivez toute l\u2019actualit\u00e9 de vos villes et m\u00e9dias favoris en vous inscrivant \u00e0 <a href=\"https:\/\/moncompte.actu.fr\" title=\"D\u00e9couvez Mon Actu\" rel=\"nofollow noopener\" data-trk=\"{&quot;cta&quot;:{&quot;action&quot;:&quot;https:\\\/\\\/moncompte.actu.fr&quot;,&quot;category&quot;:&quot;mon compte&quot;,&quot;from&quot;:&quot;article footer&quot;,&quot;name&quot;:&quot;Mon actu&quot;,&quot;type&quot;:&quot;cta&quot;}}\" target=\"_blank\">Mon Actu<\/a>.<\/p>\n<ul class=\"ac-article-tag wall-content\">\n<li><a href=\"https:\/\/actu.fr\/tag\/jeanne-barseghian\" data-trk=\"{&quot;cta&quot;:{&quot;action&quot;:&quot;Jeanne Barseghian&quot;,&quot;category&quot;:&quot;tag&quot;,&quot;from&quot;:&quot;article footer&quot;,&quot;name&quot;:&quot;Jeanne Barseghian&quot;,&quot;type&quot;:&quot;cta&quot;}}\" target=\"_blank\" rel=\"noopener\">#Jeanne Barseghian<\/a><\/li>\n<li><a href=\"https:\/\/actu.fr\/tag\/municipales-2026\" data-trk=\"{&quot;cta&quot;:{&quot;action&quot;:&quot;Municipales 2026&quot;,&quot;category&quot;:&quot;tag&quot;,&quot;from&quot;:&quot;article footer&quot;,&quot;name&quot;:&quot;Municipales 2026&quot;,&quot;type&quot;:&quot;cta&quot;}}\" target=\"_blank\" rel=\"noopener\">#Municipales 2026<\/a><\/li>\n<\/ul>\n","protected":false},"excerpt":{"rendered":"Par Ivan CAPECCHI Publi\u00e9 le 4 juil. 2025 \u00e0 10h14 Jeudi 3 juillet 2025, lors d\u2019une r\u00e9union en&hellip;\n","protected":false},"author":2,"featured_media":225209,"comment_status":"","ping_status":"","sticky":false,"template":"","format":"standard","meta":{"footnotes":""},"categories":[2820],"tags":[1111,11,1777,674,1011,27,775,7125,3434,12,316,25,640],"class_list":{"0":"post-225208","1":"post","2":"type-post","3":"status-publish","4":"format-standard","5":"has-post-thumbnail","7":"category-strasbourg","8":"tag-actu","9":"tag-actualites","10":"tag-eu","11":"tag-europe","12":"tag-fr","13":"tag-france","14":"tag-grand-est","15":"tag-jeanne-barseghian","16":"tag-municipales-2026","17":"tag-news","18":"tag-politique","19":"tag-republique-francaise","20":"tag-strasbourg"},"share_on_mastodon":{"url":"https:\/\/pubeurope.com\/@fr\/114794055895197163","error":""},"_links":{"self":[{"href":"https:\/\/www.europesays.com\/fr\/wp-json\/wp\/v2\/posts\/225208","targetHints":{"allow":["GET"]}}],"collection":[{"href":"https:\/\/www.europesays.com\/fr\/wp-json\/wp\/v2\/posts"}],"about":[{"href":"https:\/\/www.europesays.com\/fr\/wp-json\/wp\/v2\/types\/post"}],"author":[{"embeddable":true,"href":"https:\/\/www.europesays.com\/fr\/wp-json\/wp\/v2\/users\/2"}],"replies":[{"embeddable":true,"href":"https:\/\/www.europesays.com\/fr\/wp-json\/wp\/v2\/comments?post=225208"}],"version-history":[{"count":0,"href":"https:\/\/www.europesays.com\/fr\/wp-json\/wp\/v2\/posts\/225208\/revisions"}],"wp:featuredmedia":[{"embeddable":true,"href":"https:\/\/www.europesays.com\/fr\/wp-json\/wp\/v2\/media\/225209"}],"wp:attachment":[{"href":"https:\/\/www.europesays.com\/fr\/wp-json\/wp\/v2\/media?parent=225208"}],"wp:term":[{"taxonomy":"category","embeddable":true,"href":"https:\/\/www.europesays.com\/fr\/wp-json\/wp\/v2\/categories?post=225208"},{"taxonomy":"post_tag","embeddable":true,"href":"https:\/\/www.europesays.com\/fr\/wp-json\/wp\/v2\/tags?post=225208"}],"curies":[{"name":"wp","href":"https:\/\/api.w.org\/{rel}","templated":true}]}}