{"id":22521,"date":"2025-04-13T15:44:09","date_gmt":"2025-04-13T15:44:09","guid":{"rendered":"https:\/\/www.europesays.com\/fr\/22521\/"},"modified":"2025-04-13T15:44:09","modified_gmt":"2025-04-13T15:44:09","slug":"atp-barcelone-david-ferrer-directeur-du-tournoi-nous-avons-beaucoup-de-chance-avec-la-retraite-de-rafael-nadal-davoir-un-autre-joueur-avec-son-charisme-cest-a-dire-carlos-alcaraz","status":"publish","type":"post","link":"https:\/\/www.europesays.com\/fr\/22521\/","title":{"rendered":"ATP &#8211; Barcelone > David Ferrer, directeur du tournoi : \u00ab\u00a0Nous avons beaucoup de chance, avec la retraite de Rafael Nadal, d&rsquo;avoir un autre joueur avec son charisme, c&rsquo;est-\u00e0-dire Carlos Alcaraz\u00a0\u00bb"},"content":{"rendered":"<p>Directeur de l\u2019ATP 500 de Barcelone qui doit d\u00e9buter ce lundi, David Ferrer a \u00e9voqu\u00e9 la pr\u00e9sence dans la tableau de Carlos Alcaraz, t\u00eate de s\u00e9rie num\u00e9ro 1 du tournoi. Et il n\u2019a pas h\u00e9sit\u00e9 \u00e0 comparer son jeune compa\u00adtriote \u00e0 Rafael Nadal, l\u00e9gende absolue de l\u2019\u00e9v\u00e8\u00adne\u00adment et du tennis espagnol.\u00a0<\/p>\n<p><strong>\u00ab\u202fLa figure de Rafa est tr\u00e8s impor\u00adtante, mais nous avons la chance d\u2019avoir Carlos Alcaraz, qui est un joueur sp\u00e9cial, comme Rafa l\u2019\u00e9tait quand il \u00e9tait jeune. Dans notre pays, nous avons beau\u00adcoup de chance, avec la retraite de Rafael Nadal, d\u2019avoir un autre joueur avec son charisme, c\u2019est\u2010\u00e0\u2010dire Carlos Alcaraz. Nous sommes tr\u00e8s heureux qu\u2019il fasse l\u2019ef\u00adfort, comme Rafa l\u2019a fait en son temps, d\u2019\u00eatre avec nous chaque ann\u00e9e. Je le vois bien menta\u00adle\u00adment, il a jou\u00e9 un match diffi\u00adcile contre Arthur Fils (en quarts de finale \u00e0 Monte\u2010Carlo), ce qui lui sera b\u00e9n\u00e9\u00adfique pour la suite de la saison sur terre battue.\u202f\u00bb<\/strong><\/p>\n<p class=\"post-published-date\" style=\"color: silver; font-size: 75%; text-align: left;\">Publi\u00e9 le dimanche 13 avril 2025 \u00e0 09:40<\/p>\n","protected":false},"excerpt":{"rendered":"Directeur de l\u2019ATP 500 de Barcelone qui doit d\u00e9buter ce lundi, David Ferrer a \u00e9voqu\u00e9 la pr\u00e9sence dans&hellip;\n","protected":false},"author":2,"featured_media":22522,"comment_status":"","ping_status":"","sticky":false,"template":"","format":"standard","meta":{"footnotes":""},"categories":[1415],"tags":[1744,3768,1011,27,1960,60,1467],"class_list":{"0":"post-22521","1":"post","2":"type-post","3":"status-publish","4":"format-standard","5":"has-post-thumbnail","7":"category-tennis","8":"tag-alcaraz","9":"tag-arthur-fils","10":"tag-fr","11":"tag-france","12":"tag-nadal","13":"tag-sports","14":"tag-tennis"},"share_on_mastodon":{"url":"https:\/\/pubeurope.com\/@fr\/114331429275405346","error":""},"_links":{"self":[{"href":"https:\/\/www.europesays.com\/fr\/wp-json\/wp\/v2\/posts\/22521","targetHints":{"allow":["GET"]}}],"collection":[{"href":"https:\/\/www.europesays.com\/fr\/wp-json\/wp\/v2\/posts"}],"about":[{"href":"https:\/\/www.europesays.com\/fr\/wp-json\/wp\/v2\/types\/post"}],"author":[{"embeddable":true,"href":"https:\/\/www.europesays.com\/fr\/wp-json\/wp\/v2\/users\/2"}],"replies":[{"embeddable":true,"href":"https:\/\/www.europesays.com\/fr\/wp-json\/wp\/v2\/comments?post=22521"}],"version-history":[{"count":0,"href":"https:\/\/www.europesays.com\/fr\/wp-json\/wp\/v2\/posts\/22521\/revisions"}],"wp:featuredmedia":[{"embeddable":true,"href":"https:\/\/www.europesays.com\/fr\/wp-json\/wp\/v2\/media\/22522"}],"wp:attachment":[{"href":"https:\/\/www.europesays.com\/fr\/wp-json\/wp\/v2\/media?parent=22521"}],"wp:term":[{"taxonomy":"category","embeddable":true,"href":"https:\/\/www.europesays.com\/fr\/wp-json\/wp\/v2\/categories?post=22521"},{"taxonomy":"post_tag","embeddable":true,"href":"https:\/\/www.europesays.com\/fr\/wp-json\/wp\/v2\/tags?post=22521"}],"curies":[{"name":"wp","href":"https:\/\/api.w.org\/{rel}","templated":true}]}}