{"id":225210,"date":"2025-07-04T08:37:09","date_gmt":"2025-07-04T08:37:09","guid":{"rendered":"https:\/\/www.europesays.com\/fr\/225210\/"},"modified":"2025-07-04T08:37:09","modified_gmt":"2025-07-04T08:37:09","slug":"passation-a-lupe-06-du-courage-et-de-la-responsabilite","status":"publish","type":"post","link":"https:\/\/www.europesays.com\/fr\/225210\/","title":{"rendered":"Passation \u00e0 l\u2019UPE 06 : Du courage et de la responsabilit\u00e9"},"content":{"rendered":"<p>                    <img loading=\"lazy\" decoding=\"async\" src=\"https:\/\/www.europesays.com\/fr\/wp-content\/uploads\/2025\/07\/927ea488e186d41b32a28f0ec0cf95.jpg\" class=\"img-responsive post-image\" width=\"680\" height=\"510\" alt=\"Passation \u00e0 l'UPE 06 (\u2026)\" title=\"Passation \u00e0 l'UPE 06 : Du courage et de la responsabilit\u00e9\"\/><\/p>\n<p class=\"chapo\">Il est, depuis le 1er juillet, le nouveau pr\u00e9sident de l\u2019UPE 06. Discret mais combatif, Franck Cannata a list\u00e9 ses priorit\u00e9s apr\u00e8s le bilan &#8211; et une surprise &#8211; de Pierre Ippolito.<\/p>\n<p>Il y avait encore beaucoup de monde &#8211; quelque 1 200 personnes &#8211; pour assister \u00e0 la soir\u00e9e de passation organis\u00e9e en cl\u00f4ture des Entreprenariales. Au premier rang\u00a0: le pr\u00e9fet des Alpes-Maritimes Laurent Hottiaux, qui a \u00e9galement prononc\u00e9 quelques mots d\u2019encouragement, la s\u00e9natrice Dominique Estrosi-Sassone, le maire de Nice et pr\u00e9sident de la m\u00e9tropole Christian Estrosi ou encore le vice-pr\u00e9sident de la m\u00e9tropole et maire de Cagnes-sur-Mer, Louis N\u00e8gre.<\/p>\n<p>Lors de sa prise de parole, <strong>Franck Cannata <\/strong> a souhait\u00e9 ajouter un second th\u00e8me \u00e0 celui des Entreprenariales de cette ann\u00e9e\u00a0: la responsabilit\u00e9. \u00ab\u00a0Courage et responsabilit\u00e9\u00a0: deux mots qui caract\u00e9risent mon \u00e9tat d\u2019esprit et qui guident le sens de mon action, de notre action commune.\u00a0\u00bb Le dirigeant de Transcan avait d\u00e9but\u00e9 son propos en \u00e9voquant \u00ab\u00a0une mutation profonde de l\u2019\u00e9conomie et de notre soci\u00e9t\u00e9\u00a0qui se mat\u00e9rialise par quatre ruptures fondamentales\u00a0\u00bb\u00a0: technologique avec \u00ab\u00a0l\u2019incroyable tsunami de l\u2019intelligence artificielle\u00a0\u00bb, \u00e9conomique \u00ab\u00a0avec la fin de la mondialisation heureuse\u00a0\u00a0\u00bb, soci\u00e9tale \u00ab\u00a0avec le vieillissement de la population et les grandes inqui\u00e9tudes\u00a0\u00a0\u00bb, et, enfin, environnementale, \u00ab\u00a0caract\u00e9ris\u00e9e par la rar\u00e9faction des ressources naturelles et le changement climatique\u00a0\u00bb. Les axes de travail de sa mandature seront la stabilit\u00e9 fiscale, la simplification, la formation (\u00ab\u00a0\u00a0imp\u00e9ratif gagnant-gagnant\u00a0\u00bb) et l\u2019am\u00e9nagement du territoire. \u00ab\u00a0Les m\u00eames terrains ne pourront pas remplir tous les objectifs\u00a0\u00bb, a-t-il pr\u00e9venu. \u00ab\u00a0Des conflits d\u2019usage importants sont \u00e0 craindre entre la n\u00e9cessit\u00e9 de produire du logement pour nos actifs et la mise en \u0153uvre de la planification \u00e9cologique et ses objectifs de sobri\u00e9t\u00e9 fonci\u00e8re.\u00a0\u00a0\u00bb<\/p>\n<p>Lire aussi\u00a0: <a href=\"https:\/\/www.petitesaffiches.fr\/actualites,069\/economie,045\/entreprenariales-pas-assez-de,36179.html\" rel=\"nofollow noopener\" target=\"_blank\">Entreprenariales\u00a0: \u00ab\u00a0Pas assez de courage en France car on ne l\u2019enseigne pas\u00a0\u00bb<\/a>Convictions<\/p>\n<p>Avant lui, et avant de prononcer son discours de passation, Pierre Ippolito a souhait\u00e9 montr\u00e9 l\u2019exemple en int\u00e9grant la r\u00e9serve op\u00e9rationnelle du 3e r\u00e9giment d\u2019artillerie de marine, en pr\u00e9sence du colonel <strong>Amaury de La Tousche, <\/strong> chef de corps de ce r\u00e9giment dont la devise est \u00ab\u00a0\u00c0 l\u2019aff\u00fbt toujours\u2026 jamais ne renonce\u00a0!\u00a0\u00bb En faisant le bilan de son action, <strong>Pierre Ippolito<\/strong> a remerci\u00e9 beaucoup de personnes, notamment l\u2019\u00e9quipe de l\u2019UPE 06 pour l\u2019organisation de la journ\u00e9e, son bureau, les services de l\u2019\u00c9tat, les \u00e9lus locaux et les entrepreneurs. \u00ab\u00a0Nous, entreprises du territoire, on se doit d\u2019\u00eatre responsables. On a un engagement vis-\u00e0-vis de nos travailleurs, vis-\u00e0-vis de nos citoyens qui vivent dans les Alpes-Maritimes, a-t-il d\u00e9clar\u00e9. Quand on parle de responsabilit\u00e9 territoriale de nos entreprises, on parle de comment on peut contribuer \u00e0 ce territoire qui nous permet de nous d\u00e9velopper. Sans attractivit\u00e9 et sans \u00e9lus qui mouillent le maillot, il n\u2019y aurait pas d\u2019entreprises. Sans entreprises, il n\u2019y aurait pas d\u2019emplois ni d\u2019imp\u00f4ts ni de taxes pour pouvoir financer notre mod\u00e8le social. Nous sommes tous dans un esprit collectif responsables de notre territoire.\u00a0\u00bb Il a \u00e9galement fustig\u00e9 l\u2019ego, la recherche du statut, \u00ab\u00a0ennemi num\u00e9ro un de l\u2019int\u00e9r\u00eat g\u00e9n\u00e9ral\u00a0\u00a0\u00bb. L\u2019ancien pr\u00e9sident de l\u2019UPE 06 a, apr\u00e8s ces trois ann\u00e9es, \u00ab\u00a0le sentiment du devoir accompli\u00a0\u00a0\u00bb car il a \u00ab\u00a0assum\u00e9 ses convictions\u00a0\u00a0\u00bb. Pierre Ippolito avait malgr\u00e9 tout confi\u00e9 un regret il y a quelques jours\u00a0: celui de ne pas avoir r\u00e9ussi \u00e0 embarquer plus de personnes. Il aura tent\u00e9 de le faire jusqu\u2019aux derniers jours de son mandat.<\/p>\n<p> <a href=\"https:\/\/www.europesays.com\/fr\/wp-content\/uploads\/2025\/07\/photo_2_page_3_upe_06.jpg\" class=\"spip_doc_lien mediabox\" type=\"image\/jpeg\"><br \/>\n\t\t<img loading=\"lazy\" decoding=\"async\" src=\"https:\/\/www.europesays.com\/fr\/wp-content\/uploads\/2025\/07\/photo_2_page_3_upe_06.jpg\" width=\"1024\" height=\"682\" alt=\"\"\/><\/a><\/p>\n<p>\u00a9UPE 06\n<\/p>\n<p>Le bureau \u00e9largi de l\u2019UPE 06 2025-2028<\/p>\n<p>Daniel Audemard (domaine d\u2019expertise\u00a0: strat\u00e9gie territoriale), Franck Cannata (transport et logistique), Guillaume Cibelly (comptabilit\u00e9 \/ d\u00e9fense), Thomas Collet (fond \/ finance \/ responsabilit\u00e9 territoriale des entreprises), Anny Courtade (grande distribution), L\u00e9onard Cox (m\u00e9thodes \/ international), Jean-Marie Debaisieux (commerce ind\u00e9pendant de proximit\u00e9), Fabienne Gastaud (\u00e9nergie \/ industrie), Pierre Ippolito (ETI \/ mobilit\u00e9), Aurore Jeanclos Perrot (juridique), C\u00e9dric Messina (sport \/ inclusion), G\u00e9rard Molines (mobilit\u00e9 \/ formation), Patrick Moulard (BTP \/ \u00e9nergie), Fabien Paul (CPME), Claire Peradotto (club des entreprises \/ association \/ jeunes entreprises), Jean-Fran\u00e7ois Puissegur (communication \/ \u00e9v\u00e9nementiel), Marcel Ragni (industrie \/ RSE), Vanessa Rigaud (industrie culturelle \/ num\u00e9rique), Betty Seroussi (IA \/ tech), Jonathan Teadi (am\u00e9nagement du territoire \/ valorisation des d\u00e9chets), Claude Valade (finances), St\u00e9phanie Valente (femmes de l\u2019UPE \/ immobilier), Christine Welter (tourisme \/ \u00e9v\u00e9nementiel) et Jessica Bovis (immobilier \/ am\u00e9nagement du territoire).<\/p>\n","protected":false},"excerpt":{"rendered":"Il est, depuis le 1er juillet, le nouveau pr\u00e9sident de l\u2019UPE 06. Discret mais combatif, Franck Cannata a&hellip;\n","protected":false},"author":2,"featured_media":225211,"comment_status":"","ping_status":"","sticky":false,"template":"","format":"standard","meta":{"footnotes":""},"categories":[2819],"tags":[1111,11,2408,1777,674,1011,27,12,2401,882,25],"class_list":{"0":"post-225210","1":"post","2":"type-post","3":"status-publish","4":"format-standard","5":"has-post-thumbnail","7":"category-nice","8":"tag-actu","9":"tag-actualites","10":"tag-appels-d","11":"tag-eu","12":"tag-europe","13":"tag-fr","14":"tag-france","15":"tag-news","16":"tag-nice","17":"tag-provence-alpes-cote-dazur","18":"tag-republique-francaise"},"share_on_mastodon":{"url":"https:\/\/pubeurope.com\/@fr\/114794059946458796","error":""},"_links":{"self":[{"href":"https:\/\/www.europesays.com\/fr\/wp-json\/wp\/v2\/posts\/225210","targetHints":{"allow":["GET"]}}],"collection":[{"href":"https:\/\/www.europesays.com\/fr\/wp-json\/wp\/v2\/posts"}],"about":[{"href":"https:\/\/www.europesays.com\/fr\/wp-json\/wp\/v2\/types\/post"}],"author":[{"embeddable":true,"href":"https:\/\/www.europesays.com\/fr\/wp-json\/wp\/v2\/users\/2"}],"replies":[{"embeddable":true,"href":"https:\/\/www.europesays.com\/fr\/wp-json\/wp\/v2\/comments?post=225210"}],"version-history":[{"count":0,"href":"https:\/\/www.europesays.com\/fr\/wp-json\/wp\/v2\/posts\/225210\/revisions"}],"wp:featuredmedia":[{"embeddable":true,"href":"https:\/\/www.europesays.com\/fr\/wp-json\/wp\/v2\/media\/225211"}],"wp:attachment":[{"href":"https:\/\/www.europesays.com\/fr\/wp-json\/wp\/v2\/media?parent=225210"}],"wp:term":[{"taxonomy":"category","embeddable":true,"href":"https:\/\/www.europesays.com\/fr\/wp-json\/wp\/v2\/categories?post=225210"},{"taxonomy":"post_tag","embeddable":true,"href":"https:\/\/www.europesays.com\/fr\/wp-json\/wp\/v2\/tags?post=225210"}],"curies":[{"name":"wp","href":"https:\/\/api.w.org\/{rel}","templated":true}]}}