{"id":225214,"date":"2025-07-04T08:39:29","date_gmt":"2025-07-04T08:39:29","guid":{"rendered":"https:\/\/www.europesays.com\/fr\/225214\/"},"modified":"2025-07-04T08:39:29","modified_gmt":"2025-07-04T08:39:29","slug":"a-droite-julien-bainvel-veut-lunion-des-le-premier-tour","status":"publish","type":"post","link":"https:\/\/www.europesays.com\/fr\/225214\/","title":{"rendered":"\u00e0 droite, Julien Bainvel veut \u00ab\u00a0l&rsquo;union d\u00e8s le premier tour\u00a0\u00bb"},"content":{"rendered":"<p>            Par<br \/>\n        <strong><br \/>\n            <a href=\"https:\/\/actu.fr\/auteur\/laure-gentil\" title=\"Consulter tous les articles de Laure Gentil\" target=\"_blank\" rel=\"noopener\">Laure Gentil<\/a><br \/>\n        <\/strong><\/p>\n<p>        Publi\u00e9 le<\/p>\n<p>            3 juil. 2025 \u00e0 17h37        <\/p>\n<p>Les municipales sont dans un an et c\u2019est le chaos chez<strong> Les R\u00e9publicains<\/strong> de <a href=\"https:\/\/actu.fr\/nantes\" target=\"_blank\" rel=\"noopener\">Nantes<\/a>. Deux candidats s\u2019entred\u00e9chirent pour repr\u00e9senter le parti \u00e0 l\u2019\u00e9lection\u2009: <strong>Julien Bainvel<\/strong>, conseiller municipal d\u2019opposition, adoub\u00e9 par <strong>Laurence Garnier,<\/strong> et un autre conseiller municipal <strong>Foulques Chombart de Lowe.<\/strong><\/p>\n<p class=\" wall-content\">Durant une<strong> visioconf\u00e9rence le 29\u00a0juin<\/strong> dernier r\u00e9unissant les membres du bureau d\u00e9partemental des R\u00e9publicains, ces derniers ont exprim\u00e9 leur pr\u00e9f\u00e9rence <a href=\"https:\/\/actu.fr\/pays-de-la-loire\/nantes_44109\/municipales-2026-reenchanter-nantes-julien-bainvel-candidat-a-la-mairie_62562650.html\" target=\"_blank\" rel=\"noopener\">pour Julien Bainvel.<\/a> Ce <strong>jeudi 3\u00a0juillet,<\/strong> les deux candidats doivent \u00eatre auditionn\u00e9s par le bureau et un vote doit avoir lieu. Le nom qui recueillera le plus de voix sera transmis \u00e0 la <strong>Commission nationale d\u2019investiture (CNI)<\/strong> du parti.<\/p>\n<p class=\" wall-content\">Or <a href=\"https:\/\/actu.fr\/pays-de-la-loire\/nantes_44109\/municipales-2026-a-nantes-foulques-chombart-de-lauwe-appelle-a-virer-johanna-rolland_62193514.html\" target=\"_blank\" rel=\"noopener\">Foulques Chombart de Lowe<\/a> demande, lui, une primaire, et cite l\u2019article\u00a040 des statuts des R\u00e9publicains qui stipule que la CNI est comp\u00e9tente pour \u00ab\u2009attribuer, apr\u00e8s consultation des adh\u00e9rents concern\u00e9s, les investitures ou le soutien du Mouvement aux \u00e9lections municipales dans <strong>les communes de plus de 30\u2009000\u00a0habitants et les chefs-lieux de d\u00e9partement\u2009\u00bb<\/strong>. Sans une primaire, l\u2019\u00e9lu menace de se pr\u00e9senter quand m\u00eame.<\/p>\n<p>Une Commission un peu tardive\u2009?<\/p>\n<p class=\" wall-content\">Aupr\u00e8s d\u2019actu Nantes, Julien Bainvel rappelle que la Commission pourrait d\u00e9cider le 9\u00a0juillet d<strong>\u2019investir un candidat<\/strong> ou de <strong>reporter sa d\u00e9cision<\/strong>. \u00ab\u2009Moi ce que je souhaite c\u2019est qu\u2019au regard du calendrier, on avance et que LR choisisse son candidat pour \u00eatre op\u00e9rationnel \u00e0 la rentr\u00e9e de septembre\u2009\u00bb, indique le candidat \u00e0 la mairie. Julien Bainvel regrette toutefois que la CNI ne se soit pas r\u00e9unie fin juin.<\/p>\n<p class=\" wall-content\">\n<p class=\" wall-content\">Ce regret est partag\u00e9 selon lui par plusieurs de \u00ab\u2009ses coll\u00e8gues\u2009\u00bb qui soutiennent sa candidature et \u00ab\u2009viennent d\u2019horizons diff\u00e9rents\u2009\u00bb\u2009: Sarah El Ha\u00efry, Mounir Belhamiti (Renaissance), Val\u00e9rie Oppelt (Renaissance), Laurence Garnier (LR), Pauline Weiss (Union Centriste) et Anne-Sophie Lamberthon-Guerra (Centristes).<\/p>\n<p>Vid\u00e9os : en ce moment sur Actu<\/p>\n<p class=\" wall-content\">Julien Bainvel annonce d\u2019ailleurs clairement son souhait de bin\u00f4me avec Sarah El Ha\u00efry (MoDem), actuellement haute-commissaire \u00e0 l\u2019Enfance.<\/p>\n<blockquote class=\"ac-article-quote wall-content\">\n<p>La prochaine \u00e9tape c&rsquo;est la d\u00e9signation d&rsquo;un candidat pour les R\u00e9publicains, ensuite nous aurons l&rsquo;occasion d&rsquo;expliquer comment cela va se traduire concr\u00e8tement, en termes de bin\u00f4me et de construction entre la ville et la m\u00e9tropole.<\/p>\n<p>    <strong>Julien Bainvel<\/strong>\n            <\/p><\/blockquote>\n<p>\u00ab\u2009Il n\u2019y a pas de sujet\u2009\u00bb<\/p>\n<p class=\" wall-content\">Il nie toute division entre lui et la pr\u00e9sidente de r\u00e9gion,<a href=\"https:\/\/actu.fr\/pays-de-la-loire\/le-mans_72181\/la-jeunesse-emmerde-christelle-morancais-cet-humoriste-sen-prend-a-son-tour-a-la-presidente-de-region_62164344.html\" target=\"_blank\" rel=\"noopener\"> Christelle Moran\u00e7ais<\/a>. La publication d\u2019une photo sur le r\u00e9seau social X \u2013 o\u00f9 apparaissent Christelle Moran\u00e7ais, Guillaume Richard et <a href=\"https:\/\/actu.fr\/pays-de-la-loire\/nantes_44109\/nantes-apres-johanna-rolland-foulques-chombart-de-lauwe-candidat-a-la-mairie_60198806.html\" target=\"_blank\" rel=\"noopener\">Foulques Combart de Lowe<\/a> \u2013 ne l\u2019\u00e9meut pas particuli\u00e8rement.<\/p>\n<p class=\" wall-content\">\n<p class=\" wall-content\">\u00ab\u2009Heureusement que je ne prends pas des photos \u00e0 chaque fois que je suis avec elle sinon je passerais ma vie \u00e0 poster sur les r\u00e9seaux sociaux\u2009\u00bb, ironise-t-il m\u00eame. \u00ab\u2009Pour moi il n\u2019y a pas de sujet.\u2009\u00bb<\/p>\n<p class=\" wall-content\">L\u2019\u00e9lu nantais rappelle qu\u2019il est dans la majorit\u00e9 r\u00e9gionale et qu\u2019il a travaill\u00e9 pour rassembler \u00ab\u2009LR, UDI, Modem, Renaissance, Nouveau Centre et sans \u00e9tiquettes\u2009\u00bb. Il insiste\u2009: \u00ab\u2009cela n\u2019aurait pas de sens qu\u2019Horizons ne soit pas dans ce rassemblement\u2009\u00bb.<\/p>\n<p>\u00ab\u2009Mon adversaire c\u2019est Johanna Rolland\u2009\u00bb<\/p>\n<p class=\" wall-content\">Julien Bainvel semble tr\u00e8s s\u00fbr de sa nomination par le CNI. \u00ab\u2009Une fois la d\u00e9cision prise par la Commission, <strong>il faudrait que Foulques nous rejoigne aussi\u2009\u00bb<\/strong>. Il l\u2019affirme pour \u00ab\u2009gagner Nantes\u2009\u00bb, il faut \u00ab\u2009l\u2019union d\u00e8s le premier tour\u2009\u00bb.<\/p>\n<blockquote class=\"ac-article-quote wall-content\">\n<p>Il ne faut pas se tromper d&rsquo;adversaire. Mon adversaire c&rsquo;est Johanna Rolland et sa majorit\u00e9. Il faut lutter contre le d\u00e9classement de la ville et r\u00e9enchanter Nantes. On doit \u00eatre capable d&rsquo;une liste d&rsquo;union la plus large possible.<\/p>\n<p>    <strong>Julien Bainvel<\/strong>\n            <\/p><\/blockquote>\n<p class=\" wall-content\">Le candidat aux municipales assure s\u2019adresser aussi au \u00ab\u2009centre gauche qui ne se reconna\u00eet pas dans ce que <strong>Johanna Rolland<\/strong> fait de la ville de Nantes et ne veut pas d\u2019alliance avec <a href=\"https:\/\/actu.fr\/pays-de-la-loire\/nantes_44109\/municipales-2026-a-nantes-la-france-insoumise-annonce-ses-deux-chefs-de-file_62408715.html\" target=\"_blank\" rel=\"noopener\">La France Insoumise<\/a>\u2009\u00bb.<\/p>\n<p class=\" wall-content\">Devant le risque de voir Foulques Chombart de Lowe faire cavalier seul, Julien Bainvel pr\u00e9f\u00e8re temporiser mais aussi mettre en garde\u2009:<\/p>\n<blockquote class=\"ac-article-quote wall-content\">\n<p>Mon objectif, c&rsquo;est qu&rsquo;il puisse nous rejoindre dans la dynamique qu&rsquo;on a cr\u00e9\u00e9e. Apr\u00e8s, il faudra qu&rsquo;il assume ses responsabilit\u00e9s, il fait partie d&rsquo;une famille politique qui va prendre une d\u00e9cision, j&rsquo;esp\u00e8re qu&rsquo;il la respectera. Dans ce cas-l\u00e0, il aura toute sa place \u00e0 nos c\u00f4t\u00e9s.<\/p>\n<p>    <strong>Julien Bainvel<\/strong>\n            <\/p><\/blockquote>\n<p class=\" wall-content\">\u00ab\u2009Je suis le chef d\u2019orchestre d\u2019une \u00e9quipe\u2009\u00bb, a-t-il d\u00e9clar\u00e9 \u00e0 actu Nantes. \u00ab\u2009Il y a de la place pour tous les musiciens\u2009\u00bb.<\/p>\n<p class=\" wall-content\">Suivez toute l\u2019actualit\u00e9 de vos villes et m\u00e9dias favoris en vous inscrivant \u00e0 <a href=\"https:\/\/moncompte.actu.fr\" title=\"D\u00e9couvez Mon Actu\" rel=\"nofollow noopener\" data-trk=\"{&quot;cta&quot;:{&quot;action&quot;:&quot;https:\\\/\\\/moncompte.actu.fr&quot;,&quot;category&quot;:&quot;mon compte&quot;,&quot;from&quot;:&quot;article footer&quot;,&quot;name&quot;:&quot;Mon actu&quot;,&quot;type&quot;:&quot;cta&quot;}}\" target=\"_blank\">Mon Actu<\/a>.<\/p>\n<ul class=\"ac-article-tag wall-content\">\n<li><a href=\"https:\/\/actu.fr\/tag\/les-republicains-lr\" data-trk=\"{&quot;cta&quot;:{&quot;action&quot;:&quot;Les R\\u00e9publicains (LR)&quot;,&quot;category&quot;:&quot;tag&quot;,&quot;from&quot;:&quot;article footer&quot;,&quot;name&quot;:&quot;Les R\\u00e9publicains (LR)&quot;,&quot;type&quot;:&quot;cta&quot;}}\" target=\"_blank\" rel=\"noopener\">#Les R\u00e9publicains (LR)<\/a><\/li>\n<li><a href=\"https:\/\/actu.fr\/tag\/municipales-2026\" data-trk=\"{&quot;cta&quot;:{&quot;action&quot;:&quot;Municipales 2026&quot;,&quot;category&quot;:&quot;tag&quot;,&quot;from&quot;:&quot;article footer&quot;,&quot;name&quot;:&quot;Municipales 2026&quot;,&quot;type&quot;:&quot;cta&quot;}}\" target=\"_blank\" rel=\"noopener\">#Municipales 2026<\/a><\/li>\n<\/ul>\n","protected":false},"excerpt":{"rendered":"Par Laure Gentil Publi\u00e9 le 3 juil. 2025 \u00e0 17h37 Les municipales sont dans un an et c\u2019est&hellip;\n","protected":false},"author":2,"featured_media":225215,"comment_status":"","ping_status":"","sticky":false,"template":"","format":"standard","meta":{"footnotes":""},"categories":[2818],"tags":[1111,11,4188,1777,674,1011,27,8335,3434,766,12,2636,316,25],"class_list":{"0":"post-225214","1":"post","2":"type-post","3":"status-publish","4":"format-standard","5":"has-post-thumbnail","7":"category-nantes","8":"tag-actu","9":"tag-actualites","10":"tag-elections-municipales","11":"tag-eu","12":"tag-europe","13":"tag-fr","14":"tag-france","15":"tag-les-republicains-lr","16":"tag-municipales-2026","17":"tag-nantes","18":"tag-news","19":"tag-pays-de-la-loire","20":"tag-politique","21":"tag-republique-francaise"},"share_on_mastodon":{"url":"https:\/\/pubeurope.com\/@fr\/114794067835220424","error":""},"_links":{"self":[{"href":"https:\/\/www.europesays.com\/fr\/wp-json\/wp\/v2\/posts\/225214","targetHints":{"allow":["GET"]}}],"collection":[{"href":"https:\/\/www.europesays.com\/fr\/wp-json\/wp\/v2\/posts"}],"about":[{"href":"https:\/\/www.europesays.com\/fr\/wp-json\/wp\/v2\/types\/post"}],"author":[{"embeddable":true,"href":"https:\/\/www.europesays.com\/fr\/wp-json\/wp\/v2\/users\/2"}],"replies":[{"embeddable":true,"href":"https:\/\/www.europesays.com\/fr\/wp-json\/wp\/v2\/comments?post=225214"}],"version-history":[{"count":0,"href":"https:\/\/www.europesays.com\/fr\/wp-json\/wp\/v2\/posts\/225214\/revisions"}],"wp:featuredmedia":[{"embeddable":true,"href":"https:\/\/www.europesays.com\/fr\/wp-json\/wp\/v2\/media\/225215"}],"wp:attachment":[{"href":"https:\/\/www.europesays.com\/fr\/wp-json\/wp\/v2\/media?parent=225214"}],"wp:term":[{"taxonomy":"category","embeddable":true,"href":"https:\/\/www.europesays.com\/fr\/wp-json\/wp\/v2\/categories?post=225214"},{"taxonomy":"post_tag","embeddable":true,"href":"https:\/\/www.europesays.com\/fr\/wp-json\/wp\/v2\/tags?post=225214"}],"curies":[{"name":"wp","href":"https:\/\/api.w.org\/{rel}","templated":true}]}}