{"id":225216,"date":"2025-07-04T08:40:11","date_gmt":"2025-07-04T08:40:11","guid":{"rendered":"https:\/\/www.europesays.com\/fr\/225216\/"},"modified":"2025-07-04T08:40:11","modified_gmt":"2025-07-04T08:40:11","slug":"bellevue-la-premiere-pierre-du-programme-nova-est-posee","status":"publish","type":"post","link":"https:\/\/www.europesays.com\/fr\/225216\/","title":{"rendered":"Bellevue : la premi\u00e8re pierre du programme Nova est pos\u00e9e"},"content":{"rendered":"<p>Le promoteur immobilier, CISN, les a convi\u00e9s, ce mercredi 2 juillet, \u00e0 assister \u00e0 la pose de la premi\u00e8re pierre de leur futur immeuble, baptis\u00e9 \u00ab\u00a0<a href=\"https:\/\/cisn-immobilier.fr\/programmes\/95-nova\/\" rel=\"nofollow noopener\" target=\"_blank\">Nova<\/a>\u00a0\u00bb, au c\u0153ur de <a href=\"https:\/\/metropole.nantes.fr\/actualites\/bellevue-les-travaux-commencent-place-mendes-france\" rel=\"nofollow noopener\" target=\"_blank\">Bellevue<\/a>. Ce couple, elle travaille dans le secteur de l\u2019aide \u00e0 la personne, lui, est plombier-chauffagiste, 49 ans tous les deux, a acquis, sur plan, un appartement T5, de 101 m\u00b2. \u00ab\u00a0Nous sommes pour l\u2019instant locataires au Sillon de Bretagne. Nous cherchions \u00e0 acheter depuis deux ans. Nous connaissons bien Bellevue. Nous y avons grandi\u00a0\u00bb, explique le mari. Ils emm\u00e9nageront dans leur nouveau logement, avec leurs deux enfants, au cours du 3e trimestre 2027. \u00a0<\/p>\n","protected":false},"excerpt":{"rendered":"Le promoteur immobilier, CISN, les a convi\u00e9s, ce mercredi 2 juillet, \u00e0 assister \u00e0 la pose de la&hellip;\n","protected":false},"author":2,"featured_media":225217,"comment_status":"","ping_status":"","sticky":false,"template":"","format":"standard","meta":{"footnotes":""},"categories":[2818],"tags":[1111,11,1777,674,1011,27,766,12,2636,25],"class_list":{"0":"post-225216","1":"post","2":"type-post","3":"status-publish","4":"format-standard","5":"has-post-thumbnail","7":"category-nantes","8":"tag-actu","9":"tag-actualites","10":"tag-eu","11":"tag-europe","12":"tag-fr","13":"tag-france","14":"tag-nantes","15":"tag-news","16":"tag-pays-de-la-loire","17":"tag-republique-francaise"},"share_on_mastodon":{"url":"https:\/\/pubeurope.com\/@fr\/114794071608880187","error":""},"_links":{"self":[{"href":"https:\/\/www.europesays.com\/fr\/wp-json\/wp\/v2\/posts\/225216","targetHints":{"allow":["GET"]}}],"collection":[{"href":"https:\/\/www.europesays.com\/fr\/wp-json\/wp\/v2\/posts"}],"about":[{"href":"https:\/\/www.europesays.com\/fr\/wp-json\/wp\/v2\/types\/post"}],"author":[{"embeddable":true,"href":"https:\/\/www.europesays.com\/fr\/wp-json\/wp\/v2\/users\/2"}],"replies":[{"embeddable":true,"href":"https:\/\/www.europesays.com\/fr\/wp-json\/wp\/v2\/comments?post=225216"}],"version-history":[{"count":0,"href":"https:\/\/www.europesays.com\/fr\/wp-json\/wp\/v2\/posts\/225216\/revisions"}],"wp:featuredmedia":[{"embeddable":true,"href":"https:\/\/www.europesays.com\/fr\/wp-json\/wp\/v2\/media\/225217"}],"wp:attachment":[{"href":"https:\/\/www.europesays.com\/fr\/wp-json\/wp\/v2\/media?parent=225216"}],"wp:term":[{"taxonomy":"category","embeddable":true,"href":"https:\/\/www.europesays.com\/fr\/wp-json\/wp\/v2\/categories?post=225216"},{"taxonomy":"post_tag","embeddable":true,"href":"https:\/\/www.europesays.com\/fr\/wp-json\/wp\/v2\/tags?post=225216"}],"curies":[{"name":"wp","href":"https:\/\/api.w.org\/{rel}","templated":true}]}}