{"id":225226,"date":"2025-07-04T08:45:11","date_gmt":"2025-07-04T08:45:11","guid":{"rendered":"https:\/\/www.europesays.com\/fr\/225226\/"},"modified":"2025-07-04T08:45:11","modified_gmt":"2025-07-04T08:45:11","slug":"lille-apres-une-agression-envers-lun-de-ses-praticiens-sos-medecins-suspend-temporairement-ses-activites","status":"publish","type":"post","link":"https:\/\/www.europesays.com\/fr\/225226\/","title":{"rendered":"Lille\u00a0: apr\u00e8s une agression envers l\u2019un de ses praticiens, SOS M\u00e9decins suspend temporairement ses activit\u00e9s"},"content":{"rendered":"<p class=\"paragraph text_align_left lp-f-body-02\">Apr\u00e8s une agression et des menaces de mort visant l\u2019un de ses praticiens, <a href=\"https:\/\/www.leparisien.fr\/seine-et-marne-77\/vous-avez-tenu-bon-sos-medecins-renforce-sa-presence-dans-le-quartier-sensible-de-lalmont-a-melun-20-06-2025-IVJGMCN6LRBN5O65YS6WB4FVIQ.php\" target=\"_blank\" rel=\"noreferrer noopener\">SOS M\u00e9decins<\/a> a d\u00e9cid\u00e9 de suspendre temporairement ses activit\u00e9s \u00e0 Lille (<a href=\"https:\/\/www.leparisien.fr\/nord-59\/\" target=\"_blank\" rel=\"noreferrer noopener\">Nord<\/a>). L\u2019antenne lilloise de l\u2019association a indiqu\u00e9 qu\u2019elle fermait ses portes du 3 au 5 juillet 2025.<\/p>\n<p class=\"paragraph text_align_left lp-f-body-02\">\u00ab Cette d\u00e9cision fait suite \u00e0 une prof\u00e9ration de menaces de mort et une agression pr\u00e9m\u00e9dit\u00e9e envers un des membres de notre association, \u00e0 qui nous apportons notre soutien \u00bb, a indiqu\u00e9 la structure sur son r\u00e9pondeur t\u00e9l\u00e9phonique. En temps normal, SOS M\u00e9decins accueille \u00e0 Lille des patients 24h sur 24 et 7 jours sur 7 pour des urgences non vitales. Une vingtaine de m\u00e9decins travaillent pour l\u2019association.<\/p>\n<p>\u00ab Aucun motif ne peut justifier un tel d\u00e9cha\u00eenement de violence ! \u00bb<\/p>\n<p class=\"paragraph text_align_left lp-f-body-02\">Par solidarit\u00e9, l\u2019antenne de Roubaix est \u00e9galement \u00e0 l\u2019arr\u00eat, pr\u00e9cise <a href=\"https:\/\/www.francebleu.fr\/infos\/faits-divers-justice\/ils-sont-venus-en-commando-de-maniere-premeditee-l-antenne-de-sos-medecins-a-lille-fermee-apres-une-agression-1220988\" target=\"_blank\" rel=\"noreferrer noopener\">Ici Bleu Nord<\/a>. Les faits remontent \u00e0 mercredi dernier. Ce jour-l\u00e0, un m\u00e9decin exer\u00e7ant au centre SOS M\u00e9decins de Lille a \u00e9t\u00e9 violemment agress\u00e9 par deux individus. Les deux hommes sont entr\u00e9s dans le cabinet du praticien qui \u00e9tait en consultation avec une famille et deux enfants. \u00ab Ils ont expuls\u00e9 cette famille manu militari. Ils ont insult\u00e9 le m\u00e9decin, l\u2019ont frapp\u00e9 \u00bb, a expliqu\u00e9 aupr\u00e8s de <a href=\"https:\/\/www.lavoixdunord.fr\/1602715\/article\/2025-07-03\/un-generaliste-frappe-dans-son-cabinet-moulins-sos-medecins-lille-en-greve\" target=\"_blank\" rel=\"noreferrer noopener\">La Voix du Nord<\/a>, un confr\u00e8re, t\u00e9moin de la sc\u00e8ne.<\/p>\n<p class=\"paragraph text_align_left lp-f-body-02\">Les autres praticiens pr\u00e9sents sur place sont intervenus, puis les deux hommes ont pris la fuite. \u00ab J\u2019ai pris contact avec le m\u00e9decin agress\u00e9 pour l\u2019assurer de notre soutien \u00bb, a indiqu\u00e9 Jean-Philippe Platel, le pr\u00e9sident du conseil d\u00e9partemental du Nord de l\u2019Ordre des m\u00e9decins aupr\u00e8s de <a href=\"http:\/\/france3-regions.franceinfo.fr\/hauts-de-france\/nord-0\/lille\/une-expedition-punitive-intolerable-sos-medecins-suspend-ses-activites-a-lille-apres-une-agression-et-des-menaces-de-mort-3182517.html\" target=\"_blank\" rel=\"noreferrer noopener\">France 3 Hauts-de-France<\/a>. \u00ab Aucun motif ne peut justifier un tel d\u00e9cha\u00eenement de <a href=\"https:\/\/www.leparisien.fr\/societe\/il-ma-plaque-contre-un-mur-et-frappe-au-visage-des-soignants-racontent-les-violences-subies-a-lhopital-10-04-2024-CUS6TVCGEVDXFMM5WB22ENB5RQ.php\" target=\"_blank\" rel=\"noreferrer noopener\">violences<\/a> ! \u00bb, a-t-il ajout\u00e9.<\/p>\n<p>\u00ab Des patients qui perdent leur sang-froid \u00bb<\/p>\n<p class=\"paragraph text_align_left lp-f-body-02\">Depuis le d\u00e9but d\u2019ann\u00e9e, 216 incidents ont \u00e9t\u00e9 signal\u00e9s par des m\u00e9decins &#8211; jusqu\u2019au 23 juin 2025, selon l\u2019Ordre. Dans 81 cas, il s\u2019agissait d\u2019<a href=\"https:\/\/www.leparisien.fr\/societe\/ca-peut-deraper-pour-un-rien-face-aux-agressions-comment-mieux-proteger-les-soignants-liberaux-24-05-2024-P56PQBF6GNDFNHX6QMANWUAMTQ.php\" target=\"_blank\" rel=\"noreferrer noopener\">injures ou de menaces<\/a>. \u00ab Ce sont souvent des patients qui perdent leur sang-froid pour une prise en charge qui ne leur convient pas, un refus de prescription, ou un temps d\u2019attente jug\u00e9 trop long \u00bb, a expliqu\u00e9 le repr\u00e9sentant du conseil de l\u2019Ordre des m\u00e9decins du Nord.<\/p>\n<p class=\"paragraph text_align_left lp-f-body-02\">Une seule agression physique avec coups et blessures a \u00e9t\u00e9 recens\u00e9e. Les autres incidents concernent des intrusions dans le cabinet, du harc\u00e8lement, des vols ou encore des usurpations d\u2019identit\u00e9. \u00ab On atteint des niveaux de violence insupportables \u00bb, s\u2019inqui\u00e8te Jean-Philippe Platel. Par ailleurs, le conseil d\u00e9partemental du Nord de l\u2019Ordre des m\u00e9decins a indiqu\u00e9 qu\u2019il se porterait partie civile \u00ab d\u00e8s que les auteurs de l\u2019agression auront \u00e9t\u00e9 retrouv\u00e9s \u00bb.<\/p>\n","protected":false},"excerpt":{"rendered":"Apr\u00e8s une agression et des menaces de mort visant l\u2019un de ses praticiens, SOS M\u00e9decins a d\u00e9cid\u00e9 de&hellip;\n","protected":false},"author":2,"featured_media":225227,"comment_status":"","ping_status":"","sticky":false,"template":"","format":"standard","meta":{"footnotes":""},"categories":[2815],"tags":[1111,11,459,1777,674,118,1011,27,811,1307,12,8193,25],"class_list":{"0":"post-225226","1":"post","2":"type-post","3":"status-publish","4":"format-standard","5":"has-post-thumbnail","7":"category-lille","8":"tag-actu","9":"tag-actualites","10":"tag-departements-horsidfo","11":"tag-eu","12":"tag-europe","13":"tag-faits-divers","14":"tag-fr","15":"tag-france","16":"tag-hauts-de-france","17":"tag-lille","18":"tag-news","19":"tag-nord-59","20":"tag-republique-francaise"},"share_on_mastodon":{"url":"https:\/\/pubeurope.com\/@fr\/114794091255317905","error":""},"_links":{"self":[{"href":"https:\/\/www.europesays.com\/fr\/wp-json\/wp\/v2\/posts\/225226","targetHints":{"allow":["GET"]}}],"collection":[{"href":"https:\/\/www.europesays.com\/fr\/wp-json\/wp\/v2\/posts"}],"about":[{"href":"https:\/\/www.europesays.com\/fr\/wp-json\/wp\/v2\/types\/post"}],"author":[{"embeddable":true,"href":"https:\/\/www.europesays.com\/fr\/wp-json\/wp\/v2\/users\/2"}],"replies":[{"embeddable":true,"href":"https:\/\/www.europesays.com\/fr\/wp-json\/wp\/v2\/comments?post=225226"}],"version-history":[{"count":0,"href":"https:\/\/www.europesays.com\/fr\/wp-json\/wp\/v2\/posts\/225226\/revisions"}],"wp:featuredmedia":[{"embeddable":true,"href":"https:\/\/www.europesays.com\/fr\/wp-json\/wp\/v2\/media\/225227"}],"wp:attachment":[{"href":"https:\/\/www.europesays.com\/fr\/wp-json\/wp\/v2\/media?parent=225226"}],"wp:term":[{"taxonomy":"category","embeddable":true,"href":"https:\/\/www.europesays.com\/fr\/wp-json\/wp\/v2\/categories?post=225226"},{"taxonomy":"post_tag","embeddable":true,"href":"https:\/\/www.europesays.com\/fr\/wp-json\/wp\/v2\/tags?post=225226"}],"curies":[{"name":"wp","href":"https:\/\/api.w.org\/{rel}","templated":true}]}}