{"id":22523,"date":"2025-04-13T15:46:08","date_gmt":"2025-04-13T15:46:08","guid":{"rendered":"https:\/\/www.europesays.com\/fr\/22523\/"},"modified":"2025-04-13T15:46:08","modified_gmt":"2025-04-13T15:46:08","slug":"toprak-razgatlioglu-a-deja-une-solution-pour-motogp-si-cette-opportunite-est-definie","status":"publish","type":"post","link":"https:\/\/www.europesays.com\/fr\/22523\/","title":{"rendered":"Toprak Razgatlioglu a d\u00e9j\u00e0 une solution pour MotoGP : \u00ab Si cette opportunit\u00e9 est d\u00e9finie\u2026 \u00bb"},"content":{"rendered":"<p>Alors, Toprak Razgatlioglu va-t-il passer \u00e0 MotoGP ou rester dans le Championnat du Monde Superbike ? Son manager, Kenan Sofuoglu, a de nouveau abord\u00e9 la question, et il y a des d\u00e9veloppements qui ont enthousiasm\u00e9 le pilote ROKiT BMW.<\/p>\n<p>Le sujet est en cours de traitement, et selon ce que l\u2019ancien pilote a d\u00e9clar\u00e9 \u00e0 GPOne.com, il existe d\u00e9j\u00e0 un sc\u00e9nario possible : \u2018Au cours des deux derni\u00e8res semaines, nous avons essay\u00e9 de comprendre comment rendre ce transfert r\u00e9alit\u00e9. Nous avons trouv\u00e9 une solution, mais nous ne pouvons pas encore l\u2019annoncer, car en ce moment nous discutons et \u00e9valuons tout en d\u00e9tail. Si cette opportunit\u00e9 se concr\u00e9tise, dans quelques jours nous aurions trouv\u00e9 le projet \u00e0 construire\u2019.<\/p>\n<p>Sans r\u00e9v\u00e9ler les noms des \u00e9quipes, Sofuoglu a ensuite d\u00e9clar\u00e9 : \u2018Hier, j\u2019ai eu une r\u00e9union avec ce constructeur. L\u2019entreprise a des id\u00e9es, Toprak et moi avons partag\u00e9 les n\u00f4tres, et ils semblaient tr\u00e8s int\u00e9ress\u00e9s. En m\u00eame temps, il y a BMW, qui souhaite garder Toprak pour 2026. C\u2019est certainement une option, car ils sont contents de lui. Le fait est que le r\u00eave et le d\u00e9fi de Toprak est de concourir en MotoGP. C\u2019est ce qu\u2019il veut\u2019.<\/p>\n<p>Rejoindre une \u00e9quipe satellite comme Pramac ou celles de Ducati \u2013 qui sont pratiquement des extensions des \u00e9quipes d\u2019usine \u2013 n\u2019est plus un probl\u00e8me pour Razgatlioglu : \u2018Il veut le soutien du constructeur et la moto d\u2019usine, la couleur de la moto ne lui importe pas. D\u2019ailleurs, \u00e0 certaines occasions, un sponsor comme Red Bull pourrait changer la donne\u2019, a d\u00e9clar\u00e9 Sofuoglu.<\/p>\n<p>Le manager de Razgatlioglu a \u00e9galement comment\u00e9 : \u2018Avec BMW, nous avons une option pour rester en SBK. En ce qui concerne MotoGP, d\u2019autre part, en plus de Yamaha, il y a un autre constructeur int\u00e9ress\u00e9 par Toprak. Dans tous les cas, si l\u2019entreprise avec laquelle il a parl\u00e9 acceptait ce qu\u2019il a propos\u00e9, nous ne chercherions pas ailleurs\u2019.<\/p>\n","protected":false},"excerpt":{"rendered":"Alors, Toprak Razgatlioglu va-t-il passer \u00e0 MotoGP ou rester dans le Championnat du Monde Superbike ? Son manager,&hellip;\n","protected":false},"author":2,"featured_media":22524,"comment_status":"","ping_status":"","sticky":false,"template":"","format":"standard","meta":{"footnotes":""},"categories":[1413],"tags":[1011,27,8340,1457,1456,1458,60,8341,8342],"class_list":{"0":"post-22523","1":"post","2":"type-post","3":"status-publish","4":"format-standard","5":"has-post-thumbnail","7":"category-moto","8":"tag-fr","9":"tag-france","10":"tag-kenan-sofuoglu","11":"tag-moto","12":"tag-motocycle","13":"tag-motogp","14":"tag-sports","15":"tag-toprak-razgatlioglu","16":"tag-wsbk"},"share_on_mastodon":{"url":"https:\/\/pubeurope.com\/@fr\/114331437152480565","error":""},"_links":{"self":[{"href":"https:\/\/www.europesays.com\/fr\/wp-json\/wp\/v2\/posts\/22523","targetHints":{"allow":["GET"]}}],"collection":[{"href":"https:\/\/www.europesays.com\/fr\/wp-json\/wp\/v2\/posts"}],"about":[{"href":"https:\/\/www.europesays.com\/fr\/wp-json\/wp\/v2\/types\/post"}],"author":[{"embeddable":true,"href":"https:\/\/www.europesays.com\/fr\/wp-json\/wp\/v2\/users\/2"}],"replies":[{"embeddable":true,"href":"https:\/\/www.europesays.com\/fr\/wp-json\/wp\/v2\/comments?post=22523"}],"version-history":[{"count":0,"href":"https:\/\/www.europesays.com\/fr\/wp-json\/wp\/v2\/posts\/22523\/revisions"}],"wp:featuredmedia":[{"embeddable":true,"href":"https:\/\/www.europesays.com\/fr\/wp-json\/wp\/v2\/media\/22524"}],"wp:attachment":[{"href":"https:\/\/www.europesays.com\/fr\/wp-json\/wp\/v2\/media?parent=22523"}],"wp:term":[{"taxonomy":"category","embeddable":true,"href":"https:\/\/www.europesays.com\/fr\/wp-json\/wp\/v2\/categories?post=22523"},{"taxonomy":"post_tag","embeddable":true,"href":"https:\/\/www.europesays.com\/fr\/wp-json\/wp\/v2\/tags?post=22523"}],"curies":[{"name":"wp","href":"https:\/\/api.w.org\/{rel}","templated":true}]}}