{"id":225231,"date":"2025-07-04T08:48:10","date_gmt":"2025-07-04T08:48:10","guid":{"rendered":"https:\/\/www.europesays.com\/fr\/225231\/"},"modified":"2025-07-04T08:48:10","modified_gmt":"2025-07-04T08:48:10","slug":"jugement-tres-attendu-lundi-dans-le-proces-des-effondrements-de-la-rue-daubagne","status":"publish","type":"post","link":"https:\/\/www.europesays.com\/fr\/225231\/","title":{"rendered":"jugement tr\u00e8s attendu lundi dans le proc\u00e8s des effondrements de la rue d&rsquo;Aubagne"},"content":{"rendered":"<p>Apr\u00e8s un mois et demi de proc\u00e8s, le tribunal correctionnel de Marseille rendra ce lundi son jugement pour d\u00e9terminer les responsabilit\u00e9s dans les effondrements mortels de la rue d\u2019Aubagne. Un ancien adjoint au maire est sur le banc des pr\u00e9venus, au c\u00f4t\u00e9 d\u2019un expert ou encore de copropri\u00e9taires.<\/p>\n<p class=\"fig-paragraph\">Qui de\u00a0<a href=\"http:\/\/www.lefigaro.fr\/marseille\/proces-de-la-rue-d-aubagne-l-ancien-adjoint-de-gaudin-refuse-de-porter-la-responsabilite-entiere-de-la-ville-de-marseille-20241127\" data-fig-type=\"NewsFlash\" data-gtm-custom-categorie=\"navigation\" data-gtm-custom-action=\"crossclick\" data-gtm-custom-label=\"Contextuel\" data-gtm-event=\"customEventSPE\" data-fig-domain=\"LEFIGARO\" target=\"_blank\" rel=\"noopener\">l&rsquo;adjoint au maire<\/a>, de l&rsquo;expert, du syndic ou des copropri\u00e9taires peut \u00eatre tenu pour responsable des<a href=\"http:\/\/www.lefigaro.fr\/marseille\/effondrements-de-la-rue-d-aubagne-a-marseille-apres-six-semaines-de-proces-le-jugement-mis-en-delibere-au-7-juillet-2025-20241218\" data-fig-type=\"NewsFlash\" data-gtm-custom-categorie=\"navigation\" data-gtm-custom-action=\"crossclick\" data-gtm-custom-label=\"Contextuel\" data-gtm-event=\"customEventSPE\" data-fig-domain=\"LEFIGARO\" target=\"_blank\" rel=\"noopener\">\u00a0effondrements mortels de la rue d&rsquo;Aubagne<\/a>\u00a0\u00e0 Marseille en 2018\u00a0? R\u00e9ponse lundi avec le jugement tr\u00e8s attendu de ce drame du logement indigne.<\/p>\n<p class=\"fig-paragraph\">Ce proc\u00e8s, qui s&rsquo;est tenu pendant un mois et demi \u00e0 l&rsquo;automne dernier, \u00e9tait bien plus qu&rsquo;une simple affaire judiciaire et la \u00absalle des proc\u00e8s hors normes\u00bb s&rsquo;\u00e9tait transform\u00e9e en sorte d&rsquo;agora o\u00f9 se sont exprim\u00e9es toute la col\u00e8re et la tristesse d&rsquo;une ville qui avait \u00e9t\u00e9 traumatis\u00e9e de voir deux immeubles tomber au c\u0153ur du centre-ville comme des ch\u00e2teaux de carte, tuant huit personnes.<\/p>\n<p>                                    <a class=\"fig-a11y-skip a11y-hidden\" href=\"#fig-a11y-skip-main-inarticle\"><br \/>\n        Passer la publicit\u00e9<br \/>\n    <\/a><\/p>\n<p class=\"fig-paragraph\">Au fil des audiences, les larmes avaient abondamment coul\u00e9 face aux r\u00e9cits des parcours lumineux ou caboss\u00e9s des victimes, toutes locataires. Et notamment \u00e0 l&rsquo;\u00e9vocation du petit El Amine, fils d&rsquo;Ouloume Sa\u00efd Hassani, \u00abparti le matin avec son cartable et le soir, plus de maman, plus de v\u00eatements, plus rien\u00bb.<\/p>\n<p>Aucune mise \u00e0 l\u2019abri des locataires<\/p>\n<p class=\"fig-paragraph\">Les d\u00e9bats ont permis d&rsquo;\u00e9tablir que les effondrements des num\u00e9ros 63 (vide) et 65 \u00e9taient in\u00e9luctables vu l&rsquo;\u00e9tat du b\u00e2ti. Mais aucune mise \u00e0 l&rsquo;abri des locataires du 65 n&rsquo;avait \u00e9t\u00e9 d\u00e9cid\u00e9e et les travaux entrepris s&rsquo;\u00e9taient av\u00e9r\u00e9s inefficaces voire contreproductifs.<\/p>\n<p class=\"fig-paragraph\">Quelqu&rsquo;un en particulier peut-il en \u00eatre tenu responsable\u00a0? De l&rsquo;avis de tous, le d\u00e9bat juridique autour de cette question est extr\u00eamement complexe et le jugement, qui doit \u00eatre rendu \u00e0 partir de 10 heures, devrait \u00eatre long pour faire le point sur chacun des 16 pr\u00e9venus.<\/p>\n<p class=\"fig-paragraph\">L&rsquo;instruction avait renvoy\u00e9 devant le tribunal quatre personnes\u00a0: Julien Ruas, l&rsquo;adjoint du maire de l&rsquo;\u00e9poque, le LR\u00a0<a href=\"http:\/\/www.lefigaro.fr\/marseille\/a-marseille-le-dernier-adieu-a-jean-claude-gaudin-20240523\" data-fig-type=\"Article\" data-gtm-custom-categorie=\"navigation\" data-gtm-custom-action=\"crossclick\" data-gtm-custom-label=\"Contextuel\" data-gtm-event=\"customEventSPE\" data-fig-domain=\"LEFIGARO\" target=\"_blank\" rel=\"noopener\">Jean-Claude Gaudin,<\/a>\u00a0lui-m\u00eame d\u00e9c\u00e9d\u00e9 quelques mois avant le proc\u00e8s, l&rsquo;architecte Richard Carta qui avait expertis\u00e9 l&rsquo;immeuble moins de trois semaines avant son effondrement et deux personnes morales, le syndic du 65, le cabinet Liautard, et le bailleur social propri\u00e9taire du num\u00e9ro 63, laiss\u00e9 \u00e0 l&rsquo;\u00e9tat de ruine par Marseille Habitat.<\/p>\n<p class=\"fig-paragraph\">Ces poursuites avaient \u00e9t\u00e9 jug\u00e9es incompl\u00e8tes par certaines des parties civiles qui avaient d\u00e9cid\u00e9 de citer \u00e0 compara\u00eetre une douzaine de personnes suppl\u00e9mentaires, dont certains copropri\u00e9taires et des repr\u00e9sentants des deux personnes morales.<\/p>\n<p>                                    <a class=\"fig-a11y-skip a11y-hidden\" href=\"#fig-a11y-skip-main-inarticle_mtf\"><br \/>\n        Passer la publicit\u00e9<br \/>\n    <\/a><\/p>\n<p>Marchands de sommeil en prison<\/p>\n<p class=\"fig-paragraph\">\u00abLundi, on saura si on s&rsquo;est tromp\u00e9 ou pas en poursuivant les propri\u00e9taires du 65 rue d&rsquo;Aubagne. Ces citations montrent en tout cas que les parties civiles se sont empar\u00e9es de l&rsquo;action judiciaire face aux carences de l&rsquo;instruction\u00bb, explique \u00e0 l&rsquo;AFP Me Brice Grazzini, qui d\u00e9fend une trentaine des quelque 90 parties civiles.<\/p>\n<p class=\"fig-paragraph\">Pour lui, il serait important que les quatre principaux mis en cause soient condamn\u00e9s pour homicides involontaires par violation manifestement d\u00e9lib\u00e9r\u00e9e d&rsquo;une obligation de s\u00e9curit\u00e9 et que les copropri\u00e9taires le soient pour soumission de personnes vuln\u00e9rables \u00e0 des conditions d&rsquo;h\u00e9bergement indignes.<\/p>\n<p class=\"fig-paragraph\">\u00c0 Marseille, o\u00f9 ce fl\u00e9au prosp\u00e8re sur la pr\u00e9carit\u00e9, ces d\u00e9cisions comptent. Depuis le drame, la justice de la 2e ville de France n&rsquo;h\u00e9site d&rsquo;ailleurs plus \u00e0 envoyer les marchands de sommeil en prison comme en mars<a href=\"http:\/\/www.lefigaro.fr\/marseille\/marseille-le-proprietaire-de-29-appartements-d-un-bidonville-vertical-devant-la-justice-20250130\" data-fig-type=\"NewsFlash\" data-gtm-custom-categorie=\"navigation\" data-gtm-custom-action=\"crossclick\" data-gtm-custom-label=\"Contextuel\" data-gtm-event=\"customEventSPE\" data-fig-domain=\"LEFIGARO\" target=\"_blank\" rel=\"noopener\">\u00a0lorsqu&rsquo;elle a condamn\u00e9 le propri\u00e9taire d&rsquo;une trentaine de studios insalubres dans une ex-r\u00e9sidence universitaire.<\/a><\/p>\n<p class=\"fig-paragraph\">Dans le dossier de la rue d&rsquo;Aubagne, le procureur Michel Sastre avait estim\u00e9 que la quasi-totalit\u00e9 des 16 pr\u00e9venus \u00e9taient coupables, r\u00e9clamant de lourdes peines, la plus importante \u00e0 l&rsquo;\u00e9gard d&rsquo;un copropri\u00e9taire, Xavier Cachard: cinq ans de prison dont trois ferme.<\/p>\n<p>Julien Ruas, seul \u00e9lu municipal sur le banc des pr\u00e9venus<\/p>\n<p class=\"fig-paragraph\">\u00c0 l\u2019\u00e9poque cet \u00e9lu r\u00e9gional avait la double casquette de propri\u00e9taire et avocat du syndic. Et pour Michel Sastre les copropri\u00e9taires avaient bien \u00abconnaissance des probl\u00e8mes structurels de l&rsquo;immeuble\u00bb mais avaient \u00abjou\u00e9 la montre\u00bb pour \u00abd\u00e9penser le plus tard et le moins possible\u00bb.<\/p>\n<p>                                    <a class=\"fig-a11y-skip a11y-hidden\" href=\"#fig-a11y-skip-main-inarticle_btf\"><br \/>\n        Passer la publicit\u00e9<br \/>\n    <\/a><\/p>\n<p class=\"fig-paragraph\">Des peines significatives avaient aussi \u00e9t\u00e9 r\u00e9clam\u00e9es contre Richard Carta, l&rsquo;expert-architecte qui n&rsquo;avait pas ordonn\u00e9 l&rsquo;\u00e9vacuation de l&rsquo;immeuble (trois ans de prison dont deux ferme) et contre Julien Ruas (trois ans de prison), seul \u00e9lu municipal poursuivi dans cette affaire qui avait jet\u00e9 une lumi\u00e8re crue sur l&rsquo;inaction de l&rsquo;\u00e9quipe de Jean-Claude Gaudin, dont le parti perdra la mairie deux ans plus tard face \u00e0 une coalition gauche-\u00e9cologistes-soci\u00e9t\u00e9 civile.<\/p>\n<p class=\"fig-paragraph\">Durant les d\u00e9bats, les pr\u00e9venus ont eux contest\u00e9 en bloc, les avocats plaidant des relaxes en cascade. Julien Ruas, charg\u00e9 de la pr\u00e9vention de la gestion des risques urbains, de la police des immeubles en p\u00e9ril, avait dit refuser \u00abd&rsquo;endosser toutes les responsabilit\u00e9s de la mairie de Marseille\u00bb.<\/p>\n<p class=\"fig-paragraph\">\u00abEst-ce qu&rsquo;il avait les moyens de remplir sa d\u00e9l\u00e9gation\u00a0? Je ne pense pas. Est-ce que pour autant il a commis une faute p\u00e9nale\u00a0? Je ne pense pas\u00bb, dit aujourd&rsquo;hui \u00e0 l&rsquo;AFP l&rsquo;un de ses avocats, Erick Campana.<\/p>\n","protected":false},"excerpt":{"rendered":"Apr\u00e8s un mois et demi de proc\u00e8s, le tribunal correctionnel de Marseille rendra ce lundi son jugement pour&hellip;\n","protected":false},"author":2,"featured_media":225232,"comment_status":"","ping_status":"","sticky":false,"template":"","format":"standard","meta":{"footnotes":""},"categories":[2814],"tags":[1111,11,7122,1777,674,1011,27,1908,884,12,2694,882,25],"class_list":{"0":"post-225231","1":"post","2":"type-post","3":"status-publish","4":"format-standard","5":"has-post-thumbnail","7":"category-marseille","8":"tag-actu","9":"tag-actualites","10":"tag-effondrement","11":"tag-eu","12":"tag-europe","13":"tag-fr","14":"tag-france","15":"tag-logement","16":"tag-marseille","17":"tag-news","18":"tag-proces","19":"tag-provence-alpes-cote-dazur","20":"tag-republique-francaise"},"share_on_mastodon":{"url":"https:\/\/pubeurope.com\/@fr\/114794103161031758","error":""},"_links":{"self":[{"href":"https:\/\/www.europesays.com\/fr\/wp-json\/wp\/v2\/posts\/225231","targetHints":{"allow":["GET"]}}],"collection":[{"href":"https:\/\/www.europesays.com\/fr\/wp-json\/wp\/v2\/posts"}],"about":[{"href":"https:\/\/www.europesays.com\/fr\/wp-json\/wp\/v2\/types\/post"}],"author":[{"embeddable":true,"href":"https:\/\/www.europesays.com\/fr\/wp-json\/wp\/v2\/users\/2"}],"replies":[{"embeddable":true,"href":"https:\/\/www.europesays.com\/fr\/wp-json\/wp\/v2\/comments?post=225231"}],"version-history":[{"count":0,"href":"https:\/\/www.europesays.com\/fr\/wp-json\/wp\/v2\/posts\/225231\/revisions"}],"wp:featuredmedia":[{"embeddable":true,"href":"https:\/\/www.europesays.com\/fr\/wp-json\/wp\/v2\/media\/225232"}],"wp:attachment":[{"href":"https:\/\/www.europesays.com\/fr\/wp-json\/wp\/v2\/media?parent=225231"}],"wp:term":[{"taxonomy":"category","embeddable":true,"href":"https:\/\/www.europesays.com\/fr\/wp-json\/wp\/v2\/categories?post=225231"},{"taxonomy":"post_tag","embeddable":true,"href":"https:\/\/www.europesays.com\/fr\/wp-json\/wp\/v2\/tags?post=225231"}],"curies":[{"name":"wp","href":"https:\/\/api.w.org\/{rel}","templated":true}]}}