{"id":225235,"date":"2025-07-04T08:50:10","date_gmt":"2025-07-04T08:50:10","guid":{"rendered":"https:\/\/www.europesays.com\/fr\/225235\/"},"modified":"2025-07-04T08:50:10","modified_gmt":"2025-07-04T08:50:10","slug":"le-presque-candidat-jean-michel-aulas-a-envie-de-lumiere-pour-lyon-liberation","status":"publish","type":"post","link":"https:\/\/www.europesays.com\/fr\/225235\/","title":{"rendered":"le presque candidat Jean-Michel Aulas a \u00abenvie de lumi\u00e8re\u00bb pour Lyon \u2013 Lib\u00e9ration"},"content":{"rendered":"<p class=\"sc-ksZaOG ehjQrN text-element\">Il va y aller, mais \u00e0 la rentr\u00e9e. Jeudi 3 juillet, l\u2019ancien pr\u00e9sident de l\u2019Olympique lyonnais, Jean-Michel Aulas, <a href=\"https:\/\/www.liberation.fr\/politique\/linterminable-teasing-de-la-candidature-de-jean-michel-aulas-a-lyon-20250610_GZ6SLWGXRZGTBPXOHDCDTFNKWA\/\" target=\"_blank\" rel=\"noopener\" title=\"https:\/\/www.liberation.fr\/politique\/linterminable-teasing-de-la-candidature-de-jean-michel-aulas-a-lyon-20250610_GZ6SLWGXRZGTBPXOHDCDTFNKWA\/\">n\u2019a plus fait myst\u00e8re de sa candidature<\/a> \u00e0 la mairie de Lyon, une \u00abgrande responsabilit\u00e9\u00bb, tout en reportant \u00e0 fin ao\u00fbt ou d\u00e9but septembre sa d\u00e9claration officielle et son entr\u00e9e en campagne pour les \u00e9lections municipales de 2026.<\/p>\n<p class=\"sc-ksZaOG ehjQrN text-element\">\u00abAujourd\u2019hui, j\u2019ai envie de rendre \u00e0 Lyon tout ce que Lyon m\u2019a apport\u00e9, j\u2019ai envie de rendre aux Lyonnaises et aux Lyonnais ce bien-\u00eatre dont on parle, j\u2019ai envie de bienveillance dans les actes politiques et j\u2019ai envie de lumi\u00e8re, Lyon est une ville d\u2019attractivit\u00e9 fantastique\u00bb, a-t-il d\u00e9clar\u00e9 face \u00e0 un pool de journalistes serr\u00e9 comme un <a href=\"https:\/\/www.liberation.fr\/sports\/football\/foot-les-lyonnaises-championnes-de-france-pour-la-18e-fois-20250516_Y7IFCVFETBAJLLTVBVPBYTPI3E\/\" target=\"_blank\" rel=\"noopener\" title=\"https:\/\/www.liberation.fr\/sports\/football\/foot-les-lyonnaises-championnes-de-france-pour-la-18e-fois-20250516_Y7IFCVFETBAJLLTVBVPBYTPI3E\/\">soir de grand match<\/a>.<\/p>\n<p class=\"sc-ksZaOG ehjQrN text-element\">Mais \u00abil faut r\u00e9fl\u00e9chir avant de s\u2019engager avec toute l\u2019\u00e9nergie n\u00e9cessaire\u00bb et \u00abil faut \u00eatre un peu patient par rapport \u00e0 u<\/p>\n","protected":false},"excerpt":{"rendered":"Il va y aller, mais \u00e0 la rentr\u00e9e. Jeudi 3 juillet, l\u2019ancien pr\u00e9sident de l\u2019Olympique lyonnais, Jean-Michel Aulas,&hellip;\n","protected":false},"author":2,"featured_media":225236,"comment_status":"","ping_status":"","sticky":false,"template":"","format":"standard","meta":{"footnotes":""},"categories":[1889],"tags":[1111,11,2430,1777,674,1011,27,2428,5945,12,25],"class_list":{"0":"post-225235","1":"post","2":"type-post","3":"status-publish","4":"format-standard","5":"has-post-thumbnail","7":"category-lyon","8":"tag-actu","9":"tag-actualites","10":"tag-auvergne-rhone-alpes","11":"tag-eu","12":"tag-europe","13":"tag-fr","14":"tag-france","15":"tag-lyon","16":"tag-municipales-elections","17":"tag-news","18":"tag-republique-francaise"},"share_on_mastodon":{"url":"https:\/\/pubeurope.com\/@fr\/114794110837397778","error":""},"_links":{"self":[{"href":"https:\/\/www.europesays.com\/fr\/wp-json\/wp\/v2\/posts\/225235","targetHints":{"allow":["GET"]}}],"collection":[{"href":"https:\/\/www.europesays.com\/fr\/wp-json\/wp\/v2\/posts"}],"about":[{"href":"https:\/\/www.europesays.com\/fr\/wp-json\/wp\/v2\/types\/post"}],"author":[{"embeddable":true,"href":"https:\/\/www.europesays.com\/fr\/wp-json\/wp\/v2\/users\/2"}],"replies":[{"embeddable":true,"href":"https:\/\/www.europesays.com\/fr\/wp-json\/wp\/v2\/comments?post=225235"}],"version-history":[{"count":0,"href":"https:\/\/www.europesays.com\/fr\/wp-json\/wp\/v2\/posts\/225235\/revisions"}],"wp:featuredmedia":[{"embeddable":true,"href":"https:\/\/www.europesays.com\/fr\/wp-json\/wp\/v2\/media\/225236"}],"wp:attachment":[{"href":"https:\/\/www.europesays.com\/fr\/wp-json\/wp\/v2\/media?parent=225235"}],"wp:term":[{"taxonomy":"category","embeddable":true,"href":"https:\/\/www.europesays.com\/fr\/wp-json\/wp\/v2\/categories?post=225235"},{"taxonomy":"post_tag","embeddable":true,"href":"https:\/\/www.europesays.com\/fr\/wp-json\/wp\/v2\/tags?post=225235"}],"curies":[{"name":"wp","href":"https:\/\/api.w.org\/{rel}","templated":true}]}}