{"id":22525,"date":"2025-04-13T15:47:11","date_gmt":"2025-04-13T15:47:11","guid":{"rendered":"https:\/\/www.europesays.com\/fr\/22525\/"},"modified":"2025-04-13T15:47:11","modified_gmt":"2025-04-13T15:47:11","slug":"michael-schumacher-a-donne-un-nouveau-signe-de-vie-dune-maniere-plutot-originale-cest-fantastique-que-michael-ait-pu-le-faire","status":"publish","type":"post","link":"https:\/\/www.europesays.com\/fr\/22525\/","title":{"rendered":"Michael Schumacher a donn\u00e9 un nouveau signe de vie d&rsquo;une mani\u00e8re plut\u00f4t originale\u00a0: \u00ab\u00a0C&rsquo;est fantastique que Michael ait pu le faire\u00a0\u00bb"},"content":{"rendered":"<p class=\"ap-StoryElement ap-StoryElement--mb ap-StoryText\">Douze ans apr\u00e8s son accident de ski, Michael Schumacher a donn\u00e9 un nouveau signe de vie. Le septuple champion du monde de Formule 1 a sign\u00e9 un casque qui sera vendu aux ench\u00e8res au profit de l&rsquo;association caritative \u00ab\u00a0Race Against Dementia\u00a0\u00bb de Jackie Stewart.<\/p>\n<p class=\"ap-StoryElement ap-StoryElement--mb ap-StoryText\">Jackie Stewart a fait signer le casque qu&rsquo;il portait en 1973, lors de sa derni\u00e8re saison en Formule 1, par tous les champions du monde encore en vie. \u00ab\u00a0C&rsquo;est fantastique que Michael ait pu le faire aussi\u00a0\u00bb, a d\u00e9clar\u00e9 au Daily Mail Jackie Stewart, 85 ans, lui-m\u00eame champion du monde en 1969, 1971 et 1973. \u00ab\u00a0Avec l&rsquo;aide de sa femme Corinna, il a appos\u00e9 ses initiales MS sur le casque. Cela a compl\u00e9t\u00e9 l&rsquo;ensemble\u00a0\u00bb.<\/p>\n","protected":false},"excerpt":{"rendered":"Douze ans apr\u00e8s son accident de ski, Michael Schumacher a donn\u00e9 un nouveau signe de vie. Le septuple&hellip;\n","protected":false},"author":2,"featured_media":22526,"comment_status":"","ping_status":"","sticky":false,"template":"","format":"standard","meta":{"footnotes":""},"categories":[1412],"tags":[17,8343,1451,2257,63,1452,1453,1454,1455,1011,27,8344,8345,8346,955,8347,8348,8349,8350,8351,2186,8352,8353,8354,8355,8356,8357,8358,8359,8360,60,4403,8361,8362,8363,8364,8365],"class_list":{"0":"post-22525","1":"post","2":"type-post","3":"status-publish","4":"format-standard","5":"has-post-thumbnail","7":"category-f1","8":"tag-17","9":"tag-bleu-et-jaune","10":"tag-f1","11":"tag-foot","12":"tag-football","13":"tag-formula-1","14":"tag-formula1","15":"tag-formule-1","16":"tag-formule1","17":"tag-fr","18":"tag-france","19":"tag-game","20":"tag-jpl","21":"tag-jupiler-pro-league","22":"tag-match","23":"tag-mauve-et-blanc","24":"tag-mauves","25":"tag-paars","26":"tag-paarswit","27":"tag-play-off","28":"tag-play-offs","29":"tag-playoff","30":"tag-royale-union","31":"tag-rsc-anderlecht","32":"tag-rsca","33":"tag-saint-gilloise","34":"tag-saint-gilles","35":"tag-sint-gillis","36":"tag-soccer","37":"tag-sporting","38":"tag-sports","39":"tag-union","40":"tag-unionistes","41":"tag-usg","42":"tag-voetbal","43":"tag-wedstrijd","44":"tag-xavier-piron"},"share_on_mastodon":{"url":"","error":"Validation failed: Text character limit of 500 exceeded"},"_links":{"self":[{"href":"https:\/\/www.europesays.com\/fr\/wp-json\/wp\/v2\/posts\/22525","targetHints":{"allow":["GET"]}}],"collection":[{"href":"https:\/\/www.europesays.com\/fr\/wp-json\/wp\/v2\/posts"}],"about":[{"href":"https:\/\/www.europesays.com\/fr\/wp-json\/wp\/v2\/types\/post"}],"author":[{"embeddable":true,"href":"https:\/\/www.europesays.com\/fr\/wp-json\/wp\/v2\/users\/2"}],"replies":[{"embeddable":true,"href":"https:\/\/www.europesays.com\/fr\/wp-json\/wp\/v2\/comments?post=22525"}],"version-history":[{"count":0,"href":"https:\/\/www.europesays.com\/fr\/wp-json\/wp\/v2\/posts\/22525\/revisions"}],"wp:featuredmedia":[{"embeddable":true,"href":"https:\/\/www.europesays.com\/fr\/wp-json\/wp\/v2\/media\/22526"}],"wp:attachment":[{"href":"https:\/\/www.europesays.com\/fr\/wp-json\/wp\/v2\/media?parent=22525"}],"wp:term":[{"taxonomy":"category","embeddable":true,"href":"https:\/\/www.europesays.com\/fr\/wp-json\/wp\/v2\/categories?post=22525"},{"taxonomy":"post_tag","embeddable":true,"href":"https:\/\/www.europesays.com\/fr\/wp-json\/wp\/v2\/tags?post=22525"}],"curies":[{"name":"wp","href":"https:\/\/api.w.org\/{rel}","templated":true}]}}