{"id":225251,"date":"2025-07-04T08:58:11","date_gmt":"2025-07-04T08:58:11","guid":{"rendered":"https:\/\/www.europesays.com\/fr\/225251\/"},"modified":"2025-07-04T08:58:11","modified_gmt":"2025-07-04T08:58:11","slug":"guerre-en-ukraine-donald-trump-reconnait-navoir-fait-aucun-progres-avec-vladimir-poutine-04-07-2025-a-1021","status":"publish","type":"post","link":"https:\/\/www.europesays.com\/fr\/225251\/","title":{"rendered":"Guerre en Ukraine : Donald Trump reconna\u00eet n&rsquo;avoir \u00ab\u00a0fait aucun progr\u00e8s\u00a0\u00bb avec Vladimir Poutine &#8211; 04\/07\/2025 \u00e0 10:21"},"content":{"rendered":"<p> Vladimir Poutine a assur\u00e9 \u00e0 Donald Trump que la Russie ne \u00ab\u00a0renoncera pas \u00e0 ses objectifs\u00a0\u00bb en Ukraine.<\/p>\n<p>        <img fetchpriority=\"high\" decoding=\"async\" src=\"https:\/\/www.europesays.com\/fr\/wp-content\/uploads\/2025\/07\/96c99281d2b35e6c2ec87ac0f20f3949-760x507.jpg\" alt=\"Donald Trump \u00e0 Des Moines, aux Etats-Unis, le 3 juillet 2025. ( GETTY IMAGES NORTH AMERICA \/ SCOTT OLSON )\" loading=\"eager\" width=\"760\" height=\"507\" style=\"max-width: 100%!important; height: auto;\"\/><\/p>\n<p class=\"c-image-news__legend\">Donald Trump \u00e0 Des Moines, aux Etats-Unis, le 3 juillet 2025. ( GETTY IMAGES NORTH AMERICA \/ SCOTT OLSON )<\/p>\n<p>\n Donald Trump nest \u00ab\u00a0pas content\u00a0\u00bb avec un nouvel appel t\u00e9l\u00e9phonique avec Vladimir Poutine. Le pr\u00e9sident am\u00e9ricain a reconnu n&rsquo;avoir fait \u00ab\u00a0aucun progr\u00e8s\u00a0\u00bb pour mettre un terme \u00e0 la guerre en Ukraine, a-t-il reconnu jeudi 3 juillet.\n<\/p>\n<p>\n \u00ab\u00a0Non, je n&rsquo;ai fait aucun progr\u00e8s\u00a0\u00bb lors de cette conversation, a d\u00e9clar\u00e9 le pr\u00e9sident am\u00e9ricain \u00e0 la presse, ajoutant qu&rsquo;il n&rsquo;\u00e9tait \u00ab\u00a0pas content\u00a0\u00bb de la guerre en cours entre les deux pays.\n<\/p>\n<p>\n Le pr\u00e9sident russe venait de lui dire que<br \/>\n <strong><br \/>\n  la Russie \u00ab\u00a0ne renoncera pas \u00e0 ses objectifs\u00a0\u00bb en Ukraine<br \/>\n <\/strong><br \/>\n , tout en se disant ouvert \u00e0 la poursuite des n\u00e9gociations avec Kiev. Il s&rsquo;agissait de la sixi\u00e8me discussion entre les deux dirigeants depuis le retour de Donald Trump \u00e0 la Maison Blanche en janvier.\n<\/p>\n<p>\n Elle est intervenue au lendemain de<br \/>\n <a href=\"https:\/\/www.boursorama.com\/actualite-economique\/actualites\/kiev-appelle-a-une-aide-militaire-continue-de-washington-qui-minimise-l-arret-de-livraisons-d-armes-1f370d002dbbe789a20834b200047a7c\" title=\"Kiev appelle \u00e0 une aide militaire  continue  de Washington, qui minimise l arr\u00eat de livraisons d armes\" rel=\"nofollow noopener\" target=\"_blank\"><br \/>\n  l&rsquo;annonce par Washington d&rsquo;une pause dans la livraison de certaines armes \u00e0 l&rsquo;Ukraine<br \/>\n <\/a><br \/>\n , plus de trois ans et demi apr\u00e8s le d\u00e9but de l&rsquo;offensive russe. Les Etats-Unis sont le principal pourvoyeur d&rsquo;aide militaire \u00e0 l&rsquo;Ukraine et cette d\u00e9cision risque de mettre Kiev dans une position difficile \u00e0 un moment o\u00f9 les troupes russes continuent d&rsquo;avancer sur le front.\n<\/p>\n<p>\n En d\u00e9placement au Danemark jeudi, le pr\u00e9sident ukrainien Volodymyr Zelensky a appel\u00e9 les Europ\u00e9ens \u00e0 accro\u00eetre leur soutien face \u00e0 ce qui s&rsquo;apparente \u00e0 un d\u00e9sengagement am\u00e9ricain.\n<\/p>\n<p>\n L&rsquo;\u00e9change entre Vladimir Poutine et Donald Trump jeudi, qui a dur\u00e9 environ une heure, a \u00e9t\u00e9 qualifi\u00e9 devant les journalistes de \u00ab\u00a0franc\u00a0\u00bb par le conseiller diplomatique du Kremlin, Iouri Ouchakov. La Russie \u00ab\u00a0continue \u00e0 rechercher une solution politique et n\u00e9goci\u00e9e au conflit\u00a0\u00bb avec l&rsquo;Ukraine, a affirm\u00e9 le pr\u00e9sident russe \u00e0 son homologue, selon Iouri Ouchakov.\n<\/p>\n<p> Rapprochement avec Moscou<\/p>\n<p>\n <strong><br \/>\n  Vladimir Poutine a \u00ab\u00a0soulign\u00e9 la volont\u00e9 de la partie russe de poursuivre le processus de n\u00e9gociation\u00a0\u00bb<br \/>\n <\/strong><br \/>\n entam\u00e9 \u00e0 Istanbul, o\u00f9 ont r\u00e9cemment eu lieu deux sessions de pourparlers directs russo-ukrainiens aux maigres r\u00e9sultats.\n<\/p>\n<p>\n <strong><br \/>\n  Mais \u00ab\u00a0la Russie ne renoncera pas \u00e0 ces objectifs\u00a0\u00bb<br \/>\n <\/strong><br \/>\n , a insist\u00e9 le conseiller. Moscou r\u00e9clame notamment de l&rsquo;Ukraine qu&rsquo;elle lui c\u00e8de quatre r\u00e9gions partiellement occup\u00e9es, en plus de la Crim\u00e9e annex\u00e9e en 2014, et qu&rsquo;elle renonce \u00e0 entrer dans l&rsquo;Otan. Des conditions inacceptables pour Kiev.\n<\/p>\n<p>\n Les deux pr\u00e9sidents ont \u00e9galement \u00e9voqu\u00e9 les conflits au Moyen-Orient, dont la r\u00e9cente guerre entre l&rsquo;Iran et Isra\u00ebl et la Syrie, le chef de l&rsquo;Etat russe ayant plaid\u00e9 pour un r\u00e8glement \u00ab\u00a0exclusivement par des moyens politiques et diplomatiques\u00a0\u00bb, d&rsquo;apr\u00e8s Iouri Ouchakov.\n<\/p>\n<p>\n Donald Trump a op\u00e9r\u00e9<br \/>\n <strong><br \/>\n  un rapprochement inattendu avec Moscou<br \/>\n <\/strong><br \/>\n , reprenant le contact avec Vladimir Poutine et allant parfois jusqu&rsquo;\u00e0 faire porter \u00e0 l&rsquo;Ukraine la responsabilit\u00e9 de la situation actuelle. Le pr\u00e9sident am\u00e9ricain s&rsquo;\u00e9tait r\u00e9cemment dit frustr\u00e9 par l&rsquo;absence de progr\u00e8s pour trouver une issue \u00e0 ce conflit qu&rsquo;il avait promis de r\u00e9gler rapidement.\n<\/p>\n<p>\n Mardi, c&rsquo;\u00e9tait le pr\u00e9sident fran\u00e7ais Emmanuel Macron qui avait parl\u00e9 au t\u00e9l\u00e9phone avec Vladimir Poutine, pour la premi\u00e8re fois depuis 2022, \u00e0 l&rsquo;encontre de la politique visant \u00e0 isoler le ma\u00eetre du Kremlin pr\u00f4n\u00e9e par les Europ\u00e9ens.\n<\/p>\n<p>\n Kiev et ses alli\u00e9s occidentaux r\u00e9clament depuis des mois un cessez-le-feu en Ukraine, auquel se refuse Moscou qui estime qu&rsquo;une pause dans les combats donnerait aux Ukrainiens l&rsquo;opportunit\u00e9 de se r\u00e9armer gr\u00e2ce aux livraisons occidentales.\n<\/p>\n<p> \u00ab\u00a0Doutes\u00a0\u00bb sur la poursuite du soutien am\u00e9ricain<\/p>\n<p>\n Volodymyr Zelensky, qui avait pr\u00e9c\u00e9demment appel\u00e9 Donald Trump \u00e0 \u00ab\u00a0changer de ton\u00a0\u00bb avec la Russie et \u00e0 lui imposer de nouvelles sanctions, a soulign\u00e9 jeudi que<br \/>\n <strong><br \/>\n  des \u00ab\u00a0doutes\u00a0\u00bb planaient \u00ab\u00a0sur la poursuite du soutien am\u00e9ricain \u00e0 l&rsquo;Europe\u00a0\u00bb.<br \/>\n <\/strong><br \/>\n Il a ainsi exhort\u00e9 \u00e0 \u00ab\u00a0renforcer notre coop\u00e9ration et notre coordination au sein de l&rsquo;UE et de l&rsquo;Otan\u00a0\u00bb, deux organisations que l&rsquo;Ukraine ambitionne de rejoindre.\n<\/p>\n<p>\n Dans ce contexte, le chef de l&rsquo;Etat ukrainien a dit esp\u00e9rer s&rsquo;entretenir avec Donald Trump \u00ab\u00a0demain ou dans les prochains jours\u00a0\u00bb. Les deux dirigeants s&rsquo;\u00e9taient rencontr\u00e9s en marge du sommet de l&rsquo;Otan \u00e0 La Haye la semaine derni\u00e8re.\n<\/p>\n<p>\n Sur le terrain, les bombardements et les combats ont continu\u00e9 jeudi. Huit personnes ont \u00e9t\u00e9 tu\u00e9es et une dizaine d&rsquo;autres bless\u00e9es dans plusieurs frappes russes, notamment sur la ville de Poltava, o\u00f9 a \u00e9t\u00e9 touch\u00e9 un centre de recrutement de l&rsquo;arm\u00e9e, et \u00e0 Odessa, un grand port sur la mer Noire, ont annonc\u00e9 des responsables ukrainiens.\n<\/p>\n<p>\n C\u00f4t\u00e9 russe, dans la nuit de mercredi \u00e0 jeudi, des frappes de drones ukrainiens ont fait un mort et deux bless\u00e9s dans la r\u00e9gion de Lipetsk, \u00e0 environ 400 km au sud-est de Moscou, selon les autorit\u00e9s locales.\n<\/p>\n<p>\n <strong><br \/>\n  L&rsquo;arm\u00e9e russe, qui occupe environ 20% du territoire ukrainien,<br \/>\n <\/strong><br \/>\n a quant \u00e0 elle revendiqu\u00e9 jeudi la prise de Milov\u00e9, une localit\u00e9 frontali\u00e8re dans la r\u00e9gion ukrainienne de Kharkiv (nord-est). Cette avanc\u00e9e ouvre un nouvel angle d&rsquo;attaque dans cette zone qui n&rsquo;a pas connu de mouvements depuis de nombreux mois.<\/p>\n","protected":false},"excerpt":{"rendered":"Vladimir Poutine a assur\u00e9 \u00e0 Donald Trump que la Russie ne \u00ab\u00a0renoncera pas \u00e0 ses objectifs\u00a0\u00bb en Ukraine.&hellip;\n","protected":false},"author":2,"featured_media":225252,"comment_status":"","ping_status":"","sticky":false,"template":"","format":"standard","meta":{"footnotes":""},"categories":[1590],"tags":[400,11,398,408,405,1777,674,403,402,399,404,12,401,406,220,407],"class_list":{"0":"post-225251","1":"post","2":"type-post","3":"status-publish","4":"format-standard","5":"has-post-thumbnail","7":"category-ukraine","8":"tag-action-cac-40","9":"tag-actualites","10":"tag-bourse-de-paris","11":"tag-boursorama","12":"tag-cotations","13":"tag-eu","14":"tag-europe","15":"tag-indices-devises","16":"tag-investir","17":"tag-investissement","18":"tag-marche-boursier","19":"tag-news","20":"tag-sicav","21":"tag-trackers","22":"tag-ukraine","23":"tag-warrants"},"share_on_mastodon":{"url":"https:\/\/pubeurope.com\/@fr\/114794142473716257","error":""},"_links":{"self":[{"href":"https:\/\/www.europesays.com\/fr\/wp-json\/wp\/v2\/posts\/225251","targetHints":{"allow":["GET"]}}],"collection":[{"href":"https:\/\/www.europesays.com\/fr\/wp-json\/wp\/v2\/posts"}],"about":[{"href":"https:\/\/www.europesays.com\/fr\/wp-json\/wp\/v2\/types\/post"}],"author":[{"embeddable":true,"href":"https:\/\/www.europesays.com\/fr\/wp-json\/wp\/v2\/users\/2"}],"replies":[{"embeddable":true,"href":"https:\/\/www.europesays.com\/fr\/wp-json\/wp\/v2\/comments?post=225251"}],"version-history":[{"count":0,"href":"https:\/\/www.europesays.com\/fr\/wp-json\/wp\/v2\/posts\/225251\/revisions"}],"wp:featuredmedia":[{"embeddable":true,"href":"https:\/\/www.europesays.com\/fr\/wp-json\/wp\/v2\/media\/225252"}],"wp:attachment":[{"href":"https:\/\/www.europesays.com\/fr\/wp-json\/wp\/v2\/media?parent=225251"}],"wp:term":[{"taxonomy":"category","embeddable":true,"href":"https:\/\/www.europesays.com\/fr\/wp-json\/wp\/v2\/categories?post=225251"},{"taxonomy":"post_tag","embeddable":true,"href":"https:\/\/www.europesays.com\/fr\/wp-json\/wp\/v2\/tags?post=225251"}],"curies":[{"name":"wp","href":"https:\/\/api.w.org\/{rel}","templated":true}]}}