{"id":225257,"date":"2025-07-04T09:01:11","date_gmt":"2025-07-04T09:01:11","guid":{"rendered":"https:\/\/www.europesays.com\/fr\/225257\/"},"modified":"2025-07-04T09:01:11","modified_gmt":"2025-07-04T09:01:11","slug":"une-vingtaine-de-blesses-dans-un-accident-de-bus-sur-une-autoroute-allemande","status":"publish","type":"post","link":"https:\/\/www.europesays.com\/fr\/225257\/","title":{"rendered":"Une vingtaine de bless\u00e9s dans un accident de bus sur une autoroute allemande"},"content":{"rendered":"<p>\u00c0 bord du bus parti de Copenhague, au Danemark, \u00e0 destination de Vienne, en Autriche, via la capitale allemande Berlin, il y avait 53 voyageurs et deux chauffeurs. L\u2019accident s\u2019est produit vers 2h40 \u00e0 hauteur de l\u2019\u00e9changeur de R\u00f6bel. La cause de l\u2019accident reste floue pour le moment. La voie en direction de Berlin est totalement ferm\u00e9e. Les services de secours, pompiers, h\u00e9licopt\u00e8res de sauvetage et police de la route sont \u00e0 pied d\u2019\u0153uvre. Les voyageurs qui n\u2019ont pas \u00e9t\u00e9 bless\u00e9s ont \u00e9t\u00e9 amen\u00e9s \u00e0 R\u00f6bel par un autre bus.<\/p>\n","protected":false},"excerpt":{"rendered":"\u00c0 bord du bus parti de Copenhague, au Danemark, \u00e0 destination de Vienne, en Autriche, via la capitale&hellip;\n","protected":false},"author":2,"featured_media":225258,"comment_status":"","ping_status":"","sticky":false,"template":"","format":"standard","meta":{"footnotes":""},"categories":[1587],"tags":[11,672,1804,1805,1803,1777,674,1801,12,1802],"class_list":{"0":"post-225257","1":"post","2":"type-post","3":"status-publish","4":"format-standard","5":"has-post-thumbnail","7":"category-allemagne","8":"tag-actualites","9":"tag-allemagne","10":"tag-bundesrepublik-deutschland","11":"tag-de","12":"tag-deutschland","13":"tag-eu","14":"tag-europe","15":"tag-germany","16":"tag-news","17":"tag-republique-federale-dallemagne"},"share_on_mastodon":{"url":"https:\/\/pubeurope.com\/@fr\/114794154568359787","error":""},"_links":{"self":[{"href":"https:\/\/www.europesays.com\/fr\/wp-json\/wp\/v2\/posts\/225257","targetHints":{"allow":["GET"]}}],"collection":[{"href":"https:\/\/www.europesays.com\/fr\/wp-json\/wp\/v2\/posts"}],"about":[{"href":"https:\/\/www.europesays.com\/fr\/wp-json\/wp\/v2\/types\/post"}],"author":[{"embeddable":true,"href":"https:\/\/www.europesays.com\/fr\/wp-json\/wp\/v2\/users\/2"}],"replies":[{"embeddable":true,"href":"https:\/\/www.europesays.com\/fr\/wp-json\/wp\/v2\/comments?post=225257"}],"version-history":[{"count":0,"href":"https:\/\/www.europesays.com\/fr\/wp-json\/wp\/v2\/posts\/225257\/revisions"}],"wp:featuredmedia":[{"embeddable":true,"href":"https:\/\/www.europesays.com\/fr\/wp-json\/wp\/v2\/media\/225258"}],"wp:attachment":[{"href":"https:\/\/www.europesays.com\/fr\/wp-json\/wp\/v2\/media?parent=225257"}],"wp:term":[{"taxonomy":"category","embeddable":true,"href":"https:\/\/www.europesays.com\/fr\/wp-json\/wp\/v2\/categories?post=225257"},{"taxonomy":"post_tag","embeddable":true,"href":"https:\/\/www.europesays.com\/fr\/wp-json\/wp\/v2\/tags?post=225257"}],"curies":[{"name":"wp","href":"https:\/\/api.w.org\/{rel}","templated":true}]}}