{"id":225261,"date":"2025-07-04T09:03:11","date_gmt":"2025-07-04T09:03:11","guid":{"rendered":"https:\/\/www.europesays.com\/fr\/225261\/"},"modified":"2025-07-04T09:03:11","modified_gmt":"2025-07-04T09:03:11","slug":"intervilles-na-pas-eu-besoin-de-ses-vachettes-pour-faire-un-carton-sur-france-2","status":"publish","type":"post","link":"https:\/\/www.europesays.com\/fr\/225261\/","title":{"rendered":"\u00ab\u00a0Intervilles\u00a0\u00bb n\u2019a pas eu besoin de ses vachettes pour faire un carton sur France 2"},"content":{"rendered":"<p>        <img decoding=\"async\" loading=\"lazy\" src=\"https:\/\/www.europesays.com\/fr\/wp-content\/uploads\/2025\/07\/12f6caa_upload-1-ltvvmvv2r48g-screenshot-2025-07-04-09-57-36.png\"  width=\"728\" height=\"410\" alt=\"Nagui, ici lors du premier num\u00e9ro du retour d\u2019\u00ab\u00a0Intervilles\u00a0\u00bb sur France 2.\"\/>  <\/p>\n<p>capture d\u2019\u00e9cran France 2<\/p>\n<p>Nagui, ici lors du premier num\u00e9ro du retour d\u2019\u00ab\u00a0Intervilles\u00a0\u00bb sur France 2.<\/p>\n<p class=\"asset asset-text\">T\u00c9L\u00c9VISION &#8211; D\u00e9cor en carton, et <a href=\"https:\/\/www.huffingtonpost.fr\/divertissement\/video\/dans-intervilles-il-n-y-aura-qu-une-seule-vachette-et-on-l-a-deja-beaucoup-trop-vue_252040.html\" rel=\"nofollow noopener\" target=\"_blank\">vachettes<\/a> rang\u00e9es \u00e0 l\u2019\u00e9table\u2026 Si le retour <a href=\"https:\/\/www.huffingtonpost.fr\/divertissement\/article\/intervilles-revient-bientot-sur-france-2-date-vachette-ou-pas-vachette-animateur-tout-ce-qu-on-sait_247578.html\" rel=\"nofollow noopener\" target=\"_blank\">d\u2019Intervilles<\/a> sur <a href=\"https:\/\/www.huffingtonpost.fr\/life\/article\/grandir-en-france-sur-france-2-un-documentaire-qui-degomme-le-cliche-de-l-enfant-roi_252049.html\" rel=\"nofollow noopener\" target=\"_blank\">France 2<\/a>\u00a0n\u2019a semble-t-il pas convaincu tous les t\u00e9l\u00e9spectateurs, d\u2019apr\u00e8s leurs remarques acides sur les r\u00e9seaux sociaux, ils se sont tout de m\u00eame retrouv\u00e9s en tr\u00e8s grand nombre devant leur t\u00e9l\u00e9vision, ce jeudi 3\u00a0juillet, selon les audiences.<\/p>\n<p class=\"asset asset-text\">De retour apr\u00e8s douze ans d\u2019absence, le jeu culte des \u00e9t\u00e9s fran\u00e7ais depuis 1962\u00a0a r\u00e9uni 3,35\u00a0millions\u00a0de curieux entre 21\u00a0h\u00a007 et 23\u00a0h\u00a022, d\u2019apr\u00e8s les chiffres de M\u00e9diam\u00e9trie relay\u00e9s par <a href=\"https:\/\/www.ozap.com\/actu\/audiences-quel-score-pour-le-retour-dintervilles-avec-nagui-et-bruno-guillon-sur-france-2-12-ans-apres-la-derniere-edition\/650678\" target=\"_blank\" rel=\"noopener nofollow\" title=\"Nouvelle fen\u00eatre\">Purem\u00e9dias<\/a>. Cela \u00e9quivaut \u00e0 une part d\u2019audience de\u00a022,0\u00a0%, pr\u00e9cise le site d\u2019info sp\u00e9cialis\u00e9 qui rappelle que le dernier num\u00e9ro diffus\u00e9 en 2013\u00a0avait fait un tout petit peu plus (3,8\u00a0millions de t\u00e9l\u00e9spectateurs).<\/p>\n<p class=\"asset asset-text\">Le premier \u00e9pisode du jeu, qui voyait s\u2019affronter Beauvais (Oise) et Coulanges-l\u00e8s-Nevers (Ni\u00e8vre), s\u2019est ainsi class\u00e9 en premi\u00e8re position, devant Le d\u00eener de cons sur TF1 (2,94\u00a0millions), la rediffusion d\u2019un \u00e9pisode de la s\u00e9rie de France 3\u00a0La doc et le v\u00e9to (2,26\u00a0millions) et un num\u00e9ro in\u00e9dit d\u2019Arnaques\u00a0! avec Julien Courbet sur M6 (999\u00a0000\u00a0en premi\u00e8re partie).<\/p>\n<p class=\"asset asset-text\">Modernis\u00e9 et pilot\u00e9 par Nagui, Intervilles 2025\u00a0est un pari pour France T\u00e9l\u00e9visions, qui a plusieurs fois repouss\u00e9 le projet, notamment \u00e0 cause de la pand\u00e9mie de Covid-19. Interrompu au bout de 10\u00a0ans, le jeu a fait un premier retour en 1985 sur FR3, avant de basculer sur TF1 de 1986 \u00e0 1991, toujours avec le trio originel, puis de 1995 \u00e0 1999 avec Jean-Pierre Foucault aux commandes.<\/p>\n<p>                     Adieu les vachettes, bonjour Topa    <\/p>\n<p class=\"asset asset-text\">Par la suite, le jeu, cr\u00e9\u00e9 par Guy Lux qui le copr\u00e9sentait avec L\u00e9on Zitrone et Simone Garnier initialement, a fait plusieurs retours sporadiques, avec d\u2019autres pr\u00e9sentateurs dont, d\u00e9j\u00e0, Nagui. Il n\u2019est plus diffus\u00e9 sous une forme p\u00e9renne depuis 2009.<\/p>\n<p class=\"asset asset-text\">Contrairement \u00e0 la version originelle, il n\u2019y a pas de vachettes pour corser les \u00e9preuves. Elles ont \u00e9t\u00e9 remplac\u00e9es par Topa, mascotte \u00e0 l\u2019effigie d\u2019une vache con\u00e7ue par le dessinateur Zep, p\u00e8re de Titeuf. Une d\u00e9cision qui a courrouc\u00e9 les villes taurines de Bayonne, Dax et Mont-de-Marsan. Elles ont d\u00e9cid\u00e9 de ne pas participer \u00e0 cette \u00e9dition 2025.<\/p>\n<p class=\"asset asset-text\">Qu\u2019en sera-t-il du public\u00a0? Les bonnes audiences sont-elles le fruit d\u2019un effet de curiosit\u00e9 ou d\u2019un v\u00e9ritable int\u00e9r\u00eat pour le programme\u00a0? La r\u00e9ponse \u00e0 l\u2019issue de la prochaine soir\u00e9e pr\u00e9vue le 10\u00a0juillet, la deuxi\u00e8me d\u2019une s\u00e9rie de quatre num\u00e9ros qui doivent se conclure par la grande finale, le 24\u00a0juillet \u00e0 Wallers-Arenberg.<\/p>\n","protected":false},"excerpt":{"rendered":"capture d\u2019\u00e9cran France 2 Nagui, ici lors du premier num\u00e9ro du retour d\u2019\u00ab\u00a0Intervilles\u00a0\u00bb sur France 2. T\u00c9L\u00c9VISION &#8211;&hellip;\n","protected":false},"author":2,"featured_media":225262,"comment_status":"","ping_status":"","sticky":false,"template":"","format":"standard","meta":{"footnotes":""},"categories":[1586],"tags":[11,58,1777,674,1779,1011,27,28148,500,12,25,252,1778,364],"class_list":{"0":"post-225261","1":"post","2":"type-post","3":"status-publish","4":"format-standard","5":"has-post-thumbnail","7":"category-europe","8":"tag-actualites","9":"tag-divertissement","10":"tag-eu","11":"tag-europe","12":"tag-european-union","13":"tag-fr","14":"tag-france","15":"tag-intervilles","16":"tag-medias","17":"tag-news","18":"tag-republique-francaise","19":"tag-television","20":"tag-ue","21":"tag-union-europeenne"},"share_on_mastodon":{"url":"https:\/\/pubeurope.com\/@fr\/114794162197533182","error":""},"_links":{"self":[{"href":"https:\/\/www.europesays.com\/fr\/wp-json\/wp\/v2\/posts\/225261","targetHints":{"allow":["GET"]}}],"collection":[{"href":"https:\/\/www.europesays.com\/fr\/wp-json\/wp\/v2\/posts"}],"about":[{"href":"https:\/\/www.europesays.com\/fr\/wp-json\/wp\/v2\/types\/post"}],"author":[{"embeddable":true,"href":"https:\/\/www.europesays.com\/fr\/wp-json\/wp\/v2\/users\/2"}],"replies":[{"embeddable":true,"href":"https:\/\/www.europesays.com\/fr\/wp-json\/wp\/v2\/comments?post=225261"}],"version-history":[{"count":0,"href":"https:\/\/www.europesays.com\/fr\/wp-json\/wp\/v2\/posts\/225261\/revisions"}],"wp:featuredmedia":[{"embeddable":true,"href":"https:\/\/www.europesays.com\/fr\/wp-json\/wp\/v2\/media\/225262"}],"wp:attachment":[{"href":"https:\/\/www.europesays.com\/fr\/wp-json\/wp\/v2\/media?parent=225261"}],"wp:term":[{"taxonomy":"category","embeddable":true,"href":"https:\/\/www.europesays.com\/fr\/wp-json\/wp\/v2\/categories?post=225261"},{"taxonomy":"post_tag","embeddable":true,"href":"https:\/\/www.europesays.com\/fr\/wp-json\/wp\/v2\/tags?post=225261"}],"curies":[{"name":"wp","href":"https:\/\/api.w.org\/{rel}","templated":true}]}}