{"id":225264,"date":"2025-07-04T09:05:11","date_gmt":"2025-07-04T09:05:11","guid":{"rendered":"https:\/\/www.europesays.com\/fr\/225264\/"},"modified":"2025-07-04T09:05:11","modified_gmt":"2025-07-04T09:05:11","slug":"asap-rocky-lun-des-tres-gros-noms-de-rock-en-seine-2025-annule-sa-venue-sans-donner-dexplication","status":"publish","type":"post","link":"https:\/\/www.europesays.com\/fr\/225264\/","title":{"rendered":"ASAP Rocky, l\u2019un des tr\u00e8s gros noms de Rock en Seine 2025, annule sa venue sans donner d\u2019explication"},"content":{"rendered":"<p>        <img decoding=\"async\" loading=\"lazy\" src=\"https:\/\/www.europesays.com\/fr\/wp-content\/uploads\/2025\/07\/7b6a07c_upload-1-zkhqqezp9mqg-000-47aj36e.jpg\"  width=\"728\" height=\"409\" alt=\"ASAP Rocky, ici au mois de mai 2025, \u00e0 Cannes.\"\/>  <\/p>\n<p>VALERY HACHE \/ AFP<\/p>\n<p>ASAP Rocky, ici au mois de mai 2025, \u00e0 Cannes.<\/p>\n<p class=\"asset asset-text\">MUSIQUE &#8211; N\u2019esp\u00e9rez pas voir <a href=\"https:\/\/www.huffingtonpost.fr\/people\/article\/le-rappeur-a-ap-rocky-va-etre-juge-pour-avoir-tire-sur-un-ancien-ami-a-ap-relli_226024.html\" target=\"_blank\" rel=\"noopener\">ASAP Rocky<\/a> \u00e0 Rock en Seine cette ann\u00e9e, il ne viendra pas. La star du rap am\u00e9ricain\u00a0a finalement renonc\u00e9 \u00e0 s\u2019y rendre, tout comme au Pukkelpop, autre grand festival musical de l\u2019\u00e9t\u00e9 en <a href=\"https:\/\/www.huffingtonpost.fr\/international\/article\/canicule-la-france-est-tres-loin-d-etre-le-seul-pays-a-suffoquer-en-europe-avec-des-records-a-plus-de-45-c_251973.html\" target=\"_blank\" rel=\"noopener\">Europe<\/a>, comme l\u2019ont annonc\u00e9 dans un communiqu\u00e9 jeudi 3\u00a0juillet les organisateurs de <a href=\"https:\/\/www.huffingtonpost.fr\/culture\/article\/chappell-roan-a-rock-en-seine-2025-pour-une-soiree-d-ouverture-tres-seduisante_243463.html\" target=\"_blank\" rel=\"noopener\">Rock en Seine<\/a>.<\/p>\n<p class=\"asset asset-text\">\u00ab\u00a0Kid Cudi rejoint la programmation de Rock en Seine en remplacement d\u2019ASAP\u00a0Rocky\u00a0qui ne pourra pas assurer sa venue \u00e0 Rock en Seine cet \u00e9t\u00e9, en raison de circonstances ind\u00e9pendantes de notre volont\u00e9\u00a0\u00bb, a d\u00e9clar\u00e9 le festival qui se tient chaque \u00e9t\u00e9 \u00e0 Saint-Cloud, pr\u00e8s de Paris. Son concert \u00e9tait programm\u00e9 le 21\u00a0ao\u00fbt.<\/p>\n<p class=\"asset asset-text\">Mercredi, Pukkelpop, festival qui a lieu \u00e0 Hasselt, dans le nord-est de la Belgique, avait annonc\u00e9 qu\u2019ASAP\u00a0Rocky\u00a0renon\u00e7ait \u00e0 son concert pr\u00e9vu le 16\u00a0ao\u00fbt. \u00ab\u00a0Malheureusement, ASAP\u00a0Rocky\u00a0a annul\u00e9 son concert \u00e0 Pukkelpop\u00a0\u00bb, ont simplement indiqu\u00e9 les organisateurs sur Instagram, sans pr\u00e9ciser la raison. Il est remplac\u00e9 par un autre rappeur am\u00e9ricain, Macklemore.<\/p>\n<p> La lecture de ce contenu est susceptible d\u2019entra\u00eener un d\u00e9p\u00f4t de cookies de la part de l\u2019op\u00e9rateur tiers qui l\u2019h\u00e9berge. Compte-tenu des choix que vous avez exprim\u00e9s en mati\u00e8re de d\u00e9p\u00f4t de cookies, nous avons bloqu\u00e9 l\u2019affichage de ce contenu. Si vous souhaitez y acc\u00e9der, vous devez accepter la cat\u00e9gorie de cookies \u201cContenus tiers\u201d en cliquant sur le bouton ci-dessous. <\/p>\n<p> Lire la Vid\u00e9o        <\/p>\n<p class=\"asset asset-text\">Le concert d\u2019ASAP\u00a0Rocky\u00a0dans un des autres grands festivals musicaux europ\u00e9ens d\u2019\u00e9t\u00e9, le Sziget, \u00e0 Budapest, est pour le moment toujours pr\u00e9vu le 8\u00a0ao\u00fbt. Le rappeur sera-t-il bien pr\u00e9sent\u00a0? Myst\u00e8re. Le compagnon de Rihanna \u00e9tait \u00e0 Paris pour le d\u00e9fil\u00e9 Dior le 27\u00a0juin lors de la Fashion Week, puis le lendemain \u00e0 Bruxelles \u00e0 une avant-premi\u00e8re du nouveau volet des Schtroumpfs, dans lequel la chanteuse double un personnage. Le couple attend son troisi\u00e8me enfant, une petite fille qui pourrait na\u00eetre tr\u00e8s prochainement. En ao\u00fbt\u00a0?<\/p>\n","protected":false},"excerpt":{"rendered":"VALERY HACHE \/ AFP ASAP Rocky, ici au mois de mai 2025, \u00e0 Cannes. MUSIQUE &#8211; N\u2019esp\u00e9rez pas&hellip;\n","protected":false},"author":2,"featured_media":225265,"comment_status":"","ping_status":"","sticky":false,"template":"","format":"standard","meta":{"footnotes":""},"categories":[2],"tags":[11,23386,251,849,1011,27,873,12,25,36376],"class_list":{"0":"post-225264","1":"post","2":"type-post","3":"status-publish","4":"format-standard","5":"has-post-thumbnail","7":"category-actualites","8":"tag-actualites","9":"tag-asap-rocky","10":"tag-culture","11":"tag-festival","12":"tag-fr","13":"tag-france","14":"tag-musique","15":"tag-news","16":"tag-republique-francaise","17":"tag-rock-en-seine"},"share_on_mastodon":{"url":"https:\/\/pubeurope.com\/@fr\/114794170011962417","error":""},"_links":{"self":[{"href":"https:\/\/www.europesays.com\/fr\/wp-json\/wp\/v2\/posts\/225264","targetHints":{"allow":["GET"]}}],"collection":[{"href":"https:\/\/www.europesays.com\/fr\/wp-json\/wp\/v2\/posts"}],"about":[{"href":"https:\/\/www.europesays.com\/fr\/wp-json\/wp\/v2\/types\/post"}],"author":[{"embeddable":true,"href":"https:\/\/www.europesays.com\/fr\/wp-json\/wp\/v2\/users\/2"}],"replies":[{"embeddable":true,"href":"https:\/\/www.europesays.com\/fr\/wp-json\/wp\/v2\/comments?post=225264"}],"version-history":[{"count":0,"href":"https:\/\/www.europesays.com\/fr\/wp-json\/wp\/v2\/posts\/225264\/revisions"}],"wp:featuredmedia":[{"embeddable":true,"href":"https:\/\/www.europesays.com\/fr\/wp-json\/wp\/v2\/media\/225265"}],"wp:attachment":[{"href":"https:\/\/www.europesays.com\/fr\/wp-json\/wp\/v2\/media?parent=225264"}],"wp:term":[{"taxonomy":"category","embeddable":true,"href":"https:\/\/www.europesays.com\/fr\/wp-json\/wp\/v2\/categories?post=225264"},{"taxonomy":"post_tag","embeddable":true,"href":"https:\/\/www.europesays.com\/fr\/wp-json\/wp\/v2\/tags?post=225264"}],"curies":[{"name":"wp","href":"https:\/\/api.w.org\/{rel}","templated":true}]}}