{"id":225268,"date":"2025-07-04T09:09:11","date_gmt":"2025-07-04T09:09:11","guid":{"rendered":"https:\/\/www.europesays.com\/fr\/225268\/"},"modified":"2025-07-04T09:09:11","modified_gmt":"2025-07-04T09:09:11","slug":"mola-repond-aux-critiques-sur-laffaire-jaminet-et-assure-que-lacroix-a-ete-enormement-affecte","status":"publish","type":"post","link":"https:\/\/www.europesays.com\/fr\/225268\/","title":{"rendered":"Mola r\u00e9pond aux critiques sur l\u2019affaire Jaminet et assure que Lacroix a \u00e9t\u00e9 \u00ab \u00e9norm\u00e9ment affect\u00e9 \u00bb"},"content":{"rendered":"<p>Cette affaire a fait grand bruit dans le monde du rugby. En plein c\u0153ur de la saison, L\u2019Equipe r\u00e9v\u00e9lait que la Ligue Nationale de Rugby enqu\u00eatait sur le transfert de Melvyn Jaminet au Stade Toulousain en 2022. Pour s\u2019offrir les services de l\u2019international fran\u00e7ais, le club rouge et noir aurait mis en place un montage pour contourner le salary cap, en demandant au joueur de r\u00e9gler lui-m\u00eame sa clause lib\u00e9ratoire de 500 000 euros, avant de le rembourser via des interm\u00e9diaires.<\/p>\n<p>Finalement, Jaminet n\u2019a jamais re\u00e7u le montant, ce qui l\u2019a mis dans une position d\u00e9licate sur le plan financier, encore plus apr\u00e8s les sanctions re\u00e7ues pour ses propos racistes tenus en Argentine dans le cadre de la tourn\u00e9e du XV de France. Apr\u00e8s une m\u00e9diation, le Stade Toulousain a \u00e9t\u00e9 condamn\u00e9 \u00e0 verser une contribution d\u20191,3 millions d\u2019euros tout en remboursant le joueur.<\/p>\n<p>\u00ab\u00a0Le plus simple pour certains \u00e9tait d\u2019essayer de nous tuer\u00a0\u00bb<\/p>\n<p>Plusieurs voix s\u2019\u00e9taient alors \u00e9lev\u00e9es pour critiquer la faiblesse de la sanction et la n\u00e9cessit\u00e9 d\u2019aller sur le terrain du sportif pour \u00e9viter que ces cas se reproduisent. S\u2019il est rest\u00e9 relativement silencieux sur cette affaire, Ugo Mola avait pris la parole en cours de saison pour s\u2019en prendre \u00e0 plusieurs pr\u00e9sidents de clubs de Top 14, sans les nommer directement. Pour <a href=\"https:\/\/www.rugbyrama.fr\/2025\/07\/03\/top-14-entretien-exclusif-ugo-mola-toulouse-tu-ne-fais-pas-un-triple-avec-des-mecs-normaux-12803416.php\" rel=\"nofollow noopener\" target=\"_blank\">Midi Olympique,<\/a> le tout r\u00e9cent champion de France est venu s\u2019expliquer sur les cons\u00e9quences de ce brouhaha.<\/p>\n<blockquote>\n<p>\u00ab\u00a0Ce qui a pos\u00e9 probl\u00e8me, ce sont les amalgames et les interpr\u00e9tations. Que des gens de l\u2019ext\u00e9rieur ou des supporters s\u2019expriment sans avoir saisi la complexit\u00e9 de l\u2019affaire, \u00e7a ne m\u2019a jamais trop d\u00e9rang\u00e9. Ce qui est plus g\u00eanant, c\u2019est l\u2019interpr\u00e9tation de certains pr\u00e9sidents qui y sont quand m\u00eame all\u00e9s all\u00e8grement, en remettant en cause la probit\u00e9 de Didier. Et Dieu sait que \u00e7a, \u00e7a me para\u00eet compliqu\u00e9\u2026 Didier a \u00e9t\u00e9 \u00e9norm\u00e9ment affect\u00e9 par cette histoire, il a \u00e9t\u00e9 secou\u00e9, en interne et \u00e0 l\u2019ext\u00e9rieur. On l\u2019a tous mal v\u00e9cu. Si l\u2019erreur est av\u00e9r\u00e9e dans certains secteurs, il faut \u00e9videmment l\u2019accepter et la r\u00e9gler. Il n\u2019emp\u00eache que beaucoup d\u2019interpr\u00e9tations ont \u00e9t\u00e9 avanc\u00e9es sans qu\u2019elles soient r\u00e9elles. L\u2019avenir nous permettra peut-\u00eatre de juger un peu mieux les choses, m\u00eame si on a vraiment senti &#8211; et Didier l\u2019a exprim\u00e9 &#8211; qu\u2019on \u00e9tait dans le viseur de beaucoup. Et que, plut\u00f4t que de chercher \u00e0 progresser, le plus simple pour certains \u00e9tait d\u2019essayer de nous tuer\u2026 Face \u00e0 ceci, notre seul mode d\u2019expression valable et n\u00e9cessaire, c\u2019\u00e9tait le terrain. Le reste, il n\u2019\u00e9chappe \u00e0 personne que ce n\u2019est ni mes affaires, ni mon r\u00f4le.\u00a0\u00bb<\/p>\n<\/blockquote>\n<p>Partagez cette info avec vos amis et vos proches en cliquant ici<br \/>Pour r\u00e9sumer<\/p>\n<p>Ugo Mola est revenu sur la pol\u00e9mique li\u00e9e au transfert de Melvyn Jaminet. Le Stade Toulousain a \u00e9t\u00e9 condamn\u00e9 \u00e0 une amende d\u20191,3 millions d\u2019euros pour avoir contourn\u00e9 le salary cap au moment de recruter l\u2019international fran\u00e7ais en 2022.<\/p>\n<p> <img decoding=\"async\" width=\"76\" height=\"76\" loading=\"lazy\" src=\"https:\/\/www.europesays.com\/fr\/wp-content\/uploads\/2025\/04\/avatar-quinze.png\" alt=\"Arnaud D\u00e9chelotte\"\/><\/p>\n","protected":false},"excerpt":{"rendered":"Cette affaire a fait grand bruit dans le monde du rugby. En plein c\u0153ur de la saison, L\u2019Equipe&hellip;\n","protected":false},"author":2,"featured_media":225269,"comment_status":"","ping_status":"","sticky":false,"template":"","format":"standard","meta":{"footnotes":""},"categories":[1416],"tags":[1011,27,479,1468,60],"class_list":{"0":"post-225268","1":"post","2":"type-post","3":"status-publish","4":"format-standard","5":"has-post-thumbnail","7":"category-rugby","8":"tag-fr","9":"tag-france","10":"tag-rugby","11":"tag-rugby-football","12":"tag-sports"},"share_on_mastodon":{"url":"https:\/\/pubeurope.com\/@fr\/114794185642081627","error":""},"_links":{"self":[{"href":"https:\/\/www.europesays.com\/fr\/wp-json\/wp\/v2\/posts\/225268","targetHints":{"allow":["GET"]}}],"collection":[{"href":"https:\/\/www.europesays.com\/fr\/wp-json\/wp\/v2\/posts"}],"about":[{"href":"https:\/\/www.europesays.com\/fr\/wp-json\/wp\/v2\/types\/post"}],"author":[{"embeddable":true,"href":"https:\/\/www.europesays.com\/fr\/wp-json\/wp\/v2\/users\/2"}],"replies":[{"embeddable":true,"href":"https:\/\/www.europesays.com\/fr\/wp-json\/wp\/v2\/comments?post=225268"}],"version-history":[{"count":0,"href":"https:\/\/www.europesays.com\/fr\/wp-json\/wp\/v2\/posts\/225268\/revisions"}],"wp:featuredmedia":[{"embeddable":true,"href":"https:\/\/www.europesays.com\/fr\/wp-json\/wp\/v2\/media\/225269"}],"wp:attachment":[{"href":"https:\/\/www.europesays.com\/fr\/wp-json\/wp\/v2\/media?parent=225268"}],"wp:term":[{"taxonomy":"category","embeddable":true,"href":"https:\/\/www.europesays.com\/fr\/wp-json\/wp\/v2\/categories?post=225268"},{"taxonomy":"post_tag","embeddable":true,"href":"https:\/\/www.europesays.com\/fr\/wp-json\/wp\/v2\/tags?post=225268"}],"curies":[{"name":"wp","href":"https:\/\/api.w.org\/{rel}","templated":true}]}}