{"id":22527,"date":"2025-04-13T15:48:11","date_gmt":"2025-04-13T15:48:11","guid":{"rendered":"https:\/\/www.europesays.com\/fr\/22527\/"},"modified":"2025-04-13T15:48:11","modified_gmt":"2025-04-13T15:48:11","slug":"pauline-ferrand-prevot-vitrine-pour-le-cyclisme-feminin-francais-actualite","status":"publish","type":"post","link":"https:\/\/www.europesays.com\/fr\/22527\/","title":{"rendered":"Pauline Ferrand-Pr\u00e9vot, \u00ab vitrine \u00bb pour le cyclisme f\u00e9minin fran\u00e7ais &#8211; Actualit\u00e9"},"content":{"rendered":"<p style=\"text-align: justify;\">Le peloton est dithyrambique. L&rsquo;av\u00e8nement de Pauline Ferrand-Pr\u00e9vot, ce samedi, sur Paris-Roubaix, est \u00e0 marquer d&rsquo;une pierre blanche pour le cyclisme f\u00e9minin fran\u00e7ais. \u00ab\u00a0Franchement c&rsquo;est une super nouvelle. Qui n&rsquo;est pas content de voir un\u00a0drapeau bleu-blanc-rouge sur la plus haute marche du podium ? En plus ce n&rsquo;est pas n&rsquo;importe qui\u00a0\u00bb, commence par se r\u00e9jouir Marie Le Net, le visage noirci par la poussi\u00e8re. Son directeur sportif, Stephen Delcourt, partage ses \u00e9loges. \u00ab\u00a0Il n&rsquo;y a pas photo, la meilleure a gagn\u00e9. La meilleure pour notre sport, pour le cyclisme f\u00e9minin fran\u00e7ais. Pauline a montr\u00e9 qu&rsquo;elle \u00e9tait encore une fois une tr\u00e8s, tr\u00e8s grande championne. On peut \u00eatre impressionn\u00e9s de ce qu&rsquo;elle a fait et on peut lui dire merci pour ce qu&rsquo;elle a fait pour notre sport\u00a0\u00bb.<\/p>\n<p>La FDJ-Suez est bonne joueuse malgr\u00e9 son collectif brillant, bien que Demi Vollering n&rsquo;\u00e9tait pas de la partie ce week-end. \u00c0 l&rsquo;\u00e9chelon inf\u00e9rieur, on est tout aussi bluff\u00e9 par la performance de l&rsquo;ancienne Championne du Monde sur route. \u00ab\u00a0C&rsquo;est la classe, un talent comme elle&#8230; Je pense qu&rsquo;il n&rsquo;y en a pas beaucoup qui sont capables de faire \u00e7a apr\u00e8s des ann\u00e9es loin de la route. Quand on voit son d\u00e9but de saison, c&rsquo;est quand m\u00eame impressionnant\u00a0\u00bb, applaudit Roxane Fournier, qui l&rsquo;a connu dans les pelotons. \u00ab\u00a0Vraiment, chapeau, chapeau, chapeau. Parce que revenir apr\u00e8s avoir tout gagn\u00e9 en VTT, apr\u00e8s je ne sais pas combien de temps o\u00f9 elle n&rsquo;a pas \u00e9t\u00e9 sur route, puis faire un d\u00e9but de saison comme elle l&rsquo;a fait et gagner Roubaix, c&rsquo;est vraiment une grande championne\u00a0\u00bb, ajoute Gr\u00e9goire Le Calv\u00e9.<\/p>\n<p><strong>\u00ab ROUBAIX, C&rsquo;EST QUAND M\u00caME UNE AUTRE DIMENSION \u00bb<\/strong><\/p>\n<p>\u00ab\u00a0La classe\u00a0\u00bb est un mot qui revient dans plusieurs bouches des tricolores. Alors que la R\u00e9moise avait d\u00e9j\u00e0 termin\u00e9 2e du Tour des Flandres il y a une semaine, Jade Wiel avait senti venir la revanche \u00e0 Roubaix. \u00ab\u00a0Pour la petite anecdote, apr\u00e8s les Flandres, je lui avais envoy\u00e9 un message pour lui dire que la prochaine fois, c&rsquo;\u00e9tait la plus haute marche. Et elle l&rsquo;a fait\u00a0\u00bb. L&rsquo;ancienne Championne de France est impressionn\u00e9e mais pas surprise. \u00ab\u00a0On dit souvent quand m\u00eame que c&rsquo;est une course o\u00f9 il faut avoir de l&rsquo;exp\u00e9rience. Mais elle sait d\u00e9j\u00e0 super bien se placer. Et \u00e7a, c&rsquo;est un grand atout \u00e0 Roubaix. Elle a mis l&rsquo;attaque l\u00e0 o\u00f9 tout le monde avait envie de respirer. C&rsquo;est costaud\u00a0\u00bb. Arthur Quilliec a le m\u00eame son de cloche. \u00ab\u00a0Les qualit\u00e9s techniques de VTT sont ind\u00e9niables. Les qualit\u00e9s physiques, on les a vues aux Strade notamment. Mais Roubaix, c&rsquo;est quand m\u00eame une autre dimension\u00a0\u00bb.<\/p>\n<p>Roxane Fournier \u00ab\u00a0n&rsquo;avait pas de doutes\u00a0\u00bb sur son niveau de performance, mais \u00ab\u00a0peut-\u00eatre pas aussi rapidement\u00a0\u00bb.\u00a0Surtout, la directrice sportive de St-Michel-Preference Home-Auber 93 connait le temp\u00e9rament de Pauline Ferrand-Pr\u00e9vot. \u00ab\u00a0Quand elle se met un objectif en t\u00eate, on sait qu&rsquo;elle fait tout pour y arriver. Si elle prenait cette d\u00e9cision d&rsquo;aller sur la route, ce n&rsquo;\u00e9tait pas pour rien. Je pense que c&rsquo;est au-dessus de ses attentes, et peut-\u00eatre au-dessus des attentes des autres\u00a0\u00bb. La coureuse de Visma-Lease a Bike a en effet d\u00e9pass\u00e9 les attentes de Gr\u00e9goire Le Calv\u00e9. \u00ab\u00a0Je m&rsquo;attendais \u00e0 ce qu&rsquo;il y ait un temps d&rsquo;adaptation. Peut-\u00eatre six mois ou un an pour qu&rsquo;elle se r\u00e9adapte au cyclisme sur route qui a beaucoup \u00e9volu\u00e9 ces derni\u00e8res ann\u00e9es. La voir au bout de trois mois de comp\u00e9tition, revenir dans le jeu et gagner Paris-Roubaix, vraiment, c&rsquo;est une grande championne\u00a0\u00bb.<\/p>\n<p><strong>\u00ab TR\u00c8S FIER DE POUVOIR DIRE QUE LES PETITES FILLES PEUVENT S&rsquo;IDENTIFIER \u00bb<\/strong><\/p>\n<p>Cette victoire de marque pourrait bien avoir un effet positif sur le cyclisme f\u00e9minin, et surtout sur le cyclisme fran\u00e7ais. \u00ab\u00a0\u00c7a donne une bonne image\u00a0\u00bb, pense Marie Le Net. Tout le monde parle de \u00ab\u00a0vitrine\u00a0\u00bb, comme Gr\u00e9goire Le Calv\u00e9. \u00ab\u00a0Apr\u00e8s avoir tout gagn\u00e9 en VTT, championne olympique, et l\u00e0&#8230; \u00c7a va redonner un boost au cyclisme fran\u00e7ais. On a des jeunes qui montent et elle, elle va tirer le cyclisme fran\u00e7ais vers le haut\u00a0\u00bb. Ce samedi, il y avait en effet de nombreuses jeunes femmes amass\u00e9es autour du v\u00e9lodrome pour ovationner la future vainqueure. Et peut-\u00eatre, parmi elles, de futures championnes. \u00ab\u00a0\u00c7a va permettre au cyclisme f\u00e9minin fran\u00e7ais de grandir encore plus, m\u00eame si ces derni\u00e8res ann\u00e9es, il se portait tr\u00e8s bien\u00a0\u00bb, note Roxane Fournier.<\/p>\n<p>Le cyclisme f\u00e9minin fran\u00e7ais trouve en Pauline Ferrand-Pr\u00e9vot une \u00ab\u00a0t\u00eate d&rsquo;affiche qui gagne des courses, consid\u00e8re Arthur Quilliec. C&rsquo;est tr\u00e8s positif pour le sport de mani\u00e8re g\u00e9n\u00e9rale. Encore plus pour le sport f\u00e9minin et pour le cyclisme f\u00e9minin fran\u00e7ais\u00a0\u00bb. Stephen Delcourt c&rsquo;est ce qu&rsquo;est de voir des Fran\u00e7aises gagner, et rivaliser au plus haut niveau mondial avec son collectif FDJ-Suez. \u00ab\u00a0Une Fran\u00e7aise peut gagner les plus grandes courses. On l&rsquo;a vu avec Juliette (Labous) et Evita (Muzic). Maintenant, il faut dire Pauline, Juliette et Evita. On a un bel avenir devant nous. Sur une course comme Paris-Roubaix o\u00f9 s&rsquo;\u00e9crivent les l\u00e9gendes, Pauline rentre encore une fois de plus dans cette liste tr\u00e8s courte des l\u00e9gendes fran\u00e7aises. Je suis tr\u00e8s fier pour le cyclisme f\u00e9minin fran\u00e7ais de pouvoir dire que les petites filles peuvent s&rsquo;identifier \u00e0 des cyclistes comme Pauline\u00a0\u00bb. Et l&rsquo;imiter, un jour, peut-\u00eatre.<\/p>\n","protected":false},"excerpt":{"rendered":"Le peloton est dithyrambique. L&rsquo;av\u00e8nement de Pauline Ferrand-Pr\u00e9vot, ce samedi, sur Paris-Roubaix, est \u00e0 marquer d&rsquo;une pierre blanche&hellip;\n","protected":false},"author":2,"featured_media":22528,"comment_status":"","ping_status":"","sticky":false,"template":"","format":"standard","meta":{"footnotes":""},"categories":[1411],"tags":[834,828,836,829,837,827,83,826,824,823,1154,207,814,817,815,816,822,821,832,211,839,1011,27,820,818,819,835,831,830,833,838,60,212,208,825],"class_list":{"0":"post-22527","1":"post","2":"type-post","3":"status-publish","4":"format-standard","5":"has-post-thumbnail","7":"category-cyclisme","8":"tag-attaque","9":"tag-belgique","10":"tag-braquet","11":"tag-bretagne","12":"tag-chute","13":"tag-competition","14":"tag-coupe-de-france","15":"tag-coureur","16":"tag-course-cyclisme","17":"tag-course-cycliste","18":"tag-cycling","19":"tag-cyclisme","20":"tag-direct","21":"tag-direct-velo","22":"tag-directvelo","23":"tag-directvelo-com","24":"tag-epreuve","25":"tag-epreuve-cycliste","26":"tag-federation-francaise-de-cyclisme","27":"tag-ffc","28":"tag-flandres","29":"tag-fr","30":"tag-france","31":"tag-live","32":"tag-live-course","33":"tag-live-epreuve","34":"tag-peloton","35":"tag-radio-peloton","36":"tag-radio-tour","37":"tag-ravitaillement","38":"tag-relance","39":"tag-sports","40":"tag-uci","41":"tag-velo","42":"tag-velos"},"share_on_mastodon":{"url":"https:\/\/pubeurope.com\/@fr\/114331445033442512","error":""},"_links":{"self":[{"href":"https:\/\/www.europesays.com\/fr\/wp-json\/wp\/v2\/posts\/22527","targetHints":{"allow":["GET"]}}],"collection":[{"href":"https:\/\/www.europesays.com\/fr\/wp-json\/wp\/v2\/posts"}],"about":[{"href":"https:\/\/www.europesays.com\/fr\/wp-json\/wp\/v2\/types\/post"}],"author":[{"embeddable":true,"href":"https:\/\/www.europesays.com\/fr\/wp-json\/wp\/v2\/users\/2"}],"replies":[{"embeddable":true,"href":"https:\/\/www.europesays.com\/fr\/wp-json\/wp\/v2\/comments?post=22527"}],"version-history":[{"count":0,"href":"https:\/\/www.europesays.com\/fr\/wp-json\/wp\/v2\/posts\/22527\/revisions"}],"wp:featuredmedia":[{"embeddable":true,"href":"https:\/\/www.europesays.com\/fr\/wp-json\/wp\/v2\/media\/22528"}],"wp:attachment":[{"href":"https:\/\/www.europesays.com\/fr\/wp-json\/wp\/v2\/media?parent=22527"}],"wp:term":[{"taxonomy":"category","embeddable":true,"href":"https:\/\/www.europesays.com\/fr\/wp-json\/wp\/v2\/categories?post=22527"},{"taxonomy":"post_tag","embeddable":true,"href":"https:\/\/www.europesays.com\/fr\/wp-json\/wp\/v2\/tags?post=22527"}],"curies":[{"name":"wp","href":"https:\/\/api.w.org\/{rel}","templated":true}]}}