{"id":225274,"date":"2025-07-04T09:13:13","date_gmt":"2025-07-04T09:13:13","guid":{"rendered":"https:\/\/www.europesays.com\/fr\/225274\/"},"modified":"2025-07-04T09:13:13","modified_gmt":"2025-07-04T09:13:13","slug":"mayer-confirme-sa-candidature-a-la-presidence-fia-et-sen-prend-a-ben-sulayem","status":"publish","type":"post","link":"https:\/\/www.europesays.com\/fr\/225274\/","title":{"rendered":"Mayer confirme sa candidature \u00e0 la pr\u00e9sidence FIA et s&rsquo;en prend \u00e0 Ben Sulayem"},"content":{"rendered":"<p>Tim Mayer reconna\u00eet qu&rsquo;il doit prouver \u00eatre la personne pouvant apporter les changements n\u00e9cessaires au sein de la FIA, apr\u00e8s avoir annonc\u00e9 qu&rsquo;il se pr\u00e9sentera \u00e0 la pr\u00e9sidence de l&rsquo;instance dirigeante du sport automobile.<\/p>\n<p>Lorsque <a href=\"https:\/\/fr.motorsport.com\/general\/news\/carlos-sainz-renonce-presenter-president-fia\/10736051\/\" target=\"_self\" rel=\"noopener\">Carlos Sainz a r\u00e9v\u00e9l\u00e9 qu&rsquo;il avait choisi de ne pas d\u00e9fier Mohammed Ben Sulayem<\/a>, il semblait que pr\u00e9sident s&rsquo;avancerait sans opposition \u00e0 l&rsquo;\u00e9lection de d\u00e9cembre, alors qu&rsquo;il vise un second mandat.<\/p>\n<p>Cependant, Mayer, qui a \u00e9t\u00e9 commissaire en Formule 1 pendant plus de 15 ans, s&rsquo;est lanc\u00e9 dans la course et, dans une interview exclusive avec <strong>Motorsport.com<\/strong>, l&rsquo;Am\u00e9ricain de 59 ans a expliqu\u00e9 pourquoi il pense que Ben Sulayem doit \u00eatre remplac\u00e9.<\/p>\n<p>\u00ab\u00a0C&rsquo;est une combinaison d&rsquo;envie et de n\u00e9cessit\u00e9\u00a0\u00bb, a-t-il d\u00e9clar\u00e9 \u00e0 propos des raisons qui l&rsquo;ont pouss\u00e9 \u00e0 se pr\u00e9senter. \u00ab\u00a0Au cours des six derniers mois, j&rsquo;ai eu l&rsquo;occasion de r\u00e9fl\u00e9chir \u00e0 ce qui serait n\u00e9cessaire pour diriger la FIA et j&rsquo;ai conclu que les clubs membres m\u00e9ritaient mieux.\u00a0\u00bb<\/p>\n<p>\u00ab\u00a0Mohammed Ben Sulayem a fait des promesses il y a trois ans et demi qui \u00e9taient de bonnes id\u00e9es\u00a0&#8211;\u00a0transparence, gouvernance, il a m\u00eame promis qu&rsquo;il serait un pr\u00e9sident non ex\u00e9cutif. Il n&rsquo;a pas tenu ces promesses. En fait, c&rsquo;est plut\u00f4t le contraire qui s&rsquo;est produit.\u00a0\u00bb<\/p>\n<p>\u00ab\u00a0Il y a de nombreuses raisons pour lesquelles j&rsquo;ai d\u00e9cid\u00e9 que c&rsquo;\u00e9tait la bonne chose \u00e0 faire, et je pourrais en parler encore et encore. Nous pouvons et devons \u00eatre de meilleurs partenaires pour les championnats internationaux et les pilotes. Je sais comment traiter les gens avec respect, en particulier ceux qui l&rsquo;ont m\u00e9rit\u00e9 en atteignant le pinacle de leur carri\u00e8re.\u00a0\u00bb<\/p>\n<p>   <img decoding=\"async\" draggable=\"false\" src=\"https:\/\/www.europesays.com\/fr\/wp-content\/uploads\/2025\/07\/1020157936-sut-20240505-gp2406.jpg\" alt=\"Tim Mayer, au centre, sur le podium du GP de Miami 2024.\" width=\"1200\" height=\"800\" loading=\"lazy\"\/> <\/p>\n<p class=\"title\">Tim Mayer, au centre, sur le podium du GP de Miami 2024.<\/p>\n<p class=\"photographer\">Photo de: Mark Sutton<\/p>\n<p>\u00ab\u00a0Je d\u00e9fendrai les petits clubs, en \u00e9tant honn\u00eate sur les changements n\u00e9cessaires et sur ce que je voudrais apporter. Le leadership ne doit pas \u00eatre une question de personnalit\u00e9, et j&rsquo;ai 34 ans d&rsquo;exp\u00e9rience. Je comprends ce qu&rsquo;il faut faire et j&rsquo;ai l&rsquo;occasion de rendre au sport ce qu&rsquo;il m&rsquo;a donn\u00e9.\u00a0\u00bb<\/p>\n<p>Le mandat de Ben Sulayem a \u00e9t\u00e9 entach\u00e9 de controverses, avec une s\u00e9rie de d\u00e9parts tr\u00e8s m\u00e9diatis\u00e9s au sein de la FIA ces derniers temps et un d\u00e9saccord avec les pilotes apr\u00e8s la mise en place d&rsquo;une nouvelle gouvernance sur les r\u00e8gles relatives aux grossi\u00e8ret\u00e9s.<\/p>\n<p>Fils de Teddy Mayer, qui est devenu propri\u00e9taire de McLaren en 1970, Tim Mayer a d\u00e9clar\u00e9 en novembre 2024 que son d\u00e9part du poste de commissaire de la FIA qu&rsquo;il occupait depuis longtemps \u00e9tait d\u00fb \u00e0 son implication dans une audience concernant une amende inflig\u00e9e au promoteur du Grand Prix des \u00c9tats-Unis \u00e0 la suite d&rsquo;un envahissement de piste.<\/p>\n<p>Lire aussi :<\/p>\n<p>Mayer a d\u00e9clar\u00e9 que Ben Sulayem avait per\u00e7u certains arguments relatifs \u00e0 l&rsquo;exercice du droit de r\u00e9vision comme une \u00ab\u00a0attaque personnelle\u00a0\u00bb et qu&rsquo;il avait \u00e9t\u00e9 d\u00e9mis de ses fonctions par SMS. Toutefois, Mayer insiste sur le fait que la restauration des valeurs de la FIA, et non la vengeance, est la principale motivation derri\u00e8re sa candidature \u00e0 la pr\u00e9sidence.<\/p>\n<p>\u00ab\u00a0Le test d&rsquo;un vrai leadership est de guider les gens ; la FIA a fait du surplace en attirant certains des meilleurs talents puis en les for\u00e7ant \u00e0 partir lorsqu&rsquo;ils disaient la v\u00e9rit\u00e9, tout cela est tr\u00e8s inqui\u00e9tant\u00a0\u00bb, a-t-il d\u00e9clar\u00e9 \u00e0 <strong>Motorsport.com<\/strong>.<\/p>\n<p>\u00ab\u00a0Ils semblent tous avoir \u00e9t\u00e9 confront\u00e9s \u00e0 une r\u00e9alit\u00e9 \u00e0 laquelle ils ne s&rsquo;attendaient pas, la FIA avait quelques personnes s\u00e9rieuses qui ont vu les choses de l&rsquo;int\u00e9rieur et ont dit &lsquo;tr\u00e8s peu pour moi&rsquo;. Les participants au Conseil mondial du sport automobile s&rsquo;entendent dire qu&rsquo;ils ne peuvent pas parler des derni\u00e8res r\u00e9unions aux membres et aux clubs. Le d\u00e9bat doit avoir lieu, c&rsquo;est la premi\u00e8re \u00e9tape pour prendre de bonnes d\u00e9cisions, je changerai ces choses tr\u00e8s rapidement.\u00a0\u00bb<\/p>\n<p>   <img decoding=\"async\" draggable=\"false\" src=\"https:\/\/www.europesays.com\/fr\/wp-content\/uploads\/2025\/05\/mohammed-ben-sulayem-fia-presi.jpg\" alt=\"Mohammed Ben Sulayem, le pr\u00e9sident de la FIA depuis 2021.\" width=\"1200\" height=\"800\" loading=\"lazy\"\/> <\/p>\n<p class=\"title\">Mohammed Ben Sulayem, le pr\u00e9sident de la FIA depuis 2021.<\/p>\n<p class=\"photographer\">Photo de: Sam Bloxham \/ Motorsport Images<\/p>\n<p>Ben Sulayem a connu des d\u00e9saccord avec les pilotes de plusieurs championnats lorsqu&rsquo;il a insist\u00e9 pour que les jurons soient interdits dans le cadre des \u00e9preuves de sport automobile sanctionn\u00e9es par la FIA. C&rsquo;est l\u00e0 aussi une relation que Mayer est d\u00e9sireux de reconstruire s&rsquo;il se voit confier les r\u00eanes en fin d&rsquo;ann\u00e9e.<\/p>\n<p>\u00ab\u00a0Vous devez comprendre que les pilotes sont au c\u0153ur de notre sport, qu&rsquo;ils en sont les vedettes. Vous devez vous associer avec eux, entretenir les relations, c&rsquo;est ainsi que nous verrons le sport prosp\u00e9rer. Il ne s&rsquo;agit pas seulement des pilotes, mais de toutes les parties prenantes, qui m\u00e9ritent toutes le respect\u00a0\u00bb, a-t-il d\u00e9clar\u00e9.<\/p>\n<p>\u00ab\u00a0Personne n&rsquo;est un enfant, ces personnes sont au sommet de leur carri\u00e8re et doivent \u00eatre trait\u00e9es avec dignit\u00e9 et respect. Beaucoup de gens n&rsquo;ont pas vu \u00e7a dans les changements de statuts individuels\u00a0;\u00a0ils peuvent \u00eatre per\u00e7us comme \u00e9tant une question d&rsquo;int\u00e9grit\u00e9 ou de modernisation, mais si vous les prenez tous ensemble, vous pouvez clairement voir qu&rsquo;il s&rsquo;agit de mettre de plus en plus de pouvoir entre les mains d&rsquo;un seul homme.\u00a0\u00bb<\/p>\n<p>Lire aussi :<\/p>\n<p>Mayer insiste sur le fait qu&rsquo;il souhaite \u00e9galement pousser la FIA \u00e0 aller de l&rsquo;avant en ce qui concerne son engagement en faveur de la mobilit\u00e9, tout en affirmant ne pas \u00eatre d\u00e9courag\u00e9 par la r\u00e9cente manifestation de soutien \u00e0 Ben Sulayem sous la forme d&rsquo;<a href=\"https:\/\/fr.motorsport.com\/f1\/news\/mohammed-ben-sulayem-soutien-important-reelection-fia\/10727613\/\" target=\"_self\" rel=\"noopener\">une lettre sign\u00e9e par 36 clubs membres de la f\u00e9d\u00e9ration<\/a>.<\/p>\n<p>\u00ab\u00a0Les r\u00e8glements, tels qu&rsquo;ils sont r\u00e9dig\u00e9s, profitent au pr\u00e9sident en place, mais mon travail et ma responsabilit\u00e9 consistent \u00e0 faire du porte-\u00e0-porte, \u00e0 aller voir ceux qui ont le droit de vote et \u00e0 leur expliquer qu&rsquo;il existe une meilleure solution, [et] qu&rsquo;ils n&rsquo;ont pas eu d&rsquo;autre choix depuis trois ans et demi\u00a0\u00bb, a ajout\u00e9 Mayer.<\/p>\n<p>\u00ab\u00a0Lorsqu&rsquo;on vous met une lettre sous le nez et qu&rsquo;on vous dit &lsquo;signez ceci, sinon&#8230;&rsquo;, n&rsquo;importe qui va la signer. Mais le seul vote qui compte, c&rsquo;est celui de d\u00e9cembre. Je dois gagner leur confiance, gagner leurs votes et d\u00e9montrer que mon \u00e9quipe et moi-m\u00eame sommes suffisamment forts pour apporter le changement.\u00a0\u00bb<\/p>\n<p>Dans cet article<\/p>\n<p>    Mark Mann-Bryans\n<\/p>\n<p>    Formule 1\n<\/p>\n<p>    General\n<\/p>\n<p>    WRC\n<\/p>\n<p>    WEC\n<\/p>\n<p>    Formule E\n<\/p>\n<p>Soyez le premier inform\u00e9 et souscrivez aux alertes mails pour recevoir les infos en temps r\u00e9el<\/p>\n<p>    S&rsquo;abonner aux alertes de news<\/p>\n","protected":false},"excerpt":{"rendered":"Tim Mayer reconna\u00eet qu&rsquo;il doit prouver \u00eatre la personne pouvant apporter les changements n\u00e9cessaires au sein de la&hellip;\n","protected":false},"author":2,"featured_media":225275,"comment_status":"","ping_status":"","sticky":false,"template":"","format":"standard","meta":{"footnotes":""},"categories":[1412],"tags":[1451,1452,1453,1454,8313,1455,1011,27,6556,60,12993,16405],"class_list":{"0":"post-225274","1":"post","2":"type-post","3":"status-publish","4":"format-standard","5":"has-post-thumbnail","7":"category-f1","8":"tag-f1","9":"tag-formula-1","10":"tag-formula1","11":"tag-formule-1","12":"tag-formule-e","13":"tag-formule1","14":"tag-fr","15":"tag-france","16":"tag-general","17":"tag-sports","18":"tag-wec","19":"tag-wrc"},"share_on_mastodon":{"url":"https:\/\/pubeurope.com\/@fr\/114794201506757746","error":""},"_links":{"self":[{"href":"https:\/\/www.europesays.com\/fr\/wp-json\/wp\/v2\/posts\/225274","targetHints":{"allow":["GET"]}}],"collection":[{"href":"https:\/\/www.europesays.com\/fr\/wp-json\/wp\/v2\/posts"}],"about":[{"href":"https:\/\/www.europesays.com\/fr\/wp-json\/wp\/v2\/types\/post"}],"author":[{"embeddable":true,"href":"https:\/\/www.europesays.com\/fr\/wp-json\/wp\/v2\/users\/2"}],"replies":[{"embeddable":true,"href":"https:\/\/www.europesays.com\/fr\/wp-json\/wp\/v2\/comments?post=225274"}],"version-history":[{"count":0,"href":"https:\/\/www.europesays.com\/fr\/wp-json\/wp\/v2\/posts\/225274\/revisions"}],"wp:featuredmedia":[{"embeddable":true,"href":"https:\/\/www.europesays.com\/fr\/wp-json\/wp\/v2\/media\/225275"}],"wp:attachment":[{"href":"https:\/\/www.europesays.com\/fr\/wp-json\/wp\/v2\/media?parent=225274"}],"wp:term":[{"taxonomy":"category","embeddable":true,"href":"https:\/\/www.europesays.com\/fr\/wp-json\/wp\/v2\/categories?post=225274"},{"taxonomy":"post_tag","embeddable":true,"href":"https:\/\/www.europesays.com\/fr\/wp-json\/wp\/v2\/tags?post=225274"}],"curies":[{"name":"wp","href":"https:\/\/api.w.org\/{rel}","templated":true}]}}