{"id":225276,"date":"2025-07-04T09:14:09","date_gmt":"2025-07-04T09:14:09","guid":{"rendered":"https:\/\/www.europesays.com\/fr\/225276\/"},"modified":"2025-07-04T09:14:09","modified_gmt":"2025-07-04T09:14:09","slug":"tdf-tour-de-france-quentin-pacher-mon-role-aider-romain-gregoire-et","status":"publish","type":"post","link":"https:\/\/www.europesays.com\/fr\/225276\/","title":{"rendered":"TDF. Tour de France &#8211; Quentin Pacher : \u00abMon r\u00f4le ? Aider Romain Gr\u00e9goire et&#8230;\u00bb"},"content":{"rendered":"<p>Apr\u00e8s avoir d\u00e9j\u00e0 pu \u00e9couter la plupart des leaders de l&rsquo;\u00e9quipe <strong><a href=\"https:\/\/www.cyclismactu.net\/..\/news-tour-de-france-route-groupama-fdj-avec-un-maillot-special-pour-tour-une-premiere-88673.html\" target=\"_blank\" rel=\"nofollow noopener\">Groupama-FDJ<\/a><\/strong> en conf\u00e9rence de presse l&rsquo;apr\u00e8s-midi, Cyclism&rsquo;Actu a \u00e9galement pu obtenir quelques mots de <strong>Quentin Pacher<\/strong>\u00a0en zone mixte suite \u00e0 la pr\u00e9sentation des \u00e9quipes du Tour de France qui a eu lieu ce jeudi soir\u00a0sur la Grand&rsquo;Place \u00e0 Lille. Pour sa 5e participation \u00e0 la plus grande course du monde en six ans, le puncheur de 33 ans aura un rpol\u00e9 bien pr\u00e9cis d&rsquo;\u00e9quipier, lui qui sera notamment d\u00e9vou\u00e9 \u00e0 <strong><a href=\"https:\/\/www.cyclismactu.net\/..\/news-tour-de-france-route-romain-gregoire-cette-annee-ce-sera-un-peu-plus-tendu-88678.html\" target=\"_blank\" rel=\"nofollow noopener\">Romain Gr\u00e9goire<\/a><\/strong> pour les \u00e9tapes punchy du d\u00e9but de Grande Boucle. M\u00eame si le natif de Libourne esp\u00e8re aussi pouvoir jouer sa carte personnelle, notamment le mercredi 16 juillet lors d&rsquo;une 11e \u00e9tape autour de Toulouse qui passe \u00e0 c\u00f4t\u00e9 de chez lui et qui pourrait surprendre les sprinteurs&#8230;<\/p>\n<p>Vid\u00e9o &#8211; Quentin Pacher au micro de Cyclism&rsquo;Actu \u00e0 Lille Lire la suite de l&rsquo;article&#13;<\/p>\n<p>\u00a0<\/p>\n<p>&#13;<br \/>\n\u00ab\u00a0La 11e \u00e9tape de Toulouse et la c\u00f4te de Pech David ? Il y en a qui vont \u00eatre surpris, je ne resterai pas les bras crois\u00e9s&#8230;\u00a0\u00bb&#13;<\/p>\n<p>\u00ab\u00a0On a plus de fa\u00e7ons de s&rsquo;exprimer comme on vient avec un sprinter \u00e9galement. Mon r\u00f4le surtout ce sera d&rsquo;\u00eatre autour de Romain Gr\u00e9goire sur les \u00e9tapes punchy pour pouvoir l&rsquo;aider et faire en sorte qu&rsquo;il soit dans les meilleures conditions dans le final pour pouvoir faire des belles arriv\u00e9es. Et apr\u00e8s il y aura un deuxi\u00e8me volet forc\u00e9ment un peu plus dans la seconde partie du Tour avec des tentatives d&rsquo;\u00e9chapp\u00e9e mais on verra en temps venu. Forc\u00e9ment il y a Guillaume qui a en t\u00eate le g\u00e9n\u00e9ral et l&rsquo;id\u00e9e de passer au travers des p\u00e9pins et de faire le meilleur g\u00e9n\u00e9ral possible. Et apr\u00e8s c&rsquo;est des \u00e9tapes avec les autres carte qu&rsquo;on a\u00a0\u00bb, explique\u00a0<strong>Quentin Pacher<\/strong>, qui a d\u00e9j\u00e0 couru le <strong>Giro d&rsquo;Italia<\/strong> au mois de mai et va donc encha\u00eener un quatri\u00e8me Grand Tour en un an (Tour et Vuelta 2024, Giro et Tour 2025).\u00a0<\/p>\n<p>&#13;<\/p>\n<p>Interrog\u00e9 sur le final de cette fameuse 11e \u00e9tape \u00e0 Toulouse, il s&rsquo;est montr\u00e9 enthousiaste et impatient, pronostiquant un sc\u00e9nario surprenant. \u00ab\u00a0Ah la c\u00f4te de Pech David (800 m \u00e0 12,4% de moyenne \u00e0 8 km de l&rsquo;arriv\u00e9e \u00e0 Toulouse), je peux dire qu&rsquo;il y en a qui vont \u00eatre surpris de cette petite ascension ! Sur le papier quand on regarde le profil \u00e7a para\u00eet pas grand chose mais quand on est dedans \u00e7a pique un peu. J&rsquo;habite dans un petit village pas loin, on va passer devant chez moi dans le final de l&rsquo;\u00e9tape de Toulouse. \u00c7a va surprendre parce que sur le papier c&rsquo;est une \u00e9tape qui est class\u00e9e en plaine, et apr\u00e8s je ne vais peut-\u00eatre pas tout d\u00e9voiler, mais c&rsquo;est une \u00e9tape qui \u00e0 mon avis sera plus compliqu\u00e9e qu&rsquo;on peut le penser. Il y a la difficult\u00e9 et surtout la technicit\u00e9, c&rsquo;est pas mal de petites routes, \u00e7a monte, \u00e7a descend sur les coteaux, \u00e7a serpente pas mal, \u00e7a va \u00e9tendre un peloton qui sera un peu fatigu\u00e9 d\u00e9j\u00e0. C&rsquo;est s\u00fbr que de mon c\u00f4t\u00e9 je ne resterai pas les bras crois\u00e9s, apr\u00e8s comment je sais pas\u00a0\u00bb, a-t-il conclu.<\/p>\n","protected":false},"excerpt":{"rendered":"Apr\u00e8s avoir d\u00e9j\u00e0 pu \u00e9couter la plupart des leaders de l&rsquo;\u00e9quipe Groupama-FDJ en conf\u00e9rence de presse l&rsquo;apr\u00e8s-midi, Cyclism&rsquo;Actu&hellip;\n","protected":false},"author":2,"featured_media":225277,"comment_status":"","ping_status":"","sticky":false,"template":"","format":"standard","meta":{"footnotes":""},"categories":[1411],"tags":[1154,207,211,1011,27,209,60,210,212,208,213],"class_list":{"0":"post-225276","1":"post","2":"type-post","3":"status-publish","4":"format-standard","5":"has-post-thumbnail","7":"category-cyclisme","8":"tag-cycling","9":"tag-cyclisme","10":"tag-ffc","11":"tag-fr","12":"tag-france","13":"tag-route","14":"tag-sports","15":"tag-tour-de-france","16":"tag-uci","17":"tag-velo","18":"tag-world-tour"},"share_on_mastodon":{"url":"https:\/\/pubeurope.com\/@fr\/114794205227568218","error":""},"_links":{"self":[{"href":"https:\/\/www.europesays.com\/fr\/wp-json\/wp\/v2\/posts\/225276","targetHints":{"allow":["GET"]}}],"collection":[{"href":"https:\/\/www.europesays.com\/fr\/wp-json\/wp\/v2\/posts"}],"about":[{"href":"https:\/\/www.europesays.com\/fr\/wp-json\/wp\/v2\/types\/post"}],"author":[{"embeddable":true,"href":"https:\/\/www.europesays.com\/fr\/wp-json\/wp\/v2\/users\/2"}],"replies":[{"embeddable":true,"href":"https:\/\/www.europesays.com\/fr\/wp-json\/wp\/v2\/comments?post=225276"}],"version-history":[{"count":0,"href":"https:\/\/www.europesays.com\/fr\/wp-json\/wp\/v2\/posts\/225276\/revisions"}],"wp:featuredmedia":[{"embeddable":true,"href":"https:\/\/www.europesays.com\/fr\/wp-json\/wp\/v2\/media\/225277"}],"wp:attachment":[{"href":"https:\/\/www.europesays.com\/fr\/wp-json\/wp\/v2\/media?parent=225276"}],"wp:term":[{"taxonomy":"category","embeddable":true,"href":"https:\/\/www.europesays.com\/fr\/wp-json\/wp\/v2\/categories?post=225276"},{"taxonomy":"post_tag","embeddable":true,"href":"https:\/\/www.europesays.com\/fr\/wp-json\/wp\/v2\/tags?post=225276"}],"curies":[{"name":"wp","href":"https:\/\/api.w.org\/{rel}","templated":true}]}}