{"id":225282,"date":"2025-07-04T09:17:12","date_gmt":"2025-07-04T09:17:12","guid":{"rendered":"https:\/\/www.europesays.com\/fr\/225282\/"},"modified":"2025-07-04T09:17:12","modified_gmt":"2025-07-04T09:17:12","slug":"on-connait-les-10-plus-beaux-batiments-au-monde-un-site-francais-classe-6e","status":"publish","type":"post","link":"https:\/\/www.europesays.com\/fr\/225282\/","title":{"rendered":"On conna\u00eet les 10 plus beaux b\u00e2timents au monde, un site fran\u00e7ais class\u00e9 6e"},"content":{"rendered":"<p>Fa\u00e7onn\u00e9s avec de la pierre, du verre, du marbre, du b\u00e9ton ou de l\u2019acier, certains b\u00e2timents brillent par leur esth\u00e9tisme et se r\u00e9v\u00e8lent de v\u00e9ritables chefs-d\u2019oeuvre architecturaux. Bien plus qu\u2019un assemblage de murs et de toits, ces \u00e9difices refl\u00e8tent l\u2019ing\u00e9niosit\u00e9 des hommes. \u00c0 Barcelone, la Sagrada Familia, basilique inachev\u00e9e con\u00e7ue par le g\u00e9nie visionnaire Antoni Gaud\u00ed, s\u2019impose comme une \u0153uvre vivante \u00e0 la crois\u00e9e de l\u2019architecture et de la foi. Elle devrait \u00eatre &#8211; enfin &#8211; achev\u00e9e en 2026. Onzi\u00e8me du classement, l\u2019\u00e9difice embl\u00e9matique de Barcelone ne figure pas dans le top 10 des plus beaux b\u00e2timents au monde d\u00e9voil\u00e9 par <a data-i13n=\"cpos:1;pos:1\" href=\"https:\/\/www.timeout.com\/travel\/worlds-most-beautiful-buildings\" rel=\"nofollow noopener\" target=\"_blank\" data-ylk=\"slk:Time Out;cpos:1;pos:1;elm:context_link;itc:0;sec:content-canvas\" class=\"link \">Time Out<\/a>.<\/p>\n<p><strong>Un podium tr\u00e8s \u00e9clectique<\/strong><\/p>\n<p>Au contraire du <strong>Taj Mahal<\/strong>, joyau de marbre blanc pos\u00e9 sur les rives de la rivi\u00e8re Yamuna, en Inde, qui se hisse \u00e0 la premi\u00e8re place du classement et est donc d\u00e9sign\u00e9 \u00ab\u00a0plus beau b\u00e2timent du monde\u00a0\u00bb. \u00c9difi\u00e9 entre 1631 et 1648 \u00e0 Agra sur l&rsquo;ordre de l&#8217;empereur moghol Shah Jahan pour perp\u00e9tuer le souvenir de son \u00e9pouse, le Taj Mahal incarne une harmonie architecturale rare avec ses d\u00f4mes immacul\u00e9s, ses jardins sym\u00e9triques et ses reflets changeants au fil de la journ\u00e9e. Le po\u00e8te anglais du XIXe si\u00e8cle Sir Edwin Arnold aurait dit que le palais n&rsquo;\u00e9tait \u00ab\u00a0pas une \u0153uvre d&rsquo;architecture, comme le sont d&rsquo;autres b\u00e2timents, mais la fi\u00e8re passion de l&rsquo;amour d&rsquo;un empereur, grav\u00e9e dans la pierre vivante\u00a0\u00bb.<\/p>\n<p>Dans un tout autre style, l\u2019\u00e9glise de <strong>Hallgr\u00edmskirkja<\/strong>, symbole de Reykjavik, occupe la deuxi\u00e8me place du classement un peu \u00e0 la surprise g\u00e9n\u00e9rale. Incontournable b\u00e2timent de la capitale islandaise avec ses 74,5 m de hauteur, l\u2019\u00e9difice qui ressemble \u00e0 une fus\u00e9e a \u00e9t\u00e9 construit entre 1945 et 1986. \u00ab\u00a0Les pentes de la fa\u00e7ade de la Hallgrimskirkja \u00e9voquent de la lave refroidie, et sa finition en b\u00e9ton blanc lui permet de se fondre dans le d\u00e9cor montagneux\u00a0\u00bb, souligne Time Out.<\/p>\n<p><img decoding=\"async\" class=\"caas-img caas-lazy has-preview\" alt=\"L'\u00e9glise de Hallgr\u00edmskirkja, \u00e0 Reykjavik (Cr\u00e9dit : Getty Images)\" src=\"https:\/\/www.europesays.com\/fr\/wp-content\/uploads\/2025\/07\/e98e74b0-58a9-11f0-bd6f-80d2cd698bc0.jpeg\"\/><\/p>\n<p>L&rsquo;\u00e9glise de Hallgr\u00edmskirkja, \u00e0 Reykjavik (Cr\u00e9dit : Getty Images)<\/p>\n<p>Les fameuses <strong>pyramides de Gizeh<\/strong> compl\u00e8tent un podium \u00e9clectique. Situ\u00e9es dans la n\u00e9cropole de Gizeh, juste \u00e0 l&rsquo;ext\u00e9rieur de la ville du Caire, elles ont \u00e9t\u00e9 construites par trois pharaons de l&rsquo;\u00c9gypte ancienne il y a environ 4 500 ans. Monuments indissociables du patrimoine culturel \u00e9gyptien, les pyramides de Gizeh sont la seule des Sept Merveilles du monde antique \u00e0 subsister encore aujourd\u2019hui.<\/p>\n<p>Au pied du podium, on retrouve <strong>La Maison sur la Cascade<\/strong> de l\u2019architecte am\u00e9ricain Frank Lloyd Wright. Cette maison priv\u00e9e situ\u00e9e au-dessus d\u2019une chute d\u2019eau au c\u0153ur de la for\u00eat de Mill Run, en Pennsylvanie, a \u00e9t\u00e9 achev\u00e9e en 1939. Elle devance l&rsquo;un des joyaux de P\u00e9tra, en Jordanie, <strong>Ad-Deir<\/strong> (\u00ab\u00a0le monast\u00e8re\u00a0\u00bb en arabe). Sculpt\u00e9 dans les falaises de gr\u00e8s rouge, il s\u2019agit de l\u2019un des b\u00e2timents les plus connus de la cit\u00e9 antique jordanienne.<\/p>\n<p><img decoding=\"async\" class=\"caas-img caas-lazy has-preview\" alt=\"La Maison sur la Cascade (Cr\u00e9dit : Chris Melzer\/picture alliance via Getty Images)\" src=\"https:\/\/www.europesays.com\/fr\/wp-content\/uploads\/2025\/07\/98390be0-58ac-11f0-b7bd-22647b9a2f59.jpeg\"\/><\/p>\n<p>La Maison sur la Cascade (Cr\u00e9dit : Chris Melzer\/picture alliance via Getty Images)<\/p>\n<p><strong>La France repr\u00e9sent\u00e9e gr\u00e2ce \u00e0 Louis Vuitton<\/strong><\/p>\n<p>Sixi\u00e8me du classement, la <strong>Fondation Louis Vuitton<\/strong>, \u00e0 Paris, figure dans le panth\u00e9on des plus beaux b\u00e2timents au monde, d\u2019apr\u00e8s Time Out. \u00ab\u00a0C\u2019est un cadeau fait \u00e0 la France\u00a0\u00bb, l\u00e2chait Bernard Arnault, premi\u00e8re fortune fran\u00e7aise, quelques jours avant l\u2019inauguration en 2014. Quatre ans plus tard, la Cour des comptes a point\u00e9 les d\u00e9rives sur le co\u00fbt de l\u2019op\u00e9ration et l\u2019avantage fiscal obtenu. Le chantier aurait co\u00fbt\u00e9 790 millions d\u2019euros, soit 690 millions de plus que les pr\u00e9visions.<\/p>\n<p><img decoding=\"async\" class=\"caas-img caas-lazy has-preview\" alt=\"La Fondation Louis Vuitton (Cr\u00e9dit : Getty Images)\" src=\"https:\/\/www.europesays.com\/fr\/wp-content\/uploads\/2025\/07\/1a1231d0-58aa-11f0-a3fb-a69717bd746a.jpeg\"\/><\/p>\n<p>La Fondation Louis Vuitton (Cr\u00e9dit : Getty Images)<\/p>\n<p>Dans le reste du top 10 figurent la <strong>biblioth\u00e8que du Trinity College<\/strong> de Dublin du XVIIIe si\u00e8cle, la <strong>Grande mosqu\u00e9e de Djenn\u00e9<\/strong> au Mali \u00ab\u00a0le plus grand b\u00e2timent du monde construit en terre crue\u00a0\u00bb, la <strong>mosqu\u00e9e Nasir-ol-Molk<\/strong> en Iran surnomm\u00e9e la \u00ab\u00a0mosqu\u00e9e rose\u00a0\u00bb et enfin <strong>The Twist<\/strong>, sorte de pont tordu, en plein coeur de la for\u00eat norv\u00e9gienne.<\/p>\n<p><img decoding=\"async\" class=\"caas-img caas-lazy has-preview\" alt=\"La grande mosqu\u00e9e de Djenn\u00e9 (Cr\u00e9dit : Michel RENAUDEAU\/Gamma-Rapho via Getty Images)\" src=\"https:\/\/www.europesays.com\/fr\/wp-content\/uploads\/2025\/07\/76cbaeb0-58aa-11f0-bf7e-514dfbd92f23.jpeg\"\/><\/p>\n<p>La grande mosqu\u00e9e de Djenn\u00e9 (Cr\u00e9dit : Michel RENAUDEAU\/Gamma-Rapho via Getty Images)<\/p>\n","protected":false},"excerpt":{"rendered":"Fa\u00e7onn\u00e9s avec de la pierre, du verre, du marbre, du b\u00e9ton ou de l\u2019acier, certains b\u00e2timents brillent par&hellip;\n","protected":false},"author":2,"featured_media":225283,"comment_status":"","ping_status":"","sticky":false,"template":"","format":"standard","meta":{"footnotes":""},"categories":[1358],"tags":[1348,1384,1385,24952,1386,58,59,1011,27,5962,36408,36410,36409],"class_list":{"0":"post-225282","1":"post","2":"type-post","3":"status-publish","4":"format-standard","5":"has-post-thumbnail","7":"category-arts-et-design","8":"tag-arts","9":"tag-arts-and-design","10":"tag-arts-et-design","11":"tag-batiments","12":"tag-design","13":"tag-divertissement","14":"tag-entertainment","15":"tag-fr","16":"tag-france","17":"tag-getty-images","18":"tag-pyramides-de-gizeh","19":"tag-sept-merveilles-du-monde-antique","20":"tag-taj-mahal"},"share_on_mastodon":{"url":"https:\/\/pubeurope.com\/@fr\/114794217281043713","error":""},"_links":{"self":[{"href":"https:\/\/www.europesays.com\/fr\/wp-json\/wp\/v2\/posts\/225282","targetHints":{"allow":["GET"]}}],"collection":[{"href":"https:\/\/www.europesays.com\/fr\/wp-json\/wp\/v2\/posts"}],"about":[{"href":"https:\/\/www.europesays.com\/fr\/wp-json\/wp\/v2\/types\/post"}],"author":[{"embeddable":true,"href":"https:\/\/www.europesays.com\/fr\/wp-json\/wp\/v2\/users\/2"}],"replies":[{"embeddable":true,"href":"https:\/\/www.europesays.com\/fr\/wp-json\/wp\/v2\/comments?post=225282"}],"version-history":[{"count":0,"href":"https:\/\/www.europesays.com\/fr\/wp-json\/wp\/v2\/posts\/225282\/revisions"}],"wp:featuredmedia":[{"embeddable":true,"href":"https:\/\/www.europesays.com\/fr\/wp-json\/wp\/v2\/media\/225283"}],"wp:attachment":[{"href":"https:\/\/www.europesays.com\/fr\/wp-json\/wp\/v2\/media?parent=225282"}],"wp:term":[{"taxonomy":"category","embeddable":true,"href":"https:\/\/www.europesays.com\/fr\/wp-json\/wp\/v2\/categories?post=225282"},{"taxonomy":"post_tag","embeddable":true,"href":"https:\/\/www.europesays.com\/fr\/wp-json\/wp\/v2\/tags?post=225282"}],"curies":[{"name":"wp","href":"https:\/\/api.w.org\/{rel}","templated":true}]}}