{"id":225284,"date":"2025-07-04T09:18:09","date_gmt":"2025-07-04T09:18:09","guid":{"rendered":"https:\/\/www.europesays.com\/fr\/225284\/"},"modified":"2025-07-04T09:18:09","modified_gmt":"2025-07-04T09:18:09","slug":"un-grand-ete-cest-un-grand-roman-rencontre-avec-lautrice-valerie-perrin-dans-son-refuge-en-bourgogne","status":"publish","type":"post","link":"https:\/\/www.europesays.com\/fr\/225284\/","title":{"rendered":"\u00ab\u00a0Un grand \u00e9t\u00e9, c\u2019est un grand roman\u00a0\u00bb\u00a0: rencontre avec l\u2019autrice Val\u00e9rie Perrin dans son refuge en Bourgogne"},"content":{"rendered":"<p class=\"paragraph text_align_left lp-f-body-02\">L\u2019int\u00e9rieur a des allures de maison de poup\u00e9e, douillette, d\u00e9cor\u00e9e avec soin, d\u00e9licatement parfum\u00e9e. Meubles chin\u00e9s et plus contemporains cohabitent harmonieusement. Les murs d\u00e9bordent de livres, dont ceux de notre h\u00f4tesse, dans toutes les langues du monde. Partout, des fleurs : sur les tableaux, les tasses de porcelaine, brod\u00e9es sur les coussins, mais aussi dans les pots multicolores align\u00e9s sur la terrasse de bois, \u00e0 l\u2019\u00e9tage.<\/p>\n<p class=\"paragraph text_align_left lp-f-body-02\">En contrebas, un jardin verdoyant, des arbres en cascade, le clapotis de l\u2019eau d\u2019un bassin, des l\u00e9zards qui filent sur les murs. Black, son chien fid\u00e8le, un beauceron noir, est tranquillement alangui \u00e0 l\u2019ombre. Un d\u00e9cor de cin\u00e9ma ?<\/p>\n","protected":false},"excerpt":{"rendered":"L\u2019int\u00e9rieur a des allures de maison de poup\u00e9e, douillette, d\u00e9cor\u00e9e avec soin, d\u00e9licatement parfum\u00e9e. Meubles chin\u00e9s et plus&hellip;\n","protected":false},"author":2,"featured_media":225285,"comment_status":"","ping_status":"","sticky":false,"template":"","format":"standard","meta":{"footnotes":""},"categories":[1357],"tags":[1379,872,58,59,1011,27,12156,1380],"class_list":{"0":"post-225284","1":"post","2":"type-post","3":"status-publish","4":"format-standard","5":"has-post-thumbnail","7":"category-livres","8":"tag-books","9":"tag-culture-et-loisirs","10":"tag-divertissement","11":"tag-entertainment","12":"tag-fr","13":"tag-france","14":"tag-le-parisien-week-end","15":"tag-livres"},"share_on_mastodon":{"url":"https:\/\/pubeurope.com\/@fr\/114794221211446107","error":""},"_links":{"self":[{"href":"https:\/\/www.europesays.com\/fr\/wp-json\/wp\/v2\/posts\/225284","targetHints":{"allow":["GET"]}}],"collection":[{"href":"https:\/\/www.europesays.com\/fr\/wp-json\/wp\/v2\/posts"}],"about":[{"href":"https:\/\/www.europesays.com\/fr\/wp-json\/wp\/v2\/types\/post"}],"author":[{"embeddable":true,"href":"https:\/\/www.europesays.com\/fr\/wp-json\/wp\/v2\/users\/2"}],"replies":[{"embeddable":true,"href":"https:\/\/www.europesays.com\/fr\/wp-json\/wp\/v2\/comments?post=225284"}],"version-history":[{"count":0,"href":"https:\/\/www.europesays.com\/fr\/wp-json\/wp\/v2\/posts\/225284\/revisions"}],"wp:featuredmedia":[{"embeddable":true,"href":"https:\/\/www.europesays.com\/fr\/wp-json\/wp\/v2\/media\/225285"}],"wp:attachment":[{"href":"https:\/\/www.europesays.com\/fr\/wp-json\/wp\/v2\/media?parent=225284"}],"wp:term":[{"taxonomy":"category","embeddable":true,"href":"https:\/\/www.europesays.com\/fr\/wp-json\/wp\/v2\/categories?post=225284"},{"taxonomy":"post_tag","embeddable":true,"href":"https:\/\/www.europesays.com\/fr\/wp-json\/wp\/v2\/tags?post=225284"}],"curies":[{"name":"wp","href":"https:\/\/api.w.org\/{rel}","templated":true}]}}