{"id":225286,"date":"2025-07-04T09:19:09","date_gmt":"2025-07-04T09:19:09","guid":{"rendered":"https:\/\/www.europesays.com\/fr\/225286\/"},"modified":"2025-07-04T09:19:09","modified_gmt":"2025-07-04T09:19:09","slug":"exclu-public-helena-bailly-rejoint-the-voice","status":"publish","type":"post","link":"https:\/\/www.europesays.com\/fr\/225286\/","title":{"rendered":"Exclu Public\u00a0: Helena Bailly rejoint \u00ab\u00a0The Voice\u00a0\u00bb"},"content":{"rendered":"<p>Son talent et sa notori\u00e9t\u00e9 lui permettent \u00e0 pr\u00e9sent de juger les jeunes talents. En l\u2019espace de quelques mois, <a href=\"https:\/\/www.public.fr\/tag\/helena-bailly\" rel=\"nofollow noopener\" target=\"_blank\">H\u00e9l\u00e9na Bailly<\/a> a su devenir une v\u00e9ritable star, et pas seulement qu\u2019en France, gr\u00e2ce \u00e0 sa participation \u00e0 l\u2019\u00e9dition 2023 de la <strong>\u00ab\u00a0Star Academy\u00a0\u00bb<\/strong>.<\/p>\n<p>Et pourtant, l\u2019artiste belge n\u2019a pas remport\u00e9 le programme. \u00c9limin\u00e9e en demi-finale de sa saison face \u00e0 <a href=\"https:\/\/www.public.fr\/tag\/pierre-garnier\" rel=\"nofollow noopener\" target=\"_blank\">Pierre Garnier<\/a>, c\u2019est d\u2019ailleurs ce dernier qui a soulev\u00e9 le troph\u00e9e au d\u00e9triment de <a href=\"https:\/\/vsd.fr\/tag\/julien-lieb\/\" rel=\"nofollow noopener\" target=\"_blank\">Julien Lieb<\/a>. Mais pas besoin de victoire finale quand on poss\u00e8de le talent.<\/p>\n<p>Une carri\u00e8re qui a explos\u00e9 en seulement quelques mois<\/p>\n<p>Car depuis sa sortie du ch\u00e2teau de Dammarie-les-Lys, H\u00e9l\u00e9na encha\u00eene les succ\u00e8s et les streams sur les plateformes musicales. Son morceau <strong>\u00ab\u00a0Summer body\u00a0\u00bb<\/strong> d\u00e9passait par exemple les 10 millions de streams en octobre 2024 alors que <strong>\u00ab\u00a0Mauvais gar\u00e7on\u00a0\u00bb<\/strong> cartonne toujours et comptabilisait, en f\u00e9vrier 2025, 13 millions de streams.<\/p>\n<p>Outre ses chansons qui connaissent un \u00e9norme succ\u00e8s, H\u00e9l\u00e9na se fait \u00e9galement inviter pour des \u00e9v\u00e9nements r\u00e9unissant les plus grands chanteurs et personnalit\u00e9s francophones. En effet, d\u2019ici quelques mois, <a href=\"https:\/\/www.public.fr\/les-enfoires-helena-rejoint-pierre-garnier-et-sa-mere-sen-mele\" rel=\"nofollow noopener\" target=\"_blank\">elle rejoindra la troupe des Enfoir\u00e9s<\/a>, quelques mois seulement apr\u00e8s l\u2019arriv\u00e9e de son acolyte de la <strong>\u00ab\u00a0Star Academy\u00a0\u00bb<\/strong>, Pierre Garnier.<\/p>\n<p>Toutefois, avant de prendre part \u00e0 l\u2019\u00e9v\u00e9nement caritatif, l\u2019interpr\u00e8te de <strong>\u00ab\u00a0Mauvais gar\u00e7on\u00a0\u00bb<\/strong> devrait dans un premier temps \u00e9pauler Joseph-Kamel. En effet, selon nos informations ainsi qu\u2019un clich\u00e9 partag\u00e9 par le journaliste Rino Gallo sur son compte Instagram, <strong>H\u00e9l\u00e9na aurait rejoint le tournage de la prochaine saison de \u00ab\u00a0The Voice\u00a0\u00bb Belgique.\u00a0<\/strong><\/p>\n<p>H\u00e9l\u00e9na Bailly co-coach de \u00ab\u00a0The Voice\u00a0\u00bb Belgique, un r\u00f4le bien diff\u00e9rent de coach principal<\/p>\n<p>Pr\u00e9cisons toutefois que le r\u00f4le de co-coach reste bien diff\u00e9rent de celui de coach principal. Si ce dernier choisit ses talents lors des auditions \u00e0 l\u2019aveugle, et les conseille jusqu\u2019au bout,<strong> le\/la co-coach assiste \u00e0 seulement un prime pour \u00e9pauler le coach principal.\u00a0<\/strong><\/p>\n<p>H\u00e9l\u00e9na devrait ainsi avoir pour mission de conseiller et aider les jeunes talents de Joseph-Kamel s\u00e9lectionn\u00e9s dans la prochaine saison de <strong>\u00ab\u00a0The Voice\u00a0\u00bb<\/strong> Belgique, les rassurer et leur partager quelques astuces en coulisses, avant de repartir une fois les Battles termin\u00e9es.<\/p>\n<p>Une m\u00e9canique qui existe \u00e9galement dans la version fran\u00e7aise du t\u00e9l\u00e9crochet. Dans la pr\u00e9c\u00e9dente saison, Lara Fabian avait par exemple pu compter sur le soutien de Tayc et Garou. Claudio Cap\u00e9o, lui, \u00e9tait \u00e9paul\u00e9 par Quentin Mosimann et l&rsquo;humoriste Arnaud Ducret. Patrick Bruel et Santa ont pr\u00eat\u00e9 main-forte \u00e0 Patrick Fiori. Alors que Slimane se faisait accompagner par Dadju et Chim\u00e8ne Badi.<\/p>\n<p>Toute reproduction interdite sans la mention Public et un lien r\u00e9digeant sur cet article<\/p>\n<p>      Mentionn\u00e9s dans cet article<\/p>\n<p>\u00c0 lire aussi<\/p>\n","protected":false},"excerpt":{"rendered":"Son talent et sa notori\u00e9t\u00e9 lui permettent \u00e0 pr\u00e9sent de juger les jeunes talents. En l\u2019espace de quelques&hellip;\n","protected":false},"author":2,"featured_media":225287,"comment_status":"","ping_status":"","sticky":false,"template":"","format":"standard","meta":{"footnotes":""},"categories":[1356],"tags":[58,59,5411,1011,27,5098,5096,5095,252,3074,1364],"class_list":{"0":"post-225286","1":"post","2":"type-post","3":"status-publish","4":"format-standard","5":"has-post-thumbnail","7":"category-television","8":"tag-divertissement","9":"tag-entertainment","10":"tag-exclusivite-public","11":"tag-fr","12":"tag-france","13":"tag-helena-bailly","14":"tag-pierre-garnier","15":"tag-star-academy","16":"tag-television","17":"tag-the-voice","18":"tag-tv"},"share_on_mastodon":{"url":"https:\/\/pubeurope.com\/@fr\/114794225018907556","error":""},"_links":{"self":[{"href":"https:\/\/www.europesays.com\/fr\/wp-json\/wp\/v2\/posts\/225286","targetHints":{"allow":["GET"]}}],"collection":[{"href":"https:\/\/www.europesays.com\/fr\/wp-json\/wp\/v2\/posts"}],"about":[{"href":"https:\/\/www.europesays.com\/fr\/wp-json\/wp\/v2\/types\/post"}],"author":[{"embeddable":true,"href":"https:\/\/www.europesays.com\/fr\/wp-json\/wp\/v2\/users\/2"}],"replies":[{"embeddable":true,"href":"https:\/\/www.europesays.com\/fr\/wp-json\/wp\/v2\/comments?post=225286"}],"version-history":[{"count":0,"href":"https:\/\/www.europesays.com\/fr\/wp-json\/wp\/v2\/posts\/225286\/revisions"}],"wp:featuredmedia":[{"embeddable":true,"href":"https:\/\/www.europesays.com\/fr\/wp-json\/wp\/v2\/media\/225287"}],"wp:attachment":[{"href":"https:\/\/www.europesays.com\/fr\/wp-json\/wp\/v2\/media?parent=225286"}],"wp:term":[{"taxonomy":"category","embeddable":true,"href":"https:\/\/www.europesays.com\/fr\/wp-json\/wp\/v2\/categories?post=225286"},{"taxonomy":"post_tag","embeddable":true,"href":"https:\/\/www.europesays.com\/fr\/wp-json\/wp\/v2\/tags?post=225286"}],"curies":[{"name":"wp","href":"https:\/\/api.w.org\/{rel}","templated":true}]}}