{"id":22529,"date":"2025-04-13T15:49:11","date_gmt":"2025-04-13T15:49:11","guid":{"rendered":"https:\/\/www.europesays.com\/fr\/22529\/"},"modified":"2025-04-13T15:49:11","modified_gmt":"2025-04-13T15:49:11","slug":"r1f-les-girondines-vont-disputer-les-barrages-daccession-a-la-d3","status":"publish","type":"post","link":"https:\/\/www.europesays.com\/fr\/22529\/","title":{"rendered":"R1F : les Girondines vont disputer les barrages d&rsquo;accession \u00e0 la D3"},"content":{"rendered":"<p><img decoding=\"async\" src=\"https:\/\/www.europesays.com\/fr\/wp-content\/uploads\/2025\/04\/671_7e48caf63899d74ff5fefad5b2ddc246.jpg\" alt=\"R1F : les Girondines vont disputer les barrages d'accession \u00e0 la D3\" class=\"img-responsive mt-3\"\/><\/p>\n<p class=\"text-center mb-3\" style=\"font-size: 14px\">\u00a9 Iconsport<\/p>\n<p>      <strong>Barrages le 1e et 8 juin<\/strong><\/p>\n<p style=\"text-align: justify;\">L&rsquo;\u00e9quipe de R\u00e9gional 1 f\u00e9minine des Girondins de Bordeaux est qualifi\u00e9e pour les barrages d&rsquo;accession \u00e0 la D3 qui se joue le 1e et 8 juin prochain en match aller-retour. C&rsquo;est le club en t\u00eate de la Ligue AURA qui va d\u00e9fier Bordeaux.<\/p>\n<p style=\"text-align: justify;\">Avec 10 points d&rsquo;avances sur Poitiers 3 Cit\u00e9s et 9 sur Bergerac \u00e0 seulement 3 journ\u00e9es de la fin du championnat, Bordeaux ne peut plus \u00eatre rejoint.<\/p>\n<p style=\"text-align: justify;\">Les joueuses de Romain Vitry affrontent Talence ce dimanche \u00e0 15h, en cl\u00f4ture de la 20e journ\u00e9e de R1F.<\/p>\n<p>\u00a0<\/p>\n<p>\u00a0<\/p>\n<p>\u00c0 lire aussi &gt;&gt;\u00a0<a href=\"https:\/\/www.webgirondins.com\/actualite-girondins-girondins-oliver-kahn-nous-avons-deja-mis-30-millions-d-euros-sur-la-table-128694\" target=\"_blank\" rel=\"noopener\"><strong>Oliver Kahn : \u00ab\u00a0Nous avons d\u00e9j\u00e0 mis 30 millions d\u2019euros sur la table\u00a0\u00bb<\/strong><\/a><\/p>\n<p style=\"text-align: justify;\">\u00a0<\/p>\n<p>\u00a0<\/p>\n","protected":false},"excerpt":{"rendered":"\u00a9 Iconsport Barrages le 1e et 8 juin L&rsquo;\u00e9quipe de R\u00e9gional 1 f\u00e9minine des Girondins de Bordeaux est&hellip;\n","protected":false},"author":2,"featured_media":22530,"comment_status":"","ping_status":"","sticky":false,"template":"","format":"standard","meta":{"footnotes":""},"categories":[1410],"tags":[8369,3917,8368,8371,8370,8367,8374,1086,21,63,1011,27,8366,5236,955,3133,8372,1653,471,8373,3982,3467,60,3974],"class_list":{"0":"post-22529","1":"post","2":"type-post","3":"status-publish","4":"format-standard","5":"has-post-thumbnail","7":"category-football","8":"tag-accession","9":"tag-avant","10":"tag-barrages","11":"tag-bergerac","12":"tag-cites","13":"tag-disputer","14":"tag-division","15":"tag-etre","16":"tag-fait","17":"tag-football","18":"tag-fr","19":"tag-france","20":"tag-girondines","21":"tag-jouer","22":"tag-match","23":"tag-meme","24":"tag-permet","25":"tag-poitiers","26":"tag-pour","27":"tag-qualifiees","28":"tag-samedi","29":"tag-soir","30":"tag-sports","31":"tag-vont"},"share_on_mastodon":{"url":"https:\/\/pubeurope.com\/@fr\/114331449002691542","error":""},"_links":{"self":[{"href":"https:\/\/www.europesays.com\/fr\/wp-json\/wp\/v2\/posts\/22529","targetHints":{"allow":["GET"]}}],"collection":[{"href":"https:\/\/www.europesays.com\/fr\/wp-json\/wp\/v2\/posts"}],"about":[{"href":"https:\/\/www.europesays.com\/fr\/wp-json\/wp\/v2\/types\/post"}],"author":[{"embeddable":true,"href":"https:\/\/www.europesays.com\/fr\/wp-json\/wp\/v2\/users\/2"}],"replies":[{"embeddable":true,"href":"https:\/\/www.europesays.com\/fr\/wp-json\/wp\/v2\/comments?post=22529"}],"version-history":[{"count":0,"href":"https:\/\/www.europesays.com\/fr\/wp-json\/wp\/v2\/posts\/22529\/revisions"}],"wp:featuredmedia":[{"embeddable":true,"href":"https:\/\/www.europesays.com\/fr\/wp-json\/wp\/v2\/media\/22530"}],"wp:attachment":[{"href":"https:\/\/www.europesays.com\/fr\/wp-json\/wp\/v2\/media?parent=22529"}],"wp:term":[{"taxonomy":"category","embeddable":true,"href":"https:\/\/www.europesays.com\/fr\/wp-json\/wp\/v2\/categories?post=22529"},{"taxonomy":"post_tag","embeddable":true,"href":"https:\/\/www.europesays.com\/fr\/wp-json\/wp\/v2\/tags?post=22529"}],"curies":[{"name":"wp","href":"https:\/\/api.w.org\/{rel}","templated":true}]}}