{"id":225290,"date":"2025-07-04T09:21:18","date_gmt":"2025-07-04T09:21:18","guid":{"rendered":"https:\/\/www.europesays.com\/fr\/225290\/"},"modified":"2025-07-04T09:21:18","modified_gmt":"2025-07-04T09:21:18","slug":"la-bande-annonce-de-la-nouvelle-version-avec-jean-dujardin-revelee-2","status":"publish","type":"post","link":"https:\/\/www.europesays.com\/fr\/225290\/","title":{"rendered":"la bande-annonce de la nouvelle version avec Jean Dujardin r\u00e9v\u00e9l\u00e9e"},"content":{"rendered":"<p><img decoding=\"async\" class=\"caas-img caas-lazy has-preview\" src=\"https:\/\/www.europesays.com\/fr\/wp-content\/uploads\/2025\/07\/7ae9157bcc9158657716f2f9dd29fc8c.jpeg\"\/><\/p>\n<p>Il est de tous les plans, ou presque. <a href=\"https:\/\/www.bfmtv.com\/culture\/jean-dujardin-dans-la-peau-de-l-ecrivain-sylvain-tesson-dans-le-film-les-chemins-noirs-de-denis-imbert-au-cinema-ce-mercredi_VN-202303220178.html\" rel=\"nofollow noopener\" target=\"_blank\" data-ylk=\"slk:Jean Dujardin;elm:context_link;itc:0;sec:content-canvas\" class=\"link \">Jean Dujardin<\/a> chez le m\u00e9decin, sous la douche, dans sa cuisine, sur son lit, en plein cauchemar, ou \u00e0 la d\u00e9rive en mer. La bande-annonce de L\u2019Homme qui r\u00e9tr\u00e9cit, port\u00e9 par la star fran\u00e7aise oscaris\u00e9e pour son r\u00f4le dans The Artist, a \u00e9t\u00e9 d\u00e9voil\u00e9e ce jeudi 3 juillet. Le film de Jan Kounen sortira en salles le 29 octobre prochain.<\/p>\n<p>Il s\u2019agit d\u2019une nouvelle adaptation du roman d&rsquo;aventure SF <a href=\"https:\/\/fr.news.yahoo.com\/lhomme-r%C3%A9tr%C3%A9cit-premi%C3%A8re-image-prochain-113419812.html\" data-ylk=\"slk:L\u2019Homme qui r\u00e9tr\u00e9cit;elm:context_link;itc:0;sec:content-canvas;outcm:mb_qualified_link;_E:mb_qualified_link;ct:story;\" class=\"link  yahoo-link\" target=\"_blank\" rel=\"noopener\">L\u2019Homme qui r\u00e9tr\u00e9cit<\/a> de Richard Matheson, publi\u00e9 en 1956, d\u00e9j\u00e0 port\u00e9 \u00e0 l\u2019\u00e9cran dans un film de l\u2019Am\u00e9ricain Jack Arnold, datant de 1957. Elle raconte l\u2019histoire d\u2019un homme qui r\u00e9tr\u00e9cit peu \u00e0 peu apr\u00e8s avoir \u00e9t\u00e9 confront\u00e9 lors d\u2019une sortie en mer \u00e0 un \u00e9trange ph\u00e9nom\u00e8ne m\u00e9t\u00e9orologique, inexpliqu\u00e9 par la science. Il va alors devenir la proie des animaux et insectes et devra survivre dans un environnement devenu hostile, tout en se questionnant de plus en plus sur son identit\u00e9.<\/p>\n<p>\u00ab\u00a0Je con\u00e7ois plus notre version comme une r\u00e9adaptation du livre de Richard Matheson que comme un remake du film. On a repris pas mal d\u2019\u00e9l\u00e9ments importants qui \u00e9taient seulement dans le bouquin (&#8230;). On a gard\u00e9 en revanche la structure lin\u00e9aire du film, le roman \u00e9tant racont\u00e9 avec une chronologie \u00e9clat\u00e9\u00a0\u00bb, a pr\u00e9cis\u00e9 Jan Kounen dans Premi\u00e8re, en d\u00e9cembre 2024.<\/p>\n<p>Jean Dujardin partage l\u2019affiche avec l\u2019actrice qu\u00e9b\u00e9coise Marie-Jos\u00e9e Croze (Ne le dis \u00e0 personne, Maelstr\u00f6m\u2026), Salim Talbi ou encore Daphn\u00e9 Richard. Jan Kounen, qui a r\u00e9cemment sorti le long m\u00e9trage Mon cousin (358.000 entr\u00e9es en 2020 selon CBO), retrouve Jean Dujardin apr\u00e8s avoir d\u00e9j\u00e0 travaill\u00e9 avec lui sur 99 Francs (1,2 million d\u2019entr\u00e9es en 2007).<\/p>\n<p>Produite par Pitchipo\u00ef Productions et uMedia et distribu\u00e9e par Universal Pictures France, l\u2019\u0153uvre de science-fiction, \u00e9crite par Jan Kounen et Christophe Deslandes, s\u2019annonce comme l\u2019une des sorties fran\u00e7aises les plus attendues de l\u2019automne.<\/p>\n<p><a href=\"https:\/\/www.bfmtv.com\/people\/cinema\/l-homme-qui-retrecit-la-bande-annonce-de-la-nouvelle-version-avec-jean-dujardin-revelee_AN-202507030804.html#xtor=AL-68\" rel=\"nofollow noopener\" target=\"_blank\" data-ylk=\"slk:Article original publi\u00e9 sur BFMTV.com;elm:context_link;itc:0;sec:content-canvas\" class=\"link \">Article original publi\u00e9 sur BFMTV.com<\/a><\/p>\n","protected":false},"excerpt":{"rendered":"Il est de tous les plans, ou presque. Jean Dujardin chez le m\u00e9decin, sous la douche, dans sa&hellip;\n","protected":false},"author":2,"featured_media":225291,"comment_status":"","ping_status":"","sticky":false,"template":"","format":"standard","meta":{"footnotes":""},"categories":[1354],"tags":[58,59,1346,1011,27,36414,36412,218,1360,36411,36413],"class_list":{"0":"post-225290","1":"post","2":"type-post","3":"status-publish","4":"format-standard","5":"has-post-thumbnail","7":"category-films","8":"tag-divertissement","9":"tag-entertainment","10":"tag-films","11":"tag-fr","12":"tag-france","13":"tag-jack-arnold","14":"tag-jan-kounen","15":"tag-jean-dujardin","16":"tag-movies","17":"tag-richard-matheson","18":"tag-roman-daventure"},"share_on_mastodon":{"url":"https:\/\/pubeurope.com\/@fr\/114794232963106365","error":""},"_links":{"self":[{"href":"https:\/\/www.europesays.com\/fr\/wp-json\/wp\/v2\/posts\/225290","targetHints":{"allow":["GET"]}}],"collection":[{"href":"https:\/\/www.europesays.com\/fr\/wp-json\/wp\/v2\/posts"}],"about":[{"href":"https:\/\/www.europesays.com\/fr\/wp-json\/wp\/v2\/types\/post"}],"author":[{"embeddable":true,"href":"https:\/\/www.europesays.com\/fr\/wp-json\/wp\/v2\/users\/2"}],"replies":[{"embeddable":true,"href":"https:\/\/www.europesays.com\/fr\/wp-json\/wp\/v2\/comments?post=225290"}],"version-history":[{"count":0,"href":"https:\/\/www.europesays.com\/fr\/wp-json\/wp\/v2\/posts\/225290\/revisions"}],"wp:featuredmedia":[{"embeddable":true,"href":"https:\/\/www.europesays.com\/fr\/wp-json\/wp\/v2\/media\/225291"}],"wp:attachment":[{"href":"https:\/\/www.europesays.com\/fr\/wp-json\/wp\/v2\/media?parent=225290"}],"wp:term":[{"taxonomy":"category","embeddable":true,"href":"https:\/\/www.europesays.com\/fr\/wp-json\/wp\/v2\/categories?post=225290"},{"taxonomy":"post_tag","embeddable":true,"href":"https:\/\/www.europesays.com\/fr\/wp-json\/wp\/v2\/tags?post=225290"}],"curies":[{"name":"wp","href":"https:\/\/api.w.org\/{rel}","templated":true}]}}