{"id":225292,"date":"2025-07-04T09:22:13","date_gmt":"2025-07-04T09:22:13","guid":{"rendered":"https:\/\/www.europesays.com\/fr\/225292\/"},"modified":"2025-07-04T09:22:13","modified_gmt":"2025-07-04T09:22:13","slug":"premiers-resultats-de-lenquete-de-pharmacovigilance","status":"publish","type":"post","link":"https:\/\/www.europesays.com\/fr\/225292\/","title":{"rendered":"premiers r\u00e9sultats de l\u2019enqu\u00eate de pharmacovigilance"},"content":{"rendered":"<p>                        <img loading=\"lazy\" decoding=\"async\" src=\"https:\/\/www.europesays.com\/fr\/wp-content\/uploads\/2025\/07\/2165665797-ixchiq.jpg\" alt=\"IXCHIQ, vaccin vivant att\u00e9nue monovalent, a obtenu une AMM europ\u00e9enne centralis\u00e9e le 28 juin 2024.\" width=\"510\" height=\"336\"\/><\/p>\n<p class=\"legend\">IXCHIQ, vaccin vivant att\u00e9nue monovalent, a obtenu une AMM europ\u00e9enne centralis\u00e9e le 28 juin 2024.EyeEm Mobile GmbH \/ iStock \/ Getty Images Plus \/ via Getty Images<\/p>\n<p><strong>R\u00e9sum\u00e9<\/strong><\/p>\n<p>L\u2019enqu\u00eate de pharmacovigilance sur IXCHIQ, vaccin contre le chikungunya, a identifi\u00e9, \u00e0 la date du 4 juin 2025 en France, 47 effets ind\u00e9sirables, dont 18 graves et 3 d\u00e9c\u00e8s, principalement chez des sujets de plus de 65 ans et\/ou ayant des comorbidit\u00e9s.<\/p>\n<p>Parmi les 18 cas graves, 78 % (14\/18) concernaient des sujets de plus de 65 ans (\u00e2ge m\u00e9dian\u00a0: 76,5 ans) et\/ou qui pr\u00e9sentaient des comorbidit\u00e9s.<\/p>\n<p>Les sympt\u00f4mes graves \u00e9voquaient principalement un syndrome \u00ab chikungunya like \u00bb.<\/p>\n<p>\u00c0 ce jour, 8\u00a0patients sont r\u00e9tablis, 7\u00a0ne le sont pas, et 3\u00a0sont d\u00e9c\u00e9d\u00e9s.<\/p>\n<p>Le lien avec le vaccin est jug\u00e9 \u00ab tr\u00e8s vraisemblable \u00bb pour 1\u00a0d\u00e9c\u00e8s.<\/p>\n<p>Les taux de notification des d\u00e9c\u00e8s sont estim\u00e9s par le centre r\u00e9gional de pharmacovigilance\u00a0\u00e0 8\/100 000 doses globalement, et 18\/100 000 chez les plus de 65 ans.<\/p>\n<p>Trois signaux n\u00e9cessitent des investigations suppl\u00e9mentaires :<\/p>\n<ul>&#13;<\/p>\n<li>enc\u00e9phalopathie\/enc\u00e9phalite (n = 3)\u00a0;<\/li>\n<p>&#13;<\/p>\n<li>chute\u00a0entre J1-J5 (n = 7)\u00a0;<\/li>\n<p>&#13;<\/p>\n<li>microangiopathie thrombotique (n = 1).<\/li>\n<p>&#13;\n<\/ul>\n<p>Trois \u00e9v\u00e9nements sont sous surveillance : la survenue d&rsquo;une insuffisance r\u00e9nale, d&rsquo;une thrombop\u00e9nie (n = 4), et un m\u00e9susage chez des patients immunod\u00e9prim\u00e9s.<\/p>\n<p>La surveillance se poursuit et la r\u00e9\u00e9valuation europ\u00e9enne du vaccin est en cours.<\/p>\n<p style=\"font-weight:normal;\">La<strong> campagne de vaccination contre le chikungunya<\/strong><b>\u00a0<\/b>avec le vaccin <a href=\"https:\/\/www.vidal.fr\/medicaments\/ixchiq-pdre-solv-p-sol-inj-255192.html\" target=\"_self\" rel=\"nofollow noopener\">IXCHIQ poudre et solvant pour solution injectable <\/a>a \u00e9t\u00e9 lanc\u00e9e le 7\u00a0avril 2025 sur l\u2019\u00eele de La R\u00e9union [<a href=\"https:\/\/ansm.sante.fr\/actualites\/lansm-accompagne-la-campagne-vaccinale-contre-le-chikungunya-vaccin-ixchiq\" target=\"_blank\" rel=\"nofollow noopener\"><strong>1<\/strong><\/a>].<\/p>\n<p>Moins de 3\u00a0semaines plus tard, le 25 avril 2025, en raison de la survenue de 3\u00a0effets ind\u00e9sirables (EI) graves dont 1\u00a0d\u00e9c\u00e8s chez des sujets de 65\u00a0ans et plus, la Haute Autorit\u00e9 de sant\u00e9\u00a0s\u2019est prononc\u00e9e en faveur d\u2019une r\u00e9vision des cibles de la vaccination. IXCHIQ a ainsi \u00e9t\u00e9 contre-indiqu\u00e9\u00a0dans cette tranche d\u2019\u00e2ge de fa\u00e7on temporaire dans l&rsquo;attente de sa r\u00e9\u00e9valuation europ\u00e9enne (cf. <a href=\"https:\/\/www.vidal.fr\/actualites\/31357-chikungunya-contre-indication-d-ixchiq-chez-les-65-ans-et-plus-et-campagne-vaccinale-a-mayotte.html\" target=\"_blank\" rel=\"nofollow noopener\">notre article du 3 juin 2025<\/a>).<\/p>\n<p style=\"font-weight:normal;\"><strong>Au 2 mai 2025<\/strong><b>,<\/b> 43\u00a0400\u00a0doses\u00a0du vaccin IXCHIQ avaient \u00e9t\u00e9 administr\u00e9es dans le monde (France, autres pays de l&rsquo;Union europ\u00e9enne,\u00a0\u00c9tats-Unis, Canada) dont 43\u00a0%\u00a0(soit\u00a0<strong>16<\/strong><b>\u00a0<strong>236<\/strong>\u00a0<strong>doses<\/strong>)<\/b>\u00a0\u00e0 des personnes de 65\u00a0ans et plus, consid\u00e9r\u00e9es comme \u00e0 risque \u00e9lev\u00e9 de forme grave en cas d&rsquo;infection par le chikungunya.<b> <\/b><\/p>\n<p>La campagne vaccinale s\u2019est ainsi poursuivie \u00e0 La R\u00e9union, puis \u00e0 Mayotte (\u00e0 partir du 28 mai 2025), en ciblant\u00a0uniquement les personnes de 18 \u00e0 64\u00a0ans pr\u00e9sentant\u00a0<strong>au moins une comorbidit\u00e9.<\/strong><\/p>\n<p><b>Notifications spontan\u00e9es en pharmacovigilance<\/b>\u00a0<b>: 47<\/b>\u00a0<b>cas d\u2019effets ind\u00e9sirables\u00a0dont 18<\/b>\u00a0<b>graves <\/b><\/p>\n<p>Le 2 juillet 2025, la publication des premiers r\u00e9sultats de l\u2019enqu\u00eate de pharmacovigilance r\u00e9alis\u00e9e par le centre r\u00e9gional de pharmacovigilance (CRPV) de l&rsquo;h\u00f4pital europ\u00e9en Georges-Pompidou (HEGP, Paris) permet de mieux caract\u00e9riser les EI\u00a0du vaccin IXCHIQ [<strong><a href=\"https:\/\/ansm.sante.fr\/actualites\/chikungunya-nous-publions-les-premiers-resultats-de-lenquete-sur-les-effets-indesirables-du-vaccin-ixchiq\" target=\"_blank\" rel=\"nofollow noopener\">2<\/a>,<\/strong><strong>\u00a0<\/strong><strong><a href=\"https:\/\/ansm.sante.fr\/uploads\/2025\/07\/02\/20250702-ixchiq-vaccin-chikungunya-synthese-periodique-2-13-06-2025.pdf\" target=\"_blank\" rel=\"nofollow noopener\">3<\/a><\/strong>]. La pr\u00e9sentation, dans ce m\u00eame document, des donn\u00e9es de surveillance de l\u2019infection par le virus du chikungunya \u00e0 La R\u00e9union\u00a0permet une mise en perspective de ces donn\u00e9es vaccinales (cf.\u00a0<strong>Tableau <\/strong>et\u00a0<strong>Encadr\u00e9<\/strong>) [<strong><a href=\"https:\/\/ansm.sante.fr\/uploads\/2025\/07\/02\/20250702-ixchiq-vaccin-chikungunya-synthese-periodique-2-13-06-2025.pdf\" target=\"_blank\" rel=\"nofollow noopener\">3<\/a><\/strong>].<\/p>\n<p>Entre le 7 mars et le 2 juin 2025, 47\u00a0cas d\u2019EI\u00a0dont 18\u00a0cas graves ont \u00e9t\u00e9 rapport\u00e9s sur l\u2019ensemble du territoire fran\u00e7ais\u00a0dont 11 (23\u00a0%) en m\u00e9tropole et 36 (77\u00a0%) en zone end\u00e9mique ou \u00e9pid\u00e9mique \u00e0 La R\u00e9union ou \u00e0 la Martinique.<\/p>\n<p>Ces cas d\u00e9clar\u00e9s concernaient majoritairement des sujets de plus de 65\u00a0ans\u00a0:<\/p>\n<ul>&#13;<\/p>\n<li>55 % parmi les cas non graves (16 cas sur 29 ; \u00e2ge m\u00e9dian\u00a0: 66,5\u00a0ans\u00a0; extr\u00eames\u00a0:\u00a035 \u00e0 77\u00a0ans)\u00a0;<\/li>\n<p>&#13;<\/p>\n<li>78 % parmi les cas graves (14 cas sur 18 ; \u00e2ge m\u00e9dian\u00a0: 76,5\u00a0ans\u00a0; extr\u00eames\u00a0:\u00a045 \u00e0 89\u00a0ans).<\/li>\n<p>&#13;\n<\/ul>\n<p>Parmi les 29 cas \u00ab\u00a0non graves\u00a0\u00bb, 10\u00a0(34 %) pr\u00e9sentaient des comorbidit\u00e9s. Les EI d\u00e9crits sont surtout en lien avec une r\u00e9actog\u00e9nicit\u00e9 syst\u00e9mique au vaccin \u00e0 type\u00a0de c\u00e9phal\u00e9es (13), arthralgies (12), fi\u00e8vre (11), myalgies (8).<\/p>\n<p>Parmi les 18 cas graves, 14\u00a0(78\u00a0%) pr\u00e9sentaient des comorbidit\u00e9s. Les EI \u00e9voquent\u00a0principalement un tableau \u00ab chikungunya like \u00bb, semblable \u00e0 celui d\u2019une forme grave d\u2019infection par le virus (cf. Monographie VIDAL).<\/p>\n<p><b>Un lien \u00ab\u00a0tr\u00e8s vraisemblable\u00a0\u00bb avec le vaccin pour l\u2019un des trois d\u00e9c\u00e8s<\/b><\/p>\n<p>\u00c0 ce jour, sur\u00a0les 18 patients ayant pr\u00e9sent\u00e9 un EI grave\u00a0:<\/p>\n<ul>&#13;<\/p>\n<li>8 sont r\u00e9tablis ou en cours de r\u00e9tablissement\u00a0;<\/li>\n<p>&#13;<\/p>\n<li>7 ne sont pas r\u00e9tablis\u00a0;<\/li>\n<p>&#13;<\/p>\n<li>3 sont d\u00e9c\u00e9d\u00e9s (ces derniers avaient plus de 65 ans et pr\u00e9sentaient d&rsquo;autres pathologies associ\u00e9es).<\/li>\n<p>&#13;\n<\/ul>\n<p>D&rsquo;apr\u00e8s des crit\u00e8res chronologiques et s\u00e9miologiques [<a href=\"https:\/\/www.vidal.fr\/actualites\/30427-l-imputabilite-medicamenteuse-de-quoi-parle-t-on.html#:~:text=Sur%20le%20plan%20populationnel%2C%20l,pharmacovigilance%20et%20les%20laboratoires%20pharmaceutiques.\" target=\"_self\" rel=\"nofollow noopener\"><strong>4<\/strong><\/a>], un lien avec le vaccin semble \u00ab\u00a0tr\u00e8s vraisemblable\u00a0\u00bb pour un cas. Pour les deux autres\u00a0: \u00ab\u00a0il n\u2019a pas \u00e9t\u00e9 possible d\u2019\u00e9tablir un lien\u00a0\u00bb.<\/p>\n<p>Selon le CRPV, les taux de notification des cas d&rsquo;\u00e9volution fatale sont estim\u00e9s \u00e0\u00a0:<\/p>\n<ul>&#13;<\/p>\n<li>8 cas pour 100\u00a0000\u00a0doses (ou 1\u00a0cas pour 12\u00a0640\u00a0doses) si l\u2019on prend en compte l&rsquo;ensemble des doses administr\u00e9es\u00a0;<\/li>\n<p>&#13;<\/p>\n<li>18 cas pour 100\u00a0000\u00a0doses (ou 1\u00a0cas pour 5\u00a0412\u00a0doses) chez les 65\u00a0ans et plus.<\/li>\n<p>&#13;\n<\/ul>\n<p><b>Trois signaux potentiels en cours d&rsquo;investigation<\/b><\/p>\n<p>Des effets ind\u00e9sirables nouveaux ou inhabituels, sugg\u00e9rant un r\u00f4le possible du vaccin, ont \u00e9galement \u00e9t\u00e9 mis en \u00e9vidence\u00a0:<\/p>\n<ul>&#13;<\/p>\n<li>enc\u00e9phalopathie ou d\u2019enc\u00e9phalite (n\u00a0=\u00a03), survenue chez des personnes \u00e2g\u00e9es ayant des comorbidit\u00e9s\u00a0;<\/li>\n<p>&#13;<\/p>\n<li>chute\u00a0(n\u00a0=\u00a07) entre J1 et J5 apr\u00e8s la vaccination, dans un contexte de malaise vagal et\/ou d&rsquo;une fi\u00e8vre et\/ou d\u2019enc\u00e9phalopathie\u00a0;<\/li>\n<p>&#13;<\/p>\n<li>microangiopathie thrombotique\u00a0(n\u00a0=\u00a01)\u00a0dont les premiers signes sont apparus d\u00e8s J2 apr\u00e8s la vaccination.<\/li>\n<p>&#13;\n<\/ul>\n<p><b>Ces 3 signaux potentiels font l\u2019objet d\u2019investigations compl\u00e9mentaires au niveau europ\u00e9en.<\/b><\/p>\n<p><b>Trois \u00e9v\u00e9nements sous surveillance<\/b><\/p>\n<p>Trois \u00e9v\u00e9nements sont sous surveillance\u00a0:<\/p>\n<ul>&#13;<\/p>\n<li>une <b>insuffisance r\u00e9nale :\u00a0<\/b>en cas de fi\u00e8vre postvaccinale chez un sujet \u00e2g\u00e9 ou fragile, une \u00e9valuation de la fonction r\u00e9nale est recommand\u00e9e afin de corriger d\u2019\u00e9ventuels d\u00e9s\u00e9quilibres m\u00e9taboliques ou hydro\u00e9lectrolytiques ;<\/li>\n<p>&#13;<\/p>\n<li>une <b>thrombop\u00e9nie <\/b>: 4 cas associ\u00e9s \u00e0 un tableau chikungunya like\u00a0ont \u00e9t\u00e9 rapport\u00e9s\u00a0;<\/li>\n<p>&#13;<\/p>\n<li>un <b>m\u00e9susage <\/b>dans un contexte d&rsquo;immunod\u00e9pression : rappelons\u00a0<strong>qu\u2019IXCHIQ, <\/strong>vaccin vivant att\u00e9nu\u00e9, <strong>est contre-indiqu\u00e9 chez les personnes immunod\u00e9ficientes ou immunod\u00e9prim\u00e9es en raison d\u2019une maladie ou d\u2019un traitement m\u00e9dical.<\/strong><\/li>\n<p>&#13;\n<\/ul>\n<p>La surveillance se poursuit en lien avec les autorit\u00e9s europ\u00e9ennes. La\u00a0<a href=\"https:\/\/ansm.sante.fr\/actualites\/retour-dinformation-sur-le-prac-de-mai-2025-5-8-mai\" target=\"_blank\" rel=\"nofollow noopener\">r\u00e9\u00e9valuation de la balance b\u00e9n\u00e9fice\/risque de ce vaccin<\/a>\u00a0par le comit\u00e9 europ\u00e9en de pharmacovigilance (PRAC) de l\u2019EMA est en cours. \u00c0 suivre\u2026<\/p>\n<p>&#13;<br \/>\n\t&#13;<\/p>\n<p><strong>Tableau &#8211;\u00a0<\/strong><b>Chikungunya \u00e0 La R\u00e9union : les chiffres cl\u00e9s au 4 juin 2025 <\/b>(tableau 4 du [<strong><a href=\"https:\/\/ansm.sante.fr\/uploads\/2025\/07\/02\/20250702-ixchiq-vaccin-chikungunya-synthese-periodique-2-13-06-2025.pdf\" target=\"_blank\" rel=\"nofollow noopener\">3<\/a><\/strong>])<\/p>\n<p>&#13;<br \/>\n&#13;<\/p>\n<p><img loading=\"lazy\" decoding=\"async\" height=\"284\" src=\"https:\/\/www.europesays.com\/fr\/wp-content\/uploads\/2025\/07\/tableau-4---donnees-chikungunya.png\" width=\"933\"\/><\/p>\n<p>&#13;<br \/>\n&#13;<\/p>\n<p><strong>Encadr\u00e9 &#8211; Les facteurs de risque de formes s\u00e9v\u00e8res d\u2019infection par le virus du chikungunya<\/strong><\/p>\n<p>&#13;<br \/>\n\t&#13;<br \/>\n\t&#13;<\/p>\n<tr>&#13;<\/p>\n<td>&#13;<\/p>\n<p>Les facteurs de risque de formes s\u00e9v\u00e8res d\u2019infection par le virus du chikungunya \u00e0 l\u2019origine d\u2019une hospitalisation de plus de 24\u00a0heures sont\u00a0:<\/p>\n<p>&#13;<br \/>\n&#13;<\/p>\n<ul>&#13;<\/p>\n<li>une ob\u00e9sit\u00e9\u00a0;<\/li>\n<p>&#13;<\/p>\n<li>une insuffisance r\u00e9nale chronique\u00a0;<\/li>\n<p>&#13;<\/p>\n<li>un diab\u00e8te de type 2\u00a0;<\/li>\n<p>&#13;<\/p>\n<li>les \u00e2ges extr\u00eames\u00a0: moins de 6 mois et plus de 65 ans\u00a0;<\/li>\n<p>&#13;<\/p>\n<li>une grossesse.<\/li>\n<p>&#13;\n\t\t\t<\/ul>\n<p>&#13;<br \/>\n&#13;<\/p>\n<p>Les cas graves touchent majoritairement les plus de 65 ans et les moins de 3 mois.<\/p>\n<p>&#13;\n\t\t\t<\/td>\n<p>&#13;<br \/>\n\t\t<\/tr>\n<p>&#13;<br \/>\n\t&#13;<\/p>\n<p>\u00a0<\/p>\n","protected":false},"excerpt":{"rendered":"IXCHIQ, vaccin vivant att\u00e9nue monovalent, a obtenu une AMM europ\u00e9enne centralis\u00e9e le 28 juin 2024.EyeEm Mobile GmbH \/&hellip;\n","protected":false},"author":2,"featured_media":225293,"comment_status":"","ping_status":"","sticky":false,"template":"","format":"standard","meta":{"footnotes":""},"categories":[10],"tags":[1011,27,72,71],"class_list":{"0":"post-225292","1":"post","2":"type-post","3":"status-publish","4":"format-standard","5":"has-post-thumbnail","7":"category-sante","8":"tag-fr","9":"tag-france","10":"tag-health","11":"tag-sante"},"share_on_mastodon":{"url":"https:\/\/pubeurope.com\/@fr\/114794236755336533","error":""},"_links":{"self":[{"href":"https:\/\/www.europesays.com\/fr\/wp-json\/wp\/v2\/posts\/225292","targetHints":{"allow":["GET"]}}],"collection":[{"href":"https:\/\/www.europesays.com\/fr\/wp-json\/wp\/v2\/posts"}],"about":[{"href":"https:\/\/www.europesays.com\/fr\/wp-json\/wp\/v2\/types\/post"}],"author":[{"embeddable":true,"href":"https:\/\/www.europesays.com\/fr\/wp-json\/wp\/v2\/users\/2"}],"replies":[{"embeddable":true,"href":"https:\/\/www.europesays.com\/fr\/wp-json\/wp\/v2\/comments?post=225292"}],"version-history":[{"count":0,"href":"https:\/\/www.europesays.com\/fr\/wp-json\/wp\/v2\/posts\/225292\/revisions"}],"wp:featuredmedia":[{"embeddable":true,"href":"https:\/\/www.europesays.com\/fr\/wp-json\/wp\/v2\/media\/225293"}],"wp:attachment":[{"href":"https:\/\/www.europesays.com\/fr\/wp-json\/wp\/v2\/media?parent=225292"}],"wp:term":[{"taxonomy":"category","embeddable":true,"href":"https:\/\/www.europesays.com\/fr\/wp-json\/wp\/v2\/categories?post=225292"},{"taxonomy":"post_tag","embeddable":true,"href":"https:\/\/www.europesays.com\/fr\/wp-json\/wp\/v2\/tags?post=225292"}],"curies":[{"name":"wp","href":"https:\/\/api.w.org\/{rel}","templated":true}]}}