{"id":225304,"date":"2025-07-04T09:28:09","date_gmt":"2025-07-04T09:28:09","guid":{"rendered":"https:\/\/www.europesays.com\/fr\/225304\/"},"modified":"2025-07-04T09:28:09","modified_gmt":"2025-07-04T09:28:09","slug":"272-personnes-impactent-le-bien-etre-de-500-000-personnes-denonce-philippe-tabarot","status":"publish","type":"post","link":"https:\/\/www.europesays.com\/fr\/225304\/","title":{"rendered":"\u00ab272 personnes impactent le bien-\u00eatre de 500.000 personnes\u00bb, d\u00e9nonce Philippe Tabarot"},"content":{"rendered":"<p>Qualifiant cette gr\u00e8ve \u00abd\u2019inacceptable\u00bb, le ministre des Transports a tap\u00e9 du poing sur la table, ce vendredi matin. \u00abMa porte sera toujours ouverte au dialogue\u00bb, a-t-il ajout\u00e9.<\/p>\n<p class=\"fig-paragraph\">\u00abC\u2019est une minorit\u00e9 qui impacte le reste de la population\u00bb. Ce vendredi matin, sur Cnews,<a href=\"http:\/\/www.lefigaro.fr\/conjoncture\/tarifs-des-peages-duree-des-concessions-philippe-tabarot-precise-son-plan-sur-l-avenir-des-autoroutes-20250603\" data-fig-type=\"Article\" data-gtm-custom-categorie=\"navigation\" data-gtm-custom-action=\"crossclick\" data-gtm-custom-label=\"Contextuel\" data-gtm-event=\"customEventSPE\" data-fig-domain=\"LEFIGARO\" target=\"_blank\" rel=\"noopener\">\u00a0Philippe Tabarot<\/a>\u00a0a r\u00e9affirm\u00e9 sa posture de fermet\u00e9 face \u00e0 la\u00a0<a href=\"http:\/\/www.lefigaro.fr\/societes\/greves-des-controleurs-aeriens-une-facture-colossale-pour-les-compagnies-20250703\" data-fig-type=\"Article\" data-gtm-custom-categorie=\"navigation\" data-gtm-custom-action=\"crossclick\" data-gtm-custom-label=\"Contextuel\" data-gtm-event=\"customEventSPE\" data-fig-domain=\"LEFIGARO\" target=\"_blank\" rel=\"noopener\">gr\u00e8ve des contr\u00f4leurs a\u00e9riens<\/a>\u00a0qui paralyse l\u2019aviation fran\u00e7aise depuis jeudi. Le ministre d\u00e9l\u00e9gu\u00e9 aux Transports s\u2019est interdit toute remise en question sur sa r\u00e9forme du temps de travail des contr\u00f4leurs a\u00e9riens, que contestent les personnels mobilis\u00e9s.<\/p>\n<p class=\"fig-paragraph\">\u00abIl faut se rendre compte qu\u2019hier et aujourd\u2019hui, 272 personnes dans notre pays vont impacter le bien-\u00eatre de plus de 500.000 personnes. C\u2019est inacceptable\u00bb, a critiqu\u00e9 le ministre. S\u2019il reconna\u00eet les dimensions anxiog\u00e8nes du m\u00e9tier, le membre du gouvernement rappelle que d\u2019autres professions sont tout aussi difficiles, voire plus encore. \u00abIl y a d\u2019autres m\u00e9tiers stressants en France qui ne touchent pas le m\u00eame salaire\u00bb, et avec des heures de travail plus \u00e9tendues, a-t-il brocard\u00e9. \u00abUne augmentation de 7% a d\u00e9j\u00e0 \u00e9t\u00e9 accord\u00e9e l\u2019ann\u00e9e derni\u00e8re\u00bb, a ensuite rappel\u00e9 Philippe Tabarot.<\/p>\n<p>                                    <a class=\"fig-a11y-skip a11y-hidden\" href=\"#fig-a11y-skip-main-inarticle\"><br \/>\n        Passer la publicit\u00e9<br \/>\n    <\/a><\/p>\n<p class=\"fig-paragraph\">Bien que la loi oblige dor\u00e9navant les gr\u00e9vistes \u00e0 d\u00e9clarer un mouvement social de ce genre au moins 48h \u00e0 l\u2019avance, \u00abceci n\u2019est pas suffisant\u00bb, d\u2019apr\u00e8s le ministre, pour r\u00e9fl\u00e9chir \u00e0 un syst\u00e8me alternatif et laisser le temps aux Fran\u00e7ais de s\u2019organiser. \u00abOn assiste \u00e0 des sc\u00e8nes attristantes de personnes qui ne r\u00e9ussissent pas \u00e0 partir en vacances. [&#8230;] On ne peut pas faire un chantage qui impacte un tel nombre de personnes\u00bb, a-t-il d\u00e9plor\u00e9. Et de regretter, au passage, l\u2019image renvoy\u00e9e par le syst\u00e8me a\u00e9rien fran\u00e7ais, \u00e0 l\u2019\u00e9chelle europ\u00e9enne mais aussi mondiale. Un point de vue similaire avait \u00e9t\u00e9 partag\u00e9 la veille par le premier ministre\u00a0: jeudi, Fran\u00e7ois Bayrou a critiqu\u00e9 une mobilisation sociale \u00abchoquante\u00bb, accusant les gr\u00e9vistes de \u00abprendre en otage les Fran\u00e7ais\u00bb le jour o\u00f9 \u00abtout le monde part en vacances\u00bb.<\/p>\n<p class=\"fig-body-link\">\n            \u00c0 lire aussi<br \/>\n        <a class=\"fig-body-link__link fig-premium-mark\" href=\"http:\/\/www.lefigaro.fr\/societes\/greves-des-controleurs-aeriens-une-facture-colossale-pour-les-compagnies-20250703\" data-fig-type=\"Article\" data-gtm-custom-categorie=\"navigation\" data-gtm-custom-action=\"crossclick\" data-gtm-custom-label=\"Contextuel\" data-gtm-event=\"customEventSPE\" data-fig-domain=\"LEFIGARO\" target=\"_blank\" rel=\"noopener\">Gr\u00e8ves des contr\u00f4leurs a\u00e9riens\u00a0: une facture colossale pour les compagnies<br \/>\n    <\/a>\n<\/p>\n<p class=\"fig-paragraph\">Sur Cnews, Philippe Tabarot a par ailleurs d\u00e9fendu l\u2019ouverture \u00e0 la concurrence sur le\u00a0<a href=\"http:\/\/www.lefigaro.fr\/voyages\/guides\/quelles-sont-les-meilleures-compagnies-ferroviaires-d-europe-trenitalia-en-tete-eurostar-ferme-la-marche-20241209\" data-fig-type=\"NewsFlash\" data-gtm-custom-categorie=\"navigation\" data-gtm-custom-action=\"crossclick\" data-gtm-custom-label=\"Contextuel\" data-gtm-event=\"customEventSPE\" data-fig-domain=\"LEFIGARO\" target=\"_blank\" rel=\"noopener\">march\u00e9 ferroviaire<\/a>. Ceci permettrait selon lui, une augmentation de l\u2019offre suivie d\u2019une baisse des prix pour les Fran\u00e7ais Et, alors que la mobilisation se poursuit contre le projet d\u2019autoroute A69, le ministre assure qu\u2019il ira \u00abjusqu\u2019au bout\u00bb. \u00abLa force doit rester \u00e0 l\u2019\u00c9tat en toutes circonstances\u00bb, a-t-il conclu, en amont de manifestations.<\/p>\n","protected":false},"excerpt":{"rendered":"Qualifiant cette gr\u00e8ve \u00abd\u2019inacceptable\u00bb, le ministre des Transports a tap\u00e9 du poing sur la table, ce vendredi matin.&hellip;\n","protected":false},"author":2,"featured_media":225305,"comment_status":"","ping_status":"","sticky":false,"template":"","format":"standard","meta":{"footnotes":""},"categories":[4],"tags":[11,1011,27,18677,3784,12,25,2445],"class_list":{"0":"post-225304","1":"post","2":"type-post","3":"status-publish","4":"format-standard","5":"has-post-thumbnail","7":"category-france","8":"tag-actualites","9":"tag-fr","10":"tag-france","11":"tag-greves","12":"tag-ministre","13":"tag-news","14":"tag-republique-francaise","15":"tag-transport-aerien"},"share_on_mastodon":{"url":"https:\/\/pubeurope.com\/@fr\/114794260383612566","error":""},"_links":{"self":[{"href":"https:\/\/www.europesays.com\/fr\/wp-json\/wp\/v2\/posts\/225304","targetHints":{"allow":["GET"]}}],"collection":[{"href":"https:\/\/www.europesays.com\/fr\/wp-json\/wp\/v2\/posts"}],"about":[{"href":"https:\/\/www.europesays.com\/fr\/wp-json\/wp\/v2\/types\/post"}],"author":[{"embeddable":true,"href":"https:\/\/www.europesays.com\/fr\/wp-json\/wp\/v2\/users\/2"}],"replies":[{"embeddable":true,"href":"https:\/\/www.europesays.com\/fr\/wp-json\/wp\/v2\/comments?post=225304"}],"version-history":[{"count":0,"href":"https:\/\/www.europesays.com\/fr\/wp-json\/wp\/v2\/posts\/225304\/revisions"}],"wp:featuredmedia":[{"embeddable":true,"href":"https:\/\/www.europesays.com\/fr\/wp-json\/wp\/v2\/media\/225305"}],"wp:attachment":[{"href":"https:\/\/www.europesays.com\/fr\/wp-json\/wp\/v2\/media?parent=225304"}],"wp:term":[{"taxonomy":"category","embeddable":true,"href":"https:\/\/www.europesays.com\/fr\/wp-json\/wp\/v2\/categories?post=225304"},{"taxonomy":"post_tag","embeddable":true,"href":"https:\/\/www.europesays.com\/fr\/wp-json\/wp\/v2\/tags?post=225304"}],"curies":[{"name":"wp","href":"https:\/\/api.w.org\/{rel}","templated":true}]}}