{"id":225323,"date":"2025-07-04T09:39:09","date_gmt":"2025-07-04T09:39:09","guid":{"rendered":"https:\/\/www.europesays.com\/fr\/225323\/"},"modified":"2025-07-04T09:39:09","modified_gmt":"2025-07-04T09:39:09","slug":"rouen-sur-mer-manoir-remarquable-son-et-lumiere-que-faire-a-rouen-ce-premier-weekend-de-juillet","status":"publish","type":"post","link":"https:\/\/www.europesays.com\/fr\/225323\/","title":{"rendered":"Rouen sur mer, manoir remarquable, son et lumi\u00e8re&#8230; Que faire \u00e0 Rouen ce premier weekend de juillet\u00a0?"},"content":{"rendered":"<p>            Par<br \/>\n        <strong><br \/>\n            <a href=\"https:\/\/actu.fr\/auteur\/fmass\" title=\"Consulter tous les articles de Fabien Massin\" rel=\"nofollow noopener\" target=\"_blank\">Fabien Massin<\/a><br \/>\n        <\/strong><\/p>\n<p>        Publi\u00e9 le<\/p>\n<p>            4 juil. 2025 \u00e0 10h58        <\/p>\n<p>La canicule est derri\u00e8re nous, et le temps s\u2019annonce beau et agr\u00e9able en ce premier weekend. Vous \u00eates \u00e0 <a href=\"https:\/\/actu.fr\/normandie\/rouen_76540\" rel=\"nofollow noopener\" target=\"_blank\">Rouen (Seine-Maritime)<\/a> samedi\u00a05 et dimanche 6\u00a0juillet et ne savez que faire\u2009? <strong>Voici une s\u00e9lection d\u2019id\u00e9es<\/strong> pour bien s\u2019occuper dans la capitale normande.<\/p>\n<p>Faire le plein d\u2019activit\u00e9s en bord de Seine<\/p>\n<p class=\" wall-content\">Pas de mer \u00e0 Rouen, une chose bien dommage en plein \u00e9t\u00e9\u2026 Mais fort heureusement, les quais bas rive gauche se transforment, durant un mois,<strong> en station baln\u00e9aire \u00e9ph\u00e9m\u00e8re<\/strong>. Rouen sur Mer est de retour du 4\u00a0juillet au 3\u00a0ao\u00fbt 2025. <a href=\"https:\/\/actu.fr\/normandie\/rouen_76540\/le-retour-de-rouen-sur-mer-un-mois-d-animations-certaines-insolites-sur-une-plage-de-sable_62852391.html\" rel=\"nofollow noopener\" target=\"_blank\">Un mois de dr\u00f4les d\u2019animations en tout genre<\/a> (sports, jeux, ateliers cr\u00e9atifs\u2026) totalement gratuites, et pour tous, des plus petits aux plus \u00e2g\u00e9s\u2009! Il y aura m\u00eame\u2026 des poneys\u2009!<\/p>\n<p>Laisser libre cours \u00e0 sa cr\u00e9ativit\u00e9 audiovisuelle<\/p>\n<p class=\" wall-content\">Vid\u00e9astes amateurs et\/ou amateurs de gastronomie, d\u00e9voilez toute votre cr\u00e9ativit\u00e9\u2009! En vue de la deuxi\u00e8me \u00e9dition de son \u00e9v\u00e9nement gourmand<strong> Rouen \u00e0 table\u2009!<\/strong>, dont le th\u00e8me sera \u00ab\u2009Rouen fait son cin\u00e9ma\u2009\u00bb, l\u2019Office de tourisme de la capitale normande lance un <a href=\"https:\/\/actu.fr\/normandie\/rouen_76540\/nouveau-a-rouen-lancement-d-un-concours-national-de-courts-metrages-consacres-a-la-gastronomie_62837556.html\" rel=\"nofollow noopener\" target=\"_blank\">\u00ab\u2009appel national \u00e0 courts-m\u00e9trages\u2009\u00bb<\/a> ouvert \u00e0 tous. Des courts-m\u00e9trages sur le th\u00e8me de la gastronomie, bien s\u00fbr.<\/p>\n<p>En prendre plein les yeux devant la cath\u00e9drale<\/p>\n<p class=\" wall-content\">Cath\u00e9drale de lumi\u00e8re a fait son retour avec un nouveau volet, Optic Gothic, cr\u00e9ation qui puise son inspiration dans l\u2019Op Art.<a href=\"https:\/\/actu.fr\/normandie\/rouen_76540\/un-spectacle-quasi-inedit-a-l-affiche-de-cathedrale-de-lumiere-a-rouen-ce-que-nous-en-avons-pense_62714486.html\" rel=\"nofollow noopener\" target=\"_blank\"> Voici ce que nous en avons pens\u00e9<\/a>. En juillet c\u2019est \u00e0 voir tous les soirs \u00e0 partir de 23\u00a0heures.<\/p>\n<p>Go\u00fbter \u00e0 une exposition enivrante<\/p>\n<p class=\" wall-content\">Les Archives D\u00e9partementales de Seine-Maritime proposent une exposition tous les deux ans. Cette ann\u00e9e, <a href=\"https:\/\/actu.fr\/normandie\/rouen_76540\/de-la-fabrication-monastique-a-la-lutte-contre-l-alcoolisme-a-rouen-une-exposition-inedite-sur-l-alcool_62811885.html\" rel=\"nofollow noopener\" target=\"_blank\">le sujet est enivrant\u2009<\/a>: \u00ab\u2009l\u2019Histoire de l\u2019alcool pour \u00e9clairer l\u2019\u00e9volution du rapport \u00e0 la boisson dans la soci\u00e9t\u00e9\u2009\u00bb. Elle se tient jusqu\u2019au 10\u00a0octobre 2025 \u00e0 la Tour des Archives<\/p>\n<p>D\u00e9couvrir un manoir remarquable dans une boucle de Seine<\/p>\n<p class=\" wall-content\">Tr\u00e9sor m\u00e9connu de la r\u00e9gion de Rouen, \u00e0 Saint-Martin-de-Boscherville, il y a le <a href=\"https:\/\/actu.fr\/normandie\/saint-martin-de-boscherville_76614\/decouvrez-les-tresors-de-ce-village-entre-seine-et-foret-a-moins-de-30min-de-rouen_61480165.html\" rel=\"nofollow noopener\" target=\"_blank\">Manoir de l\u2019Aum\u00f4nerie<\/a>, situ\u00e9 dans le hameau du G\u00e9netey, <strong>en lis\u00e8re de la for\u00eat de Roumare<\/strong>. Les origines de cet ensemble de b\u00e2timents class\u00e9 monument historique remontent au XIIIe\u00a0si\u00e8cle.<\/p>\n<p>Vid\u00e9os : en ce moment sur Actu<\/p>\n<p class=\" wall-content\">Jusqu\u2019au 15\u00a0ao\u00fbt, le visiteur peut d\u00e9ambuler librement dans les jardins et le verger, admirer le chenil, le puits, entrer dans la chapelle Saint-Gorgon<strong> \u2014 qui renferme des fresques repr\u00e9sentant les douze ap\u00f4tres et les douze sibylles \u2014<\/strong>, ou encore d\u00e9couvrir une mare.\u00a0Ouvert du lundi au samedi de midi \u00e0 18\u00a0heures. Entr\u00e9e 5\u00a0euros.<\/p>\n<p>Suivez l\u2019actualit\u00e9 de Rouen sur notre <a href=\"https:\/\/www.whatsapp.com\/channel\/0029VaKfnf99hXF2ddApFB1D\" rel=\"nofollow noopener\" target=\"_blank\">cha\u00eene WhatsApp<\/a> et sur notre <a href=\"https:\/\/www.tiktok.com\/@76actu.fr?lang=fr\" rel=\"nofollow noopener\" target=\"_blank\">compte TikTok<\/a><\/p>\n<p class=\" wall-content\">Suivez toute l\u2019actualit\u00e9 de vos villes et m\u00e9dias favoris en vous inscrivant \u00e0 <a href=\"https:\/\/moncompte.actu.fr\" title=\"D\u00e9couvez Mon Actu\" rel=\"nofollow noopener\" data-trk=\"{&quot;cta&quot;:{&quot;action&quot;:&quot;https:\\\/\\\/moncompte.actu.fr&quot;,&quot;category&quot;:&quot;mon compte&quot;,&quot;from&quot;:&quot;article footer&quot;,&quot;name&quot;:&quot;Mon actu&quot;,&quot;type&quot;:&quot;cta&quot;}}\" target=\"_blank\">Mon Actu<\/a>.<\/p>\n<ul class=\"ac-article-tag wall-content\">\n<li><a href=\"https:\/\/actu.fr\/tag\/bon-plan-a-rouen\" data-trk=\"{&quot;cta&quot;:{&quot;action&quot;:&quot;Bon plan \\u00e0 Rouen&quot;,&quot;category&quot;:&quot;tag&quot;,&quot;from&quot;:&quot;article footer&quot;,&quot;name&quot;:&quot;Bon plan \\u00e0 Rouen&quot;,&quot;type&quot;:&quot;cta&quot;}}\" rel=\"nofollow noopener\" target=\"_blank\">#Bon plan \u00e0 Rouen<\/a><\/li>\n<li><a href=\"https:\/\/actu.fr\/tag\/patrimoine\" data-trk=\"{&quot;cta&quot;:{&quot;action&quot;:&quot;Patrimoine&quot;,&quot;category&quot;:&quot;tag&quot;,&quot;from&quot;:&quot;article footer&quot;,&quot;name&quot;:&quot;Patrimoine&quot;,&quot;type&quot;:&quot;cta&quot;}}\" rel=\"nofollow noopener\" target=\"_blank\">#Patrimoine<\/a><\/li>\n<\/ul>\n<p>                    <script async src=\"\/\/www.tiktok.com\/embed.js\"><\/script><\/p>\n","protected":false},"excerpt":{"rendered":"Par Fabien Massin Publi\u00e9 le 4 juil. 2025 \u00e0 10h58 La canicule est derri\u00e8re nous, et le temps&hellip;\n","protected":false},"author":2,"featured_media":225324,"comment_status":"","ping_status":"","sticky":false,"template":"","format":"standard","meta":{"footnotes":""},"categories":[9587],"tags":[1111,11,9086,1777,674,1011,27,1652,12,5161,2551,25,9590],"class_list":{"0":"post-225323","1":"post","2":"type-post","3":"status-publish","4":"format-standard","5":"has-post-thumbnail","7":"category-rouen","8":"tag-actu","9":"tag-actualites","10":"tag-bon-plan-a-rouen","11":"tag-eu","12":"tag-europe","13":"tag-fr","14":"tag-france","15":"tag-loisirs-culture","16":"tag-news","17":"tag-normandie","18":"tag-patrimoine","19":"tag-republique-francaise","20":"tag-rouen"},"share_on_mastodon":{"url":"https:\/\/pubeurope.com\/@fr\/114794303588992007","error":""},"_links":{"self":[{"href":"https:\/\/www.europesays.com\/fr\/wp-json\/wp\/v2\/posts\/225323","targetHints":{"allow":["GET"]}}],"collection":[{"href":"https:\/\/www.europesays.com\/fr\/wp-json\/wp\/v2\/posts"}],"about":[{"href":"https:\/\/www.europesays.com\/fr\/wp-json\/wp\/v2\/types\/post"}],"author":[{"embeddable":true,"href":"https:\/\/www.europesays.com\/fr\/wp-json\/wp\/v2\/users\/2"}],"replies":[{"embeddable":true,"href":"https:\/\/www.europesays.com\/fr\/wp-json\/wp\/v2\/comments?post=225323"}],"version-history":[{"count":0,"href":"https:\/\/www.europesays.com\/fr\/wp-json\/wp\/v2\/posts\/225323\/revisions"}],"wp:featuredmedia":[{"embeddable":true,"href":"https:\/\/www.europesays.com\/fr\/wp-json\/wp\/v2\/media\/225324"}],"wp:attachment":[{"href":"https:\/\/www.europesays.com\/fr\/wp-json\/wp\/v2\/media?parent=225323"}],"wp:term":[{"taxonomy":"category","embeddable":true,"href":"https:\/\/www.europesays.com\/fr\/wp-json\/wp\/v2\/categories?post=225323"},{"taxonomy":"post_tag","embeddable":true,"href":"https:\/\/www.europesays.com\/fr\/wp-json\/wp\/v2\/tags?post=225323"}],"curies":[{"name":"wp","href":"https:\/\/api.w.org\/{rel}","templated":true}]}}