{"id":225329,"date":"2025-07-04T09:42:09","date_gmt":"2025-07-04T09:42:09","guid":{"rendered":"https:\/\/www.europesays.com\/fr\/225329\/"},"modified":"2025-07-04T09:42:09","modified_gmt":"2025-07-04T09:42:09","slug":"grenoble-le-debut-du-chantier-polemique-de-la-chronovelo-reporte-voici-pourquoi","status":"publish","type":"post","link":"https:\/\/www.europesays.com\/fr\/225329\/","title":{"rendered":"Grenoble. Le d\u00e9but du chantier pol\u00e9mique de la Chronov\u00e9lo report\u00e9, voici pourquoi"},"content":{"rendered":"<p>            Par<br \/>\n        <strong><br \/>\n            <a href=\"https:\/\/actu.fr\/auteur\/lisa-rodrigues\" title=\"Consulter tous les articles de Lisa Rodrigues\" rel=\"nofollow noopener\" target=\"_blank\">Lisa Rodrigues<\/a><br \/>\n        <\/strong><\/p>\n<p>        Publi\u00e9 le<\/p>\n<p>            4 juil. 2025 \u00e0 10h52        <\/p>\n<p>Cela fait maintenant cinq ans que le dossier des travaux sur le cours Berriat \u00e0 <a href=\"https:\/\/actu.fr\/auvergne-rhone-alpes\/grenoble_38185\" rel=\"nofollow noopener\" target=\"_blank\">Grenoble<\/a> pour la <strong>Chronov\u00e9lo<\/strong> fait grincer des dents. Il est m\u00eame au c\u0153ur d\u2019une bataille entre un collectif d\u2019habitants et de commer\u00e7ants souhaitant une modification du projet, la Ville et la M\u00e9tropole. <br \/>En ces premiers jours de l\u2019\u00e9t\u00e9, alors que la premi\u00e8re tranche des travaux doit d\u00e9marrer \u00e0 la mi-juillet 2025, le collectif annonce une <strong>petite victoire<\/strong> : le cours Berriat sera le dernier axe routier \u00e0 \u00eatre am\u00e9nag\u00e9 pour \u00ab\u00a0l\u2019autoroute \u00e0 v\u00e9lo\u00a0\u00bb. \u00ab\u00a0On sait que le projet se fera jusqu\u2019au bout de toute mani\u00e8re, mais <strong>\u00e7a nous donne un r\u00e9pit<\/strong> pour discuter\u00a0\u00bb, sourit Bruno de Lescure, membre du collectif et pr\u00e9sident de l\u2019Union de quartier Berriat Saint-Bruno.<\/p>\n<p>\u00ab\u00a0On n\u2019est pas contre la Chronov\u00e9lo\u00a0\u00bb<\/p>\n<p class=\" wall-content\">En clair, le groupe a obtenu \u00ab\u00a0une inversion du calendrier du chantier\u00a0\u00bb apr\u00e8s discussion avec <a href=\"https:\/\/actu.fr\/tag\/grenoble-alpes-metropole\" rel=\"nofollow noopener\" target=\"_blank\">Grenoble-Alpes M\u00e9tropole<\/a>. \u00ab\u00a0Le cours Berriat sera dans la <strong>derni\u00e8re tranche des travaux<\/strong>\u00ab\u00a0.<\/p>\n<p>    <a href=\"https:\/\/www.google.com\/maps\/embed?pb=!1m18!1m12!1m3!1d2811.945104694908!2d5.71733004246612!3d45.18820746831138!2m3!1f0!2f0!3f0!3m2!1i1024!2i768!4f13.1!3m3!1m2!1s0x478af4823175d37d%3A0x7c5ff1cce160d97e!2sCr%20Berriat%2C%2038000%20Grenoble!5e0!3m2!1sfr!2sfr!4v1751561587106!5m2!1sfr!2sfr\" title=\"Ouvrie le lien\" rel=\"nofollow noopener\" target=\"_blank\">Cliquez ici pour visualiser le contenu<\/a><\/p>\n<p class=\" wall-content\">\u00ab\u00a0On n\u2019est pas contre la Chronov\u00e9lo. Le probl\u00e8me, c\u2019est que la mairie en a profit\u00e9 pour vouloir mettre tout le cours Berriat <a href=\"https:\/\/actu.fr\/auvergne-rhone-alpes\/grenoble_38185\/grenoble-cette-rue-bientot-interdite-aux-voitures-la-mort-du-petit-commerce_60872871.html\" rel=\"nofollow noopener\" target=\"_blank\">en sens unique<\/a>\u00ab\u00a0, insiste Bruno de Lescure. De quoi faire craindre au groupe une baisse de la fr\u00e9quentation des commerces et une congestion du trafic dans les rues adjacentes. \u00ab\u00a0Les gens vont arr\u00eater de venir et <strong>le quartier va se refermer sur lui-m\u00eame<\/strong>\u00ab\u00a0, soupire Karim, commer\u00e7ant du cours Berriat.<\/p>\n<blockquote class=\"ac-article-quote wall-content\">\n<p>On a un projet alternatif : on r\u00e9duit l\u00e9g\u00e8rement la piste cyclable, on supprime une ligne d&rsquo;arbres qui est, de toute fa\u00e7on \u00e0 l&rsquo;ombre, et de cette mani\u00e8re, on maintient le double sens de circulation.<\/p>\n<p>    <strong>Bruno de Lescure<\/strong><br \/>\n        Pr\u00e9sident de l&rsquo;Union de quartier Berriat &#8211; Saint-Bruno    <\/p><\/blockquote>\n<p class=\" wall-content\">Un projet qui aurait re\u00e7u une fin de non-recevoir de la part de la Ville de Grenoble, selon le collectif. La mise en sens unique \u00e9tant li\u00e9e \u00e0 l\u2019arriv\u00e9e de la Chronov\u00e9lo \u2013 chantier men\u00e9 par la M\u00e9tropole \u2013 ils se tournent donc vers celle-ci, qui finit par acter une modification du calendrier des travaux.<\/p>\n<p>Le calendrier des travaux de la Chronov\u00e9lo<\/p>\n<p>La Chronov\u00e9lo doit relier Fontaine \u00e0 Grenoble. Le chantier est men\u00e9 par Grenoble-Alpes M\u00e9tropole. Les travaux doivent d\u00e9marrer le 15 juillet 2025 et est organis\u00e9 en trois phases sur deux ans.<br \/>La premi\u00e8re phase concerne la rue du Vercors, jusqu&rsquo;au tribunal de Grenoble, et doit se terminer fin 2025. La deuxi\u00e8me phase comprend la rue Pierre S\u00e9mard, o\u00f9 les travaux se tiendront sur le premier semestre 2026.<br \/>Le cours Berriat devrait ainsi voir arriver le chantier au 4e trimestre 2026, avant une fin programm\u00e9e des travaux au 2e trimestre 2027.<\/p>\n<p>\u00ab\u00a0On ne veut pas faire de la politique\u00a0\u00bb<\/p>\n<p class=\" wall-content\">Pour le moment, la fameuse derni\u00e8re tranche de travaux sur Berriat est pr\u00e9vue pour d\u00e9marrer en <strong>septembre 2026<\/strong>. Soit apr\u00e8s les municipales et un potentiel changement de majorit\u00e9 \u00e0 la mairie de Grenoble\u2026<\/p>\n<p class=\" wall-content\">\u00ab\u00a0On ne veut pas faire de la politique, on ne veut pas \u00eatre politis\u00e9\u00a0\u00bb, insistent Karim et Lionel, deux commer\u00e7ants du cours Berriat quand on les questionne sur l\u2019aspect politique de la d\u00e9cision de la M\u00e9tropole. \u00ab\u00a0Mais on sait que \u00e7a va \u00eatre un d\u00e9bat pendant la campagne. On va interpeler les diff\u00e9rents candidats sur le sujet.\u00a0\u00bb<\/p>\n<p class=\" wall-content\"><strong>Rester apolitique<\/strong>, les commer\u00e7ants et habitants du collectif Berriat y tiennent. D\u2019autant qu\u2019ils ont, comme <a href=\"https:\/\/actu.fr\/auvergne-rhone-alpes\/grenoble_38185\/grenoble-desertee-le-torchon-brule-entre-la-mairie-d-eric-piolle-et-des-commercants_62331599.html\" rel=\"nofollow noopener\" target=\"_blank\">d\u2019autres collectifs de Grenoble<\/a>, eu l\u2019\u00e9tiquette \u00ab\u00a0d\u2019opposants politiques\u00a0\u00bb coll\u00e9s au visage durant plusieurs semaines.<\/p>\n<p>\u00ab\u00a0On a quitt\u00e9 l\u2019intercollectif\u00a0\u00bb<\/p>\n<p class=\" wall-content\">Une cat\u00e9gorisation renforc\u00e9e au d\u00e9but 2025, quand ils <strong>rejoignent un intercollectif d\u2019habitants et de commer\u00e7ants<\/strong>, eux aussi d\u00e9\u00e7us par le \u00ab\u00a0manque de concertation\u00a0\u00bb de la Ville \u00e0 propos des travaux \u00e0 Grenoble.<\/p>\n<p class=\" wall-content\">L\u2019objectif commun \u00e9tait de miser sur une n\u00e9gociation avec la M\u00e9tropole, vue comme plus ouverte apr\u00e8s \u00ab\u00a0l\u2019exp\u00e9rience positive\u00a0\u00bb sur <a href=\"https:\/\/actu.fr\/auvergne-rhone-alpes\/grenoble_38185\/grenoble-les-travaux-polemiques-de-cette-grande-avenue-debutent-ce-qu-il-faut-savoir_62331678.html\" rel=\"nofollow noopener\" target=\"_blank\">l\u2019avenue Jeanne-d\u2019Arc<\/a> qui a \u00ab\u00a0obtenu des avanc\u00e9es sur le stationnement sans changer le projet\u00a0\u00bb. Le tout, sans politiser le mouvement.<\/p>\n<p class=\" wall-content\">Probl\u00e8me, \u00ab\u00a0certains dans l\u2019intercollectif ont <strong>rompu le pacte<\/strong>\u00ab\u00a0, souffle Bruno de Lescure, en r\u00e9f\u00e9rence \u00e0 l\u2019engagement de membres d\u2019autres collectifs sur <a href=\"https:\/\/actu.fr\/auvergne-rhone-alpes\/grenoble_38185\/municipales-a-grenoble-ils-veulent-que-l-ex-maire-alain-carignon-succede-a-eric-piolle_62645266.html\" rel=\"nofollow noopener\" target=\"_blank\">une liste pour les municipales<\/a> favorable \u00e0 Alain Carignon, candidat LR \u00e0 la mairie. Coupl\u00e9 \u00e0 la <strong>manifestation pol\u00e9mique<\/strong> lors du conseil municipal du mois de mai, \u00ab\u00a0on a quitt\u00e9 l\u2019intercollectif le 13 juin\u00a0\u00bb.<\/p>\n<p>D\u2019autres pourraient les suivre<\/p>\n<p class=\" wall-content\">Une d\u00e9cision qui a permis aux commer\u00e7ants et habitants de Berriat de \u00ab\u00a0se retrouver seuls \u00e0 discuter avec la M\u00e9tropole\u00a0\u00bb pour tenter de <strong>trouver un compromis<\/strong> sur le chantier de la Chronov\u00e9lo. \u00ab\u00a0On tient d\u2019ailleurs \u00e0 saluer l\u2019intelligence de la d\u00e9cision de la M\u00e9tropole\u00a0\u00bb, soulignent les membres du collectif.<\/p>\n<p class=\" wall-content\">Pour le moment, ils sont les seuls \u00e0 avoir quitt\u00e9s le regroupement de collectifs grenoblois. \u00ab\u00a0Mais on est parti en <strong>ouvrant la porte<\/strong> \u00e0 ceux qui sont partants pour nous suivre sur les deux principes initiaux : pas de politisation et objectif n\u00e9gociation avec la M\u00e9tropole\u00a0\u00bb, l\u00e2che Bruno de Lescure.<\/p>\n<p class=\" wall-content\">Suivez toute l\u2019actualit\u00e9 de vos villes et m\u00e9dias favoris en vous inscrivant \u00e0 <a href=\"https:\/\/moncompte.actu.fr\" title=\"D\u00e9couvez Mon Actu\" rel=\"nofollow noopener\" data-trk=\"{&quot;cta&quot;:{&quot;action&quot;:&quot;https:\\\/\\\/moncompte.actu.fr&quot;,&quot;category&quot;:&quot;mon compte&quot;,&quot;from&quot;:&quot;article footer&quot;,&quot;name&quot;:&quot;Mon actu&quot;,&quot;type&quot;:&quot;cta&quot;}}\" target=\"_blank\">Mon Actu<\/a>.<\/p>\n","protected":false},"excerpt":{"rendered":"Par Lisa Rodrigues Publi\u00e9 le 4 juil. 2025 \u00e0 10h52 Cela fait maintenant cinq ans que le dossier&hellip;\n","protected":false},"author":2,"featured_media":225330,"comment_status":"","ping_status":"","sticky":false,"template":"","format":"standard","meta":{"footnotes":""},"categories":[9566],"tags":[1111,11,2430,1777,674,1011,27,2731,12,25,104,2086,208],"class_list":{"0":"post-225329","1":"post","2":"type-post","3":"status-publish","4":"format-standard","5":"has-post-thumbnail","7":"category-grenoble","8":"tag-actu","9":"tag-actualites","10":"tag-auvergne-rhone-alpes","11":"tag-eu","12":"tag-europe","13":"tag-fr","14":"tag-france","15":"tag-grenoble","16":"tag-news","17":"tag-republique-francaise","18":"tag-societe","19":"tag-travaux","20":"tag-velo"},"share_on_mastodon":{"url":"https:\/\/pubeurope.com\/@fr\/114794315356258921","error":""},"_links":{"self":[{"href":"https:\/\/www.europesays.com\/fr\/wp-json\/wp\/v2\/posts\/225329","targetHints":{"allow":["GET"]}}],"collection":[{"href":"https:\/\/www.europesays.com\/fr\/wp-json\/wp\/v2\/posts"}],"about":[{"href":"https:\/\/www.europesays.com\/fr\/wp-json\/wp\/v2\/types\/post"}],"author":[{"embeddable":true,"href":"https:\/\/www.europesays.com\/fr\/wp-json\/wp\/v2\/users\/2"}],"replies":[{"embeddable":true,"href":"https:\/\/www.europesays.com\/fr\/wp-json\/wp\/v2\/comments?post=225329"}],"version-history":[{"count":0,"href":"https:\/\/www.europesays.com\/fr\/wp-json\/wp\/v2\/posts\/225329\/revisions"}],"wp:featuredmedia":[{"embeddable":true,"href":"https:\/\/www.europesays.com\/fr\/wp-json\/wp\/v2\/media\/225330"}],"wp:attachment":[{"href":"https:\/\/www.europesays.com\/fr\/wp-json\/wp\/v2\/media?parent=225329"}],"wp:term":[{"taxonomy":"category","embeddable":true,"href":"https:\/\/www.europesays.com\/fr\/wp-json\/wp\/v2\/categories?post=225329"},{"taxonomy":"post_tag","embeddable":true,"href":"https:\/\/www.europesays.com\/fr\/wp-json\/wp\/v2\/tags?post=225329"}],"curies":[{"name":"wp","href":"https:\/\/api.w.org\/{rel}","templated":true}]}}