{"id":225341,"date":"2025-07-04T09:48:11","date_gmt":"2025-07-04T09:48:11","guid":{"rendered":"https:\/\/www.europesays.com\/fr\/225341\/"},"modified":"2025-07-04T09:48:11","modified_gmt":"2025-07-04T09:48:11","slug":"a-nice-christian-estrosi-part-a-labordage-du-voyager-of-the-seas-liberation","status":"publish","type":"post","link":"https:\/\/www.europesays.com\/fr\/225341\/","title":{"rendered":"A Nice, Christian Estrosi part \u00e0 l\u2019abordage du \u00abVoyager of the Seas\u00bb \u2013 Lib\u00e9ration"},"content":{"rendered":"<p class=\"sc-ksZaOG ehjQrN text-element\">A croire que Christian Estrosi n\u2019a pas peur des comparaisons maritimes. Jeudi apr\u00e8s-midi, <a href=\"https:\/\/www.liberation.fr\/politique\/a-nice-christian-estrosi-inaugure-le-moindre-caillou-20241122_2KMB43H7M5B4LF5JNCTFNKGLAQ\/\" target=\"_blank\" rel=\"noreferrer nofollow noopener\" title=\"https:\/\/www.liberation.fr\/politique\/a-nice-christian-estrosi-inaugure-le-moindre-caillou-20241122_2KMB43H7M5B4LF5JNCTFNKGLAQ\/\">le maire de Nice<\/a> (Alpes-Maritime) a choisi un petit semi-rigide pour se rendre \u00ab\u00e0 bord\u00bb d\u2019un g\u00e9ant de la croisi\u00e8re ce jeudi 3 juillet. \u00abEn tant qu\u2019autorit\u00e9 portuaire\u00bb de la m\u00e9tropole Nice-C\u00f4te d\u2019Azur, il part accoster le Voyager of the Seas, imposant paquebot du Royal Caribbean Group. Le bateau est arriv\u00e9 le matin m\u00eame \u00e0 Villefranche-sur-Mer avec ses 3 114 passagers. Or seules les croisi\u00e8res de moins de 2500 passagers sont d\u00e9sormais autoris\u00e9es au d\u00e9barquement dans la rade. Arm\u00e9 de sa casquette et de sa lettre, Estrosi veut voir le capitaine. Il vient en personne lui notifier la \u00abviolation de la mesure entr\u00e9e en vigueur le 1er juillet\u00bb. Sauf qu\u2019il ne verra qu\u2019une s\u00e9rie de hublots au ras de l\u2019eau. Il est en effet interdit de poser pied \u00e0 bord. Refoul\u00e9, le n\u00e9oflibustier n\u2019a pas d\u2019autre choix que de fendre les flots dans l\u2019autre sens. Il revient sur la terre ferme avec sa lettre.<\/p>\n<p class=\"sc-ksZaOG ehjQrN text-element\">Au d\u00e9but de l\u2019ann\u00e9e, Estrosi avait pris la r\u00e9solution d\u2019un tourisme plus vertueux et plus luxueux. Alors depuis mardi 1er juillet, il limite l\u2019accueil des gros bateaux dans sa ville et s<\/p>\n","protected":false},"excerpt":{"rendered":"A croire que Christian Estrosi n\u2019a pas peur des comparaisons maritimes. Jeudi apr\u00e8s-midi, le maire de Nice (Alpes-Maritime)&hellip;\n","protected":false},"author":2,"featured_media":225342,"comment_status":"","ping_status":"","sticky":false,"template":"","format":"standard","meta":{"footnotes":""},"categories":[2819],"tags":[1111,11,2397,1777,674,1011,27,12,2401,12687,882,25],"class_list":{"0":"post-225341","1":"post","2":"type-post","3":"status-publish","4":"format-standard","5":"has-post-thumbnail","7":"category-nice","8":"tag-actu","9":"tag-actualites","10":"tag-christian-estrosi","11":"tag-eu","12":"tag-europe","13":"tag-fr","14":"tag-france","15":"tag-news","16":"tag-nice","17":"tag-oceans","18":"tag-provence-alpes-cote-dazur","19":"tag-republique-francaise"},"share_on_mastodon":{"url":"https:\/\/pubeurope.com\/@fr\/114794339370620935","error":""},"_links":{"self":[{"href":"https:\/\/www.europesays.com\/fr\/wp-json\/wp\/v2\/posts\/225341","targetHints":{"allow":["GET"]}}],"collection":[{"href":"https:\/\/www.europesays.com\/fr\/wp-json\/wp\/v2\/posts"}],"about":[{"href":"https:\/\/www.europesays.com\/fr\/wp-json\/wp\/v2\/types\/post"}],"author":[{"embeddable":true,"href":"https:\/\/www.europesays.com\/fr\/wp-json\/wp\/v2\/users\/2"}],"replies":[{"embeddable":true,"href":"https:\/\/www.europesays.com\/fr\/wp-json\/wp\/v2\/comments?post=225341"}],"version-history":[{"count":0,"href":"https:\/\/www.europesays.com\/fr\/wp-json\/wp\/v2\/posts\/225341\/revisions"}],"wp:featuredmedia":[{"embeddable":true,"href":"https:\/\/www.europesays.com\/fr\/wp-json\/wp\/v2\/media\/225342"}],"wp:attachment":[{"href":"https:\/\/www.europesays.com\/fr\/wp-json\/wp\/v2\/media?parent=225341"}],"wp:term":[{"taxonomy":"category","embeddable":true,"href":"https:\/\/www.europesays.com\/fr\/wp-json\/wp\/v2\/categories?post=225341"},{"taxonomy":"post_tag","embeddable":true,"href":"https:\/\/www.europesays.com\/fr\/wp-json\/wp\/v2\/tags?post=225341"}],"curies":[{"name":"wp","href":"https:\/\/api.w.org\/{rel}","templated":true}]}}