{"id":225351,"date":"2025-07-04T09:54:14","date_gmt":"2025-07-04T09:54:14","guid":{"rendered":"https:\/\/www.europesays.com\/fr\/225351\/"},"modified":"2025-07-04T09:54:14","modified_gmt":"2025-07-04T09:54:14","slug":"une-voiture-emprunte-lautoroute-a-contresens-un-mort-et-deux-blesses","status":"publish","type":"post","link":"https:\/\/www.europesays.com\/fr\/225351\/","title":{"rendered":"Une voiture emprunte l\u2019autoroute \u00e0 contresens, un mort et deux bless\u00e9s"},"content":{"rendered":"<p>Dans la nuit de jeudi \u00e0 vendredi, vers 2h30 du matin, un accident d\u2019une \u00ab\u00a0extr\u00eame violence\u00a0\u00bb s\u2019est produit sur l\u2019autoroute A64, \u00e0 hauteur de l\u2019\u00e9changeur 22, sur la commune de <a href=\"https:\/\/www.20minutes.fr\/faits_divers\/4156549-20250602-haute-garonne-homme-retrouve-gisant-baignoire-sang-suspect-mis-examen-meurtre\" target=\"_blank\" class=\"color-ultramarine c-link\" rel=\"nofollow noopener\">Martres-Tolosane<\/a> en <a href=\"https:\/\/www.20minutes.fr\/dossier\/haute-garonne\" class=\"color-ultramarine c-link\" rel=\"nofollow noopener\" target=\"_blank\">Haute-Garonne<\/a>, au sud de <a href=\"https:\/\/www.20minutes.fr\/toulouse\/\" class=\"color-ultramarine c-link\" rel=\"nofollow noopener\" target=\"_blank\">Toulouse<\/a>. Selon le rapport du Sdis 31, le drame aurait \u00e9t\u00e9 provoqu\u00e9 par un <a href=\"https:\/\/www.20minutes.fr\/faits_divers\/4143485-20250314-indre-pourquoi-tel-deploiement-forces-interpeller-chauffard-a20\" target=\"_blank\" class=\"color-ultramarine c-link\" rel=\"nofollow noopener\">v\u00e9hicule circulant \u00e0 contresens<\/a>.<\/p>\n<p>Les pompiers, d\u00e9ploy\u00e9s en urgence depuis les casernes de Caz\u00e8res, Saint-Martory, Aurignac et Carbonne, ont d\u00e9couvert une sc\u00e8ne dramatique. Un premier v\u00e9hicule, retrouv\u00e9 sur le toit, abritait un homme de 29 ans, bloqu\u00e9, qui a d\u00fb \u00eatre d\u00e9sincarc\u00e9r\u00e9 avant d\u2019\u00eatre transport\u00e9 en urgence absolue, m\u00e9dicalis\u00e9, vers un centre hospitalier. \u00c0 proximit\u00e9, une femme, \u00e9ject\u00e9e lors du choc, \u00e9tait en arr\u00eat cardiaque. Malgr\u00e9 les efforts des secours et l\u2019intervention du Smur, elle n\u2019a pu \u00eatre r\u00e9anim\u00e9e et a \u00e9t\u00e9 d\u00e9clar\u00e9e d\u00e9c\u00e9d\u00e9e sur place. Son \u00e2ge et son identit\u00e9 n\u2019ont pas encore \u00e9t\u00e9 communiqu\u00e9s par les autorit\u00e9s.<\/p>\n<p>L\u2019autoroute totalement coup\u00e9e<\/p>\n<p>Dans le second v\u00e9hicule, un homme de 30 ans, d\u00e9sorient\u00e9, a \u00e9t\u00e9 pris en charge et \u00e9vacu\u00e9 en urgence relative vers un h\u00f4pital. Par ailleurs, un jeune homme de 19 ans, t\u00e9moin de l\u2019accident, a prodigu\u00e9 les premiers secours avant l\u2019arriv\u00e9e des \u00e9quipes. Pris en charge ensuite par le Samu, son \u00e9tat n\u2019a pas n\u00e9cessit\u00e9 d\u2019hospitalisation.<\/p>\n<\/p>\n<p>L\u2019intervention des quinze pompiers, appuy\u00e9s par les gendarmes et la DIRSO (Direction des routes du Sud-Ouest), a n\u00e9cessit\u00e9 la coupure de l\u2019A64 dans les deux sens pour s\u00e9curiser les lieux et permettre l\u2019\u00e9vacuation des victimes. La circulation a pu reprendre apr\u00e8s l\u2019op\u00e9ration. Une enqu\u00eate est en cours pour d\u00e9terminer les circonstances exactes de ce tragique accident.<\/p>\n","protected":false},"excerpt":{"rendered":"Dans la nuit de jeudi \u00e0 vendredi, vers 2h30 du matin, un accident d\u2019une \u00ab\u00a0extr\u00eame violence\u00a0\u00bb s\u2019est produit&hellip;\n","protected":false},"author":2,"featured_media":225352,"comment_status":"","ping_status":"","sticky":false,"template":"","format":"standard","meta":{"footnotes":""},"categories":[2816],"tags":[4376,1111,47,11,6955,1777,674,118,6738,1011,27,2722,2721,12,2680,1311,25,14322,5009,2312,6444],"class_list":{"0":"post-225351","1":"post","2":"type-post","3":"status-publish","4":"format-standard","5":"has-post-thumbnail","7":"category-toulouse","8":"tag-accident-de-la-route","9":"tag-actu","10":"tag-actualite","11":"tag-actualites","12":"tag-autoroute","13":"tag-eu","14":"tag-europe","15":"tag-faits-divers","16":"tag-faits-divers-toulouse","17":"tag-fr","18":"tag-france","19":"tag-haute-garonne","20":"tag-midi-pyrenees","21":"tag-news","22":"tag-occitanie","23":"tag-pompiers","24":"tag-republique-francaise","25":"tag-samu","26":"tag-securite-routiere","27":"tag-toulouse","28":"tag-urgences"},"share_on_mastodon":{"url":"https:\/\/pubeurope.com\/@fr\/114794362651414694","error":""},"_links":{"self":[{"href":"https:\/\/www.europesays.com\/fr\/wp-json\/wp\/v2\/posts\/225351","targetHints":{"allow":["GET"]}}],"collection":[{"href":"https:\/\/www.europesays.com\/fr\/wp-json\/wp\/v2\/posts"}],"about":[{"href":"https:\/\/www.europesays.com\/fr\/wp-json\/wp\/v2\/types\/post"}],"author":[{"embeddable":true,"href":"https:\/\/www.europesays.com\/fr\/wp-json\/wp\/v2\/users\/2"}],"replies":[{"embeddable":true,"href":"https:\/\/www.europesays.com\/fr\/wp-json\/wp\/v2\/comments?post=225351"}],"version-history":[{"count":0,"href":"https:\/\/www.europesays.com\/fr\/wp-json\/wp\/v2\/posts\/225351\/revisions"}],"wp:featuredmedia":[{"embeddable":true,"href":"https:\/\/www.europesays.com\/fr\/wp-json\/wp\/v2\/media\/225352"}],"wp:attachment":[{"href":"https:\/\/www.europesays.com\/fr\/wp-json\/wp\/v2\/media?parent=225351"}],"wp:term":[{"taxonomy":"category","embeddable":true,"href":"https:\/\/www.europesays.com\/fr\/wp-json\/wp\/v2\/categories?post=225351"},{"taxonomy":"post_tag","embeddable":true,"href":"https:\/\/www.europesays.com\/fr\/wp-json\/wp\/v2\/tags?post=225351"}],"curies":[{"name":"wp","href":"https:\/\/api.w.org\/{rel}","templated":true}]}}