{"id":225353,"date":"2025-07-04T09:55:15","date_gmt":"2025-07-04T09:55:15","guid":{"rendered":"https:\/\/www.europesays.com\/fr\/225353\/"},"modified":"2025-07-04T09:55:15","modified_gmt":"2025-07-04T09:55:15","slug":"un-espace-accrobranche-gratuit-installe-devant-kiabi-village","status":"publish","type":"post","link":"https:\/\/www.europesays.com\/fr\/225353\/","title":{"rendered":"un espace accrobranche gratuit install\u00e9 devant Kiabi Village\u00a0!"},"content":{"rendered":"<p>            Par<br \/>\n        <strong><br \/>\n            <a href=\"https:\/\/actu.fr\/auteur\/nicolas-demollien\" title=\"Consulter tous les articles de Nicolas Demollien\" rel=\"nofollow noopener\" target=\"_blank\">Nicolas Demollien<\/a><br \/>\n        <\/strong><\/p>\n<p>        Publi\u00e9 le<\/p>\n<p>            4 juil. 2025 \u00e0 10h46        <\/p>\n<p>\u00ab\u00a0Une animation in\u00e9dite et gratuite\u00a0\u00bb. Voil\u00e0 ce qu\u2019annonce le <b>Kiabi Village<\/b> de <a href=\"https:\/\/actu.fr\/hauts-de-france\/lezennes_59346\" rel=\"nofollow noopener\" target=\"_blank\">Lezennes<\/a>, \u00e0 deux pas du H\u00e9ron Parc de <a href=\"https:\/\/actu.fr\/hauts-de-france\/villeneuve-d-ascq_59009\" rel=\"nofollow noopener\" target=\"_blank\">Villeneuve-d\u2019Ascq<\/a> (Nord), jusqu\u2019au 19 juillet 2025. Les <b>enfants<\/b> vont pouvoir profiter d\u2019un <b>parcours d\u2019accrobranche<\/b>, encadr\u00e9 par deux professionnels.<\/p>\n<p>Un parcours d\u2019accrobranche gratuit au Kiabi Village de Lezennes<\/p>\n<p class=\" wall-content\">Cette installation se trouve sur le parking du site, en acc\u00e8s libre depuis le 30 juin et jusqu\u2019au samedi 19 juillet 2025 inclus.<\/p>\n<p data-end=\"516\" class=\" wall-content\">Elle est destin\u00e9e aux enfants de 5 \u00e0 12 ans (taille minimum 1,10 m) et l\u2019activit\u00e9 est encadr\u00e9e par deux animateurs professionnels, du lundi au samedi, de 11h \u00e0 18h.<\/p>\n<p data-end=\"715\" class=\" wall-content\">\u00ab\u00a0Avec cette animation gratuite, nous continuons de faire vivre notre ambition pour Kiabi Village : offrir bien plus qu\u2019une exp\u00e9rience shopping, en devenant un lieu de vie, de loisirs et de convivialit\u00e9 pour tous\u00a0\u00bb, souffle-t-on du c\u00f4t\u00e9 de la marque.<\/p>\n<p>    <a href=\"https:\/\/www.facebook.com\/plugins\/video.php?height=476&amp;href=https%3A%2F%2Fwww.facebook.com%2Freel%2F1923985208457783%2F&amp;show_text=false&amp;width=350&amp;t=0\" title=\"Ouvrie le lien\" rel=\"nofollow noopener\" target=\"_blank\">Cliquez ici pour visualiser le contenu<\/a><\/p>\n<p>Vid\u00e9os : en ce moment sur Actu<\/p>\n<p data-end=\"715\" class=\" wall-content\">Kiabi Village se trouve au 4A rue du Moulin de Lezennes \u00e0 Lezennes.<\/p>\n<p class=\" wall-content\">Suivez toute l\u2019actualit\u00e9 de vos villes et m\u00e9dias favoris en vous inscrivant \u00e0 <a href=\"https:\/\/moncompte.actu.fr\" title=\"D\u00e9couvez Mon Actu\" rel=\"nofollow noopener\" data-trk=\"{&quot;cta&quot;:{&quot;action&quot;:&quot;https:\\\/\\\/moncompte.actu.fr&quot;,&quot;category&quot;:&quot;mon compte&quot;,&quot;from&quot;:&quot;article footer&quot;,&quot;name&quot;:&quot;Mon actu&quot;,&quot;type&quot;:&quot;cta&quot;}}\" target=\"_blank\">Mon Actu<\/a>.<\/p>\n","protected":false},"excerpt":{"rendered":"Par Nicolas Demollien Publi\u00e9 le 4 juil. 2025 \u00e0 10h46 \u00ab\u00a0Une animation in\u00e9dite et gratuite\u00a0\u00bb. Voil\u00e0 ce qu\u2019annonce&hellip;\n","protected":false},"author":2,"featured_media":225354,"comment_status":"","ping_status":"","sticky":false,"template":"","format":"standard","meta":{"footnotes":""},"categories":[2815],"tags":[1111,11,1719,1777,674,1011,27,811,1307,1652,12,25],"class_list":{"0":"post-225353","1":"post","2":"type-post","3":"status-publish","4":"format-standard","5":"has-post-thumbnail","7":"category-lille","8":"tag-actu","9":"tag-actualites","10":"tag-enfants","11":"tag-eu","12":"tag-europe","13":"tag-fr","14":"tag-france","15":"tag-hauts-de-france","16":"tag-lille","17":"tag-loisirs-culture","18":"tag-news","19":"tag-republique-francaise"},"share_on_mastodon":{"url":"https:\/\/pubeurope.com\/@fr\/114794366496248848","error":""},"_links":{"self":[{"href":"https:\/\/www.europesays.com\/fr\/wp-json\/wp\/v2\/posts\/225353","targetHints":{"allow":["GET"]}}],"collection":[{"href":"https:\/\/www.europesays.com\/fr\/wp-json\/wp\/v2\/posts"}],"about":[{"href":"https:\/\/www.europesays.com\/fr\/wp-json\/wp\/v2\/types\/post"}],"author":[{"embeddable":true,"href":"https:\/\/www.europesays.com\/fr\/wp-json\/wp\/v2\/users\/2"}],"replies":[{"embeddable":true,"href":"https:\/\/www.europesays.com\/fr\/wp-json\/wp\/v2\/comments?post=225353"}],"version-history":[{"count":0,"href":"https:\/\/www.europesays.com\/fr\/wp-json\/wp\/v2\/posts\/225353\/revisions"}],"wp:featuredmedia":[{"embeddable":true,"href":"https:\/\/www.europesays.com\/fr\/wp-json\/wp\/v2\/media\/225354"}],"wp:attachment":[{"href":"https:\/\/www.europesays.com\/fr\/wp-json\/wp\/v2\/media?parent=225353"}],"wp:term":[{"taxonomy":"category","embeddable":true,"href":"https:\/\/www.europesays.com\/fr\/wp-json\/wp\/v2\/categories?post=225353"},{"taxonomy":"post_tag","embeddable":true,"href":"https:\/\/www.europesays.com\/fr\/wp-json\/wp\/v2\/tags?post=225353"}],"curies":[{"name":"wp","href":"https:\/\/api.w.org\/{rel}","templated":true}]}}