{"id":225357,"date":"2025-07-04T09:57:10","date_gmt":"2025-07-04T09:57:10","guid":{"rendered":"https:\/\/www.europesays.com\/fr\/225357\/"},"modified":"2025-07-04T09:57:10","modified_gmt":"2025-07-04T09:57:10","slug":"raphael-glucksmann-lance-sa-vision-pour-la-france-depuis-marseille-avec-pascaline-lecorche","status":"publish","type":"post","link":"https:\/\/www.europesays.com\/fr\/225357\/","title":{"rendered":"Rapha\u00ebl Glucksmann lance sa \u00ab\u00a0Vision pour la France\u00a0\u00bb depuis Marseille avec Pascaline L\u00e9corch\u00e9"},"content":{"rendered":"<p>\u00ab\u00a0Oui, c\u2019est vrai, \u00e0 jamais les premiers\u00a0!, lance en pr\u00e9ambule <a href=\"https:\/\/www.laprovence.com\/article\/politique\/1309742244402714\/raphael-glucksmann-en-deplacement-en-provence-est-ce-quon-continue-a-baisser-la-tete-face-a-lfi\" target=\"_blank\" rel=\"nofollow noopener\">Rapha\u00ebl Glucksmann<\/a>. \u00c0 jamais les premiers pour discuter de la vision produite par Place Publique. Et oui, c\u2019\u00e9tait une \u00e9vidence de venir \u00e0 Marseille, pour soutenir Prenons Place et toi Pascaline (L\u00e9corch\u00e9). Tu as su cr\u00e9er un autre rapport \u00e0 la politique et l\u2019aventure que vous avez lanc\u00e9e ici est \u00e0 l\u2019image de ce que nous voulons faire.\u00a0\u00bb<\/p>\n","protected":false},"excerpt":{"rendered":"\u00ab\u00a0Oui, c\u2019est vrai, \u00e0 jamais les premiers\u00a0!, lance en pr\u00e9ambule Rapha\u00ebl Glucksmann. \u00c0 jamais les premiers pour discuter&hellip;\n","protected":false},"author":2,"featured_media":225358,"comment_status":"","ping_status":"","sticky":false,"template":"","format":"standard","meta":{"footnotes":""},"categories":[2814],"tags":[17,1111,11,394,1777,674,1011,27,36418,9447,884,12,471,882,13399,16,25,24208],"class_list":{"0":"post-225357","1":"post","2":"type-post","3":"status-publish","4":"format-standard","5":"has-post-thumbnail","7":"category-marseille","8":"tag-17","9":"tag-actu","10":"tag-actualites","11":"tag-depuis","12":"tag-eu","13":"tag-europe","14":"tag-fr","15":"tag-france","16":"tag-glucksmann","17":"tag-lance","18":"tag-marseille","19":"tag-news","20":"tag-pour","21":"tag-provence-alpes-cote-dazur","22":"tag-raphael","23":"tag-region","24":"tag-republique-francaise","25":"tag-vision"},"share_on_mastodon":{"url":"https:\/\/pubeurope.com\/@fr\/114794374375576018","error":""},"_links":{"self":[{"href":"https:\/\/www.europesays.com\/fr\/wp-json\/wp\/v2\/posts\/225357","targetHints":{"allow":["GET"]}}],"collection":[{"href":"https:\/\/www.europesays.com\/fr\/wp-json\/wp\/v2\/posts"}],"about":[{"href":"https:\/\/www.europesays.com\/fr\/wp-json\/wp\/v2\/types\/post"}],"author":[{"embeddable":true,"href":"https:\/\/www.europesays.com\/fr\/wp-json\/wp\/v2\/users\/2"}],"replies":[{"embeddable":true,"href":"https:\/\/www.europesays.com\/fr\/wp-json\/wp\/v2\/comments?post=225357"}],"version-history":[{"count":0,"href":"https:\/\/www.europesays.com\/fr\/wp-json\/wp\/v2\/posts\/225357\/revisions"}],"wp:featuredmedia":[{"embeddable":true,"href":"https:\/\/www.europesays.com\/fr\/wp-json\/wp\/v2\/media\/225358"}],"wp:attachment":[{"href":"https:\/\/www.europesays.com\/fr\/wp-json\/wp\/v2\/media?parent=225357"}],"wp:term":[{"taxonomy":"category","embeddable":true,"href":"https:\/\/www.europesays.com\/fr\/wp-json\/wp\/v2\/categories?post=225357"},{"taxonomy":"post_tag","embeddable":true,"href":"https:\/\/www.europesays.com\/fr\/wp-json\/wp\/v2\/tags?post=225357"}],"curies":[{"name":"wp","href":"https:\/\/api.w.org\/{rel}","templated":true}]}}