{"id":225361,"date":"2025-07-04T09:59:11","date_gmt":"2025-07-04T09:59:11","guid":{"rendered":"https:\/\/www.europesays.com\/fr\/225361\/"},"modified":"2025-07-04T09:59:11","modified_gmt":"2025-07-04T09:59:11","slug":"condamnee-pour-avoir-laisse-son-chien-mourir-de-faim-pendant-ses-vacances","status":"publish","type":"post","link":"https:\/\/www.europesays.com\/fr\/225361\/","title":{"rendered":"condamn\u00e9e pour avoir laiss\u00e9 son chien mourir de faim pendant ses vacances"},"content":{"rendered":"<p itemprop=\"description\"><strong>Le 3 septembre 2023, les forces de l&rsquo;ordre faisaient irruption au domicile d&rsquo;une femme dans le Rh\u00f4ne.<\/strong><\/p>\n<p>Cette derni\u00e8re, partie en vacances depuis plus d&rsquo;une semaine, avait laiss\u00e9 seuls ses deux chiens dans le sous-sol. A l&rsquo;arriv\u00e9e des gendarmes, l&rsquo;un des canid\u00e9s \u00e9tait mort. L&rsquo;autre \u00e9tait tr\u00e8s affaibli et totalement d\u00e9shydrat\u00e9, il avait finalement \u00e9t\u00e9 euthanasi\u00e9 plusieurs mois apr\u00e8s, \u00e9tant devenu tr\u00e8s agressif.<\/p>\n<p>Car la femme n&rsquo;avait pas laiss\u00e9 suffisamment d&rsquo;eau et de nourriture.<\/p>\n<p>Elle \u00e9tait jug\u00e9e r\u00e9cemment par le tribunal correctionnel de Villefranche-sur-Sa\u00f4ne. Partie vivre dans le Sud, elle ne s&rsquo;est pas pr\u00e9sent\u00e9e \u00e0 l&rsquo;audience.<\/p>\n<p>Aux enqu\u00eateurs, elle avait expliqu\u00e9 compter sur un homme rencontr\u00e9 sur Snapchat dont elle ignorait le nom mais qui \u00e9tait cens\u00e9 venir nourrir et s&rsquo;occuper de ses chiens en son absence.<\/p>\n<p>Un ami inconnu qui n&rsquo;a pas convaincu les juges caladois. Une peine de 6 mois de prison avec sursis a \u00e9t\u00e9 prononc\u00e9e, ainsi que 600 euros d&rsquo;amende et l&rsquo;interdiction d\u00e9finitive d&rsquo;avoir un animal de compagnie.<\/p>\n","protected":false},"excerpt":{"rendered":"Le 3 septembre 2023, les forces de l&rsquo;ordre faisaient irruption au domicile d&rsquo;une femme dans le Rh\u00f4ne. Cette&hellip;\n","protected":false},"author":2,"featured_media":225362,"comment_status":"","ping_status":"","sticky":false,"template":"","format":"standard","meta":{"footnotes":""},"categories":[1889],"tags":[1111,11,2813,2190,2430,1109,251,1112,2811,1777,674,118,1011,27,1922,1110,1114,2428,2810,12,241,316,25,2812,517,800],"class_list":{"0":"post-225361","1":"post","2":"type-post","3":"status-publish","4":"format-standard","5":"has-post-thumbnail","7":"category-lyon","8":"tag-actu","9":"tag-actualites","10":"tag-article","11":"tag-asvel","12":"tag-auvergne-rhone-alpes","13":"tag-breves","14":"tag-culture","15":"tag-depeches","16":"tag-economique","17":"tag-eu","18":"tag-europe","19":"tag-faits-divers","20":"tag-fr","21":"tag-france","22":"tag-info","23":"tag-informations","24":"tag-infos","25":"tag-lyon","26":"tag-lyonmag","27":"tag-news","28":"tag-ol","29":"tag-politique","30":"tag-republique-francaise","31":"tag-sociale","32":"tag-sport","33":"tag-transports"},"share_on_mastodon":{"url":"https:\/\/pubeurope.com\/@fr\/114794382311316963","error":""},"_links":{"self":[{"href":"https:\/\/www.europesays.com\/fr\/wp-json\/wp\/v2\/posts\/225361","targetHints":{"allow":["GET"]}}],"collection":[{"href":"https:\/\/www.europesays.com\/fr\/wp-json\/wp\/v2\/posts"}],"about":[{"href":"https:\/\/www.europesays.com\/fr\/wp-json\/wp\/v2\/types\/post"}],"author":[{"embeddable":true,"href":"https:\/\/www.europesays.com\/fr\/wp-json\/wp\/v2\/users\/2"}],"replies":[{"embeddable":true,"href":"https:\/\/www.europesays.com\/fr\/wp-json\/wp\/v2\/comments?post=225361"}],"version-history":[{"count":0,"href":"https:\/\/www.europesays.com\/fr\/wp-json\/wp\/v2\/posts\/225361\/revisions"}],"wp:featuredmedia":[{"embeddable":true,"href":"https:\/\/www.europesays.com\/fr\/wp-json\/wp\/v2\/media\/225362"}],"wp:attachment":[{"href":"https:\/\/www.europesays.com\/fr\/wp-json\/wp\/v2\/media?parent=225361"}],"wp:term":[{"taxonomy":"category","embeddable":true,"href":"https:\/\/www.europesays.com\/fr\/wp-json\/wp\/v2\/categories?post=225361"},{"taxonomy":"post_tag","embeddable":true,"href":"https:\/\/www.europesays.com\/fr\/wp-json\/wp\/v2\/tags?post=225361"}],"curies":[{"name":"wp","href":"https:\/\/api.w.org\/{rel}","templated":true}]}}