{"id":225363,"date":"2025-07-04T10:00:19","date_gmt":"2025-07-04T10:00:19","guid":{"rendered":"https:\/\/www.europesays.com\/fr\/225363\/"},"modified":"2025-07-04T10:00:19","modified_gmt":"2025-07-04T10:00:19","slug":"le-psig-intervient-dans-un-centre-aquatique-pour-faire-sortir-une-trentaine-de-jeunes-violents","status":"publish","type":"post","link":"https:\/\/www.europesays.com\/fr\/225363\/","title":{"rendered":"le Psig intervient dans un centre aquatique pour faire sortir une trentaine de jeunes violents"},"content":{"rendered":"<p>Une trentaine d\u2019adolescents \u00e2g\u00e9s de 12 \u00e0 15 ans ont \u00e9t\u00e9 exclus du centre aquatique de Mornant (Rh\u00f4ne) ce lundi. Le maire a d\u00e9cid\u00e9 de leur interdire l\u2019entr\u00e9e durant tout l\u2019\u00e9t\u00e9.<\/p>\n<p class=\"fig-paragraph\">Alors que la saison estivale venait de commencer au centre aquatique\u00a0<a href=\"http:\/\/www.lefigaro.fr\/lyon\/c-est-injuste-pres-de-lyon-des-enfants-ecrivent-a-emmanuel-macron-pour-integrer-les-athletes-trisomiques-aux-jeux-paralympiques-20240826\" data-fig-type=\"NewsFlash\" data-gtm-custom-categorie=\"navigation\" data-gtm-custom-action=\"crossclick\" data-gtm-custom-label=\"Contextuel\" data-gtm-event=\"customEventSPE\" data-fig-domain=\"LEFIGARO\" target=\"_blank\" rel=\"noopener\">Les Bassins de l\u2019Aqueduc dans la petite ville de Mornant,<\/a>\u00a0au sud de Lyon, une trentaine de jeunes \u00e2g\u00e9s de 12 \u00e0 15 ans ont \u00e9t\u00e9 exclus de la piscine municipale ce lundi. \u00abIls sont arriv\u00e9s par petits groupes et ont tout de suite \u00e9t\u00e9 hyperagressifs, d\u00e8s l\u2019entr\u00e9e. Puis une fois \u00e0 l\u2019int\u00e9rieur, ils ont mis le bordel\u00bb, raconte Renaud Pfeffer, le maire LR de la commune confirmant une information du\u00a0<a href=\"https:\/\/c.leprogres.fr\/faits-divers-justice\/2025\/07\/02\/une-trentaine-d-ados-exclus-pour-l-ete-de-la-piscine-de-mornant\" target=\"_blank\" rel=\"nofollow noopener\" data-gtm-custom-categorie=\"navigation\" data-gtm-custom-action=\"crossclick\" data-gtm-custom-label=\"Contextuel\" data-gtm-event=\"customEventSPE\">Progr\u00e8s<\/a> . Rapidement la situation d\u00e9g\u00e9n\u00e8re et le personnel doit appeler la police municipale et la gendarmerie pour faire sortir les fauteurs de troubles. Mais face \u00e0 l\u2019agressivit\u00e9 des jeunes gar\u00e7ons, il faudra finalement l\u2019intervention du Psig (Peloton de surveillance et d\u2019intervention de la gendarmerie) pour r\u00e9tablir l\u2019ordre. \u00abUn des gamins a menac\u00e9 un gendarme avec un tournevis en lui disant qu\u2019il allait le planter\u00a0\u00bb, raconte le maire.<\/p>\n<p class=\"fig-body-link\">\n            \u00c0 lire aussi<br \/>\n        <a class=\"fig-body-link__link fig-premium-mark\" href=\"http:\/\/www.lefigaro.fr\/actualite-france\/agressions-menaces-de-mort-quand-piscines-et-parcs-aquatiques-sont-contraints-de-fermer-a-cause-des-incivilites-20250703\" data-fig-type=\"Article\" data-gtm-custom-categorie=\"navigation\" data-gtm-custom-action=\"crossclick\" data-gtm-custom-label=\"Contextuel\" data-gtm-event=\"customEventSPE\" data-fig-domain=\"LEFIGARO\" target=\"_blank\" rel=\"noopener\">Agressions, menaces de mort\u2026 Quand piscines et parcs aquatiques sont contraints de fermer \u00e0 cause des incivilit\u00e9s<br \/>\n    <\/a>\n<\/p>\n<p class=\"fig-paragraph\">Imm\u00e9diatement ce dernier a d\u00e9cid\u00e9 d\u2019exclure les adolescents pour tout l\u2019\u00e9t\u00e9\u00a0: \u00abJ\u2019ai pris trois d\u00e9cisions \u00e0 la suite de cet incident. D\u00e9sormais il y aura une exclusion syst\u00e9matique et imm\u00e9diate pour toute la saison pour tous les fauteurs de troubles. Nous allons renforcer la s\u00e9curit\u00e9 des lieux avec des effectifs d\u2019agents priv\u00e9s. Et enfin j\u2019ai ajout\u00e9 des cam\u00e9ras de vid\u00e9osurveillance pour d\u00e9gager d\u00e8s le premier incident ceux qui causent les troubles\u00bb. Selon l\u2019\u00e9lu LR, des jeunes fauteurs de troubles de lundi ont \u00e9t\u00e9 interpell\u00e9s, quelques minutes apr\u00e8s leur exclusion de la piscine par les forces de l\u2019ordre, en train d\u2019essayer de voler un scooter sur la commune. Un des parents aurait \u00e9galement appel\u00e9 le centre aquatique et menac\u00e9 et insult\u00e9 un agent communal.<\/p>\n<p>                                    <a class=\"fig-a11y-skip a11y-hidden\" href=\"#fig-a11y-skip-main-inarticle\"><br \/>\n        Passer la publicit\u00e9<br \/>\n    <\/a><\/p>\n<p class=\"fig-paragraph\">\u00abOn a d\u00e9j\u00e0 eu des petits d\u00e9bordements dans le pass\u00e9 mais on a toujours r\u00e9ussi \u00e0 les g\u00e9rer. L\u00e0 c\u2019\u00e9tait autre chose. Je me dis qu\u2019on est \u00e0 Mornant qui est une ville tranquille. Qu\u2019est-ce que \u00e7a doit \u00eatre ailleurs\u00a0?\u00bb, conclut Renaud Pfeffer.<\/p>\n","protected":false},"excerpt":{"rendered":"Une trentaine d\u2019adolescents \u00e2g\u00e9s de 12 \u00e0 15 ans ont \u00e9t\u00e9 exclus du centre aquatique de Mornant (Rh\u00f4ne)&hellip;\n","protected":false},"author":2,"featured_media":225364,"comment_status":"","ping_status":"","sticky":false,"template":"","format":"standard","meta":{"footnotes":""},"categories":[1889],"tags":[1111,11,11211,2430,1777,674,1011,27,2825,2428,12,18812,25],"class_list":{"0":"post-225363","1":"post","2":"type-post","3":"status-publish","4":"format-standard","5":"has-post-thumbnail","7":"category-lyon","8":"tag-actu","9":"tag-actualites","10":"tag-agressions","11":"tag-auvergne-rhone-alpes","12":"tag-eu","13":"tag-europe","14":"tag-fr","15":"tag-france","16":"tag-insecurite","17":"tag-lyon","18":"tag-news","19":"tag-piscines","20":"tag-republique-francaise"},"share_on_mastodon":{"url":"https:\/\/pubeurope.com\/@fr\/114794386198739910","error":""},"_links":{"self":[{"href":"https:\/\/www.europesays.com\/fr\/wp-json\/wp\/v2\/posts\/225363","targetHints":{"allow":["GET"]}}],"collection":[{"href":"https:\/\/www.europesays.com\/fr\/wp-json\/wp\/v2\/posts"}],"about":[{"href":"https:\/\/www.europesays.com\/fr\/wp-json\/wp\/v2\/types\/post"}],"author":[{"embeddable":true,"href":"https:\/\/www.europesays.com\/fr\/wp-json\/wp\/v2\/users\/2"}],"replies":[{"embeddable":true,"href":"https:\/\/www.europesays.com\/fr\/wp-json\/wp\/v2\/comments?post=225363"}],"version-history":[{"count":0,"href":"https:\/\/www.europesays.com\/fr\/wp-json\/wp\/v2\/posts\/225363\/revisions"}],"wp:featuredmedia":[{"embeddable":true,"href":"https:\/\/www.europesays.com\/fr\/wp-json\/wp\/v2\/media\/225364"}],"wp:attachment":[{"href":"https:\/\/www.europesays.com\/fr\/wp-json\/wp\/v2\/media?parent=225363"}],"wp:term":[{"taxonomy":"category","embeddable":true,"href":"https:\/\/www.europesays.com\/fr\/wp-json\/wp\/v2\/categories?post=225363"},{"taxonomy":"post_tag","embeddable":true,"href":"https:\/\/www.europesays.com\/fr\/wp-json\/wp\/v2\/tags?post=225363"}],"curies":[{"name":"wp","href":"https:\/\/api.w.org\/{rel}","templated":true}]}}