{"id":225365,"date":"2025-07-04T10:01:15","date_gmt":"2025-07-04T10:01:15","guid":{"rendered":"https:\/\/www.europesays.com\/fr\/225365\/"},"modified":"2025-07-04T10:01:15","modified_gmt":"2025-07-04T10:01:15","slug":"la-vague-de-chaleur-va-t-elle-toucher-paris-et-lile-de-france","status":"publish","type":"post","link":"https:\/\/www.europesays.com\/fr\/225365\/","title":{"rendered":"la vague de chaleur va-t-elle toucher Paris et l&rsquo;\u00cele-de-France\u00a0?"},"content":{"rendered":"<p>            Par<br \/>\n        <strong><br \/>\n            <a href=\"https:\/\/actu.fr\/auteur\/redaction-paris\" title=\"Consulter tous les articles de R\u00e9daction Paris\" rel=\"nofollow noopener\" target=\"_blank\">R\u00e9daction Paris<\/a><br \/>\n        <\/strong><\/p>\n<p>        Publi\u00e9 le<\/p>\n<p>            4 juil. 2025 \u00e0 11h23        <\/p>\n<p>Une nouvelle canicule est-elle en train de se profiler\u2009? \u00ab\u2009Entre le mercredi 9\u00a0juillet et le mardi 15\u00a0juillet, les diff\u00e9rents mod\u00e8les m\u00e9t\u00e9o convergent d\u00e9sormais pour ce qui se pr\u00e9sente comme une nouvelle phase de <a href=\"https:\/\/actu.fr\/tag\/canicule\" rel=\"nofollow noopener\" target=\"_blank\">canicule<\/a> sur la France, qui touchera de tr\u00e8s nombreuses r\u00e9gions\u2009\u00bb, pr\u00e9dit le m\u00e9t\u00e9orologue Yann Amice pour\u00a0<a href=\"https:\/\/actu.fr\/meteo\/nouvelle-canicule-en-france-la-semaine-prochaine-plus-de-40-c-attendus-voici-ou-la-chaleur-devrait-frapper_62863512.html\" rel=\"nofollow noopener\" target=\"_blank\">actu.fr<\/a>.\u00a0Paris et l\u2019\u00cele-de-France seront-elles \u00e9pargn\u00e9es par ce nouveau <strong>d\u00f4me de chaleur<\/strong>\u2009?<\/p>\n<p>De la fra\u00eecheur avant un retour de la chaleur<\/p>\n<p class=\" wall-content\">\u00c0 en juger par les cartes et les pr\u00e9visions actuelles, cet air chaud ne devrait pas \u00e9pargner la r\u00e9gion francilienne.\u00a0Comme cela a \u00e9t\u00e9 le cas cette semaine, il est possible que l\u2019on connaisse des temp\u00e9ratures au-dessus de 35\u00b0C, fr\u00f4lant parfois la barre des <strong>40\u00b0C<\/strong>.<\/p>\n<p class=\" wall-content\">\n<p class=\" wall-content\">Des temp\u00e9ratures qui vont nettement contraster avec celles de cette fin de semaine. En effet, apr\u00e8s deux journ\u00e9es en <a href=\"https:\/\/actu.fr\/ile-de-france\/paris_75056\/ressenti-44-c-meteo-france-declenche-la-vigilance-rouge-canicule-a-paris-et-en-petite-couronne_62846076.html\" rel=\"nofollow noopener\" target=\"_blank\">vigilance rouge canicule<\/a>, mardi\u00a01er et mercredi 2\u00a0juillet 2025, l\u2019air est <strong>nettement plus frais<\/strong>. D\u2019apr\u00e8s les pr\u00e9visions de\u00a0<a href=\"https:\/\/www.lameteoagricole.net\/previsions-meteo-agricole\/Paris-1Er-Arrondissement-75001.html\" rel=\"nofollow noopener\" target=\"_blank\">La M\u00e9t\u00e9o Agricole<\/a>, ce vendredi 4\u00a0juillet 2025, il fera au plus chaud 28\u00b0C.\u00a0Demain, 5\u00a0juillet 2025, le thermom\u00e8tre affichera entre 16\u00b0C et 29\u00b0C.<\/p>\n<p class=\" wall-content\">C\u2019est \u00e0 partir de dimanche 6\u00a0juillet 2025, que la chute va vraiment se ressentir avec <strong>24\u00b0C<\/strong> de maximale. Lundi 7\u00a0juillet 2025, on passera sous les moyennes de saison avec un mercure qui ne d\u00e9passera pas les <strong>21\u00b0C<\/strong>.<\/p>\n<p class=\" wall-content\">Suivez toute l\u2019actualit\u00e9 de vos villes et m\u00e9dias favoris en vous inscrivant \u00e0 <a href=\"https:\/\/moncompte.actu.fr\" title=\"D\u00e9couvez Mon Actu\" rel=\"nofollow noopener\" data-trk=\"{&quot;cta&quot;:{&quot;action&quot;:&quot;https:\\\/\\\/moncompte.actu.fr&quot;,&quot;category&quot;:&quot;mon compte&quot;,&quot;from&quot;:&quot;article footer&quot;,&quot;name&quot;:&quot;Mon actu&quot;,&quot;type&quot;:&quot;cta&quot;}}\" target=\"_blank\">Mon Actu<\/a>.<\/p>\n","protected":false},"excerpt":{"rendered":"Par R\u00e9daction Paris Publi\u00e9 le 4 juil. 2025 \u00e0 11h23 Une nouvelle canicule est-elle en train de se&hellip;\n","protected":false},"author":2,"featured_media":213812,"comment_status":"","ping_status":"","sticky":false,"template":"","format":"standard","meta":{"footnotes":""},"categories":[1592],"tags":[1111,11,6698,1777,674,1011,27,662,2487,2357,12,626,25],"class_list":{"0":"post-225365","1":"post","2":"type-post","3":"status-publish","4":"format-standard","5":"has-post-thumbnail","7":"category-ile-de-france","8":"tag-actu","9":"tag-actualites","10":"tag-canicule","11":"tag-eu","12":"tag-europe","13":"tag-fr","14":"tag-france","15":"tag-ile-de-france","16":"tag-meteo","17":"tag-meteo-france","18":"tag-news","19":"tag-paris","20":"tag-republique-francaise"},"share_on_mastodon":{"url":"https:\/\/pubeurope.com\/@fr\/114794390093610656","error":""},"_links":{"self":[{"href":"https:\/\/www.europesays.com\/fr\/wp-json\/wp\/v2\/posts\/225365","targetHints":{"allow":["GET"]}}],"collection":[{"href":"https:\/\/www.europesays.com\/fr\/wp-json\/wp\/v2\/posts"}],"about":[{"href":"https:\/\/www.europesays.com\/fr\/wp-json\/wp\/v2\/types\/post"}],"author":[{"embeddable":true,"href":"https:\/\/www.europesays.com\/fr\/wp-json\/wp\/v2\/users\/2"}],"replies":[{"embeddable":true,"href":"https:\/\/www.europesays.com\/fr\/wp-json\/wp\/v2\/comments?post=225365"}],"version-history":[{"count":0,"href":"https:\/\/www.europesays.com\/fr\/wp-json\/wp\/v2\/posts\/225365\/revisions"}],"wp:featuredmedia":[{"embeddable":true,"href":"https:\/\/www.europesays.com\/fr\/wp-json\/wp\/v2\/media\/213812"}],"wp:attachment":[{"href":"https:\/\/www.europesays.com\/fr\/wp-json\/wp\/v2\/media?parent=225365"}],"wp:term":[{"taxonomy":"category","embeddable":true,"href":"https:\/\/www.europesays.com\/fr\/wp-json\/wp\/v2\/categories?post=225365"},{"taxonomy":"post_tag","embeddable":true,"href":"https:\/\/www.europesays.com\/fr\/wp-json\/wp\/v2\/tags?post=225365"}],"curies":[{"name":"wp","href":"https:\/\/api.w.org\/{rel}","templated":true}]}}