{"id":22537,"date":"2025-04-13T15:53:21","date_gmt":"2025-04-13T15:53:21","guid":{"rendered":"https:\/\/www.europesays.com\/fr\/22537\/"},"modified":"2025-04-13T15:53:21","modified_gmt":"2025-04-13T15:53:21","slug":"monistrol-sur-loire-qui-sera-la-plus-belle-voix-au-concours-the-good-voice-2025","status":"publish","type":"post","link":"https:\/\/www.europesays.com\/fr\/22537\/","title":{"rendered":"Monistrol-sur-Loire : qui sera la plus belle voix au concours \u00ab The Good Voice \u00bb 2025"},"content":{"rendered":"<p>\t\t\t\t\t\t\t\t\t\t\t\t\t\t\t\t\t\t\t\t\t\t\t\t\t\t\t\t\t\t\t\t\t\t\t\t\t\t\t\t\t\t\t\t\t\t\t\t\t\t\t\t\t\t\t\t\t\t\t\t\t\t\t<a href=\"https:\/\/www.lacommere43.fr\/component\/banners\/click\/1756.html\" target=\"_blank\" title=\"Retournac Foire P\u00e2querettes avril 2025\" rel=\"nofollow noopener\"><br \/>\n\t\t\t\t\t\t\t<img decoding=\"async\" src=\"https:\/\/www.europesays.com\/fr\/wp-content\/uploads\/2025\/04\/paquerettes-2025.gif\" alt=\"Retournac Foire P\u00e2querettes avril 2025\"\/><br \/>\n\t\t\t\t\t\t<\/a><\/p>\n<p>\t\t\t\t\t\t\t\t\t\t\t\t\t\t\t\t\t\t\t\t\t\t\t\t\t\t\t\t\t\t\t\t\t\t\t\t\t\t\t\t\t\t\t\t\t\t\t\t\t\t\t\t\t\t\t\t\t\t\t\t\t\t\t<a href=\"https:\/\/www.lacommere43.fr\/component\/banners\/click\/1751.html\" target=\"_blank\" title=\"Chevalier Fr\u00e8res avril 2025\" rel=\"nofollow noopener\"><br \/>\n\t\t\t\t\t\t\t<img decoding=\"async\" src=\"https:\/\/www.europesays.com\/fr\/wp-content\/uploads\/2025\/04\/chevalier-fraise.jpg\" alt=\"Chevalier Fr\u00e8res avril 2025\"\/><br \/>\n\t\t\t\t\t\t<\/a><\/p>\n<p><strong>(Publi-reportage) Apr\u00e8s la victoire de L\u00e9a Rochon, Good Voice 1, de Juliette, Good Voice 2, qui sera la plus belle voix 2025 au concours de Good Time \u00e0 Monistrol-sur-Loire ?<\/strong><\/p>\n<p>Pour participer, il suffit de s&rsquo;inscrire directement \u00e0 Good Time, \u00e0 Monistrol-sur-Loire. L&rsquo;engagement est de 10 euros et s&rsquo;adresse \u00e0 tout chanteur de 15 ans \u00e0 99 ans.<\/p>\n<p>Le jurys se composera de Mady, chanteuse, compositrice, interpr\u00e8te,\u00a0coach vocale, Ulrich, technicien son live et studio, et Mickey, guitariste chanteur, compositeur, finaliste de Good Voice 1. <\/p>\n<p>Les trois premiers seront r\u00e9compens\u00e9s : enregistrement studio pour le vainqueur (valeur 600 euros), 1 repr\u00e9sentation au festival Rock Baron en mai\/juin 2026, bons d&rsquo;achat 500 euros chez les partenaires Albaynac et Guitare avenue, entr\u00e9es gratuites pour 2 personnes au karaok\u00e9 box pendant 1 an.<\/p>\n<p>Nouveau cette ann\u00e9e : un espace Fan Zone est cr\u00e9\u00e9 pour les fans des candidats !<\/p>\n<p><strong>Voici les dates<\/strong><\/p>\n<p><strong>Jeudi\u00a015 mai<\/strong> : s\u00e9lection des 25 participants<\/p>\n<p><strong>Jeudi\u00a0<\/strong><strong>5 juin<\/strong>\u00a0: 20 participants<\/p>\n<p><strong>Jeudi\u00a0<\/strong><strong>19 juin<\/strong>\u00a0: 15 participants<\/p>\n<p><strong>Jeudi\u00a0<\/strong><strong>3 juillet<\/strong>\u00a0: demi-finale 10\u00a0participants<\/p>\n<p><strong>Jeudi\u00a0<\/strong><strong>17 juillet\u00a0<\/strong>: finale 5 participants<\/p>\n","protected":false},"excerpt":{"rendered":"(Publi-reportage) Apr\u00e8s la victoire de L\u00e9a Rochon, Good Voice 1, de Juliette, Good Voice 2, qui sera la&hellip;\n","protected":false},"author":2,"featured_media":22538,"comment_status":"","ping_status":"","sticky":false,"template":"","format":"standard","meta":{"footnotes":""},"categories":[1356],"tags":[2281,58,59,2282,1011,27,2280,2284,2285,2283,252,1364],"class_list":{"0":"post-22537","1":"post","2":"type-post","3":"status-publish","4":"format-standard","5":"has-post-thumbnail","7":"category-television","8":"tag-actualite-43","9":"tag-divertissement","10":"tag-entertainment","11":"tag-faits-divers-auvergne","12":"tag-fr","13":"tag-france","14":"tag-information-haute-loire","15":"tag-infos-43","16":"tag-journal-haute-loire","17":"tag-la-commere-43","18":"tag-television","19":"tag-tv"},"share_on_mastodon":{"url":"https:\/\/pubeurope.com\/@fr\/114331464778125365","error":""},"_links":{"self":[{"href":"https:\/\/www.europesays.com\/fr\/wp-json\/wp\/v2\/posts\/22537","targetHints":{"allow":["GET"]}}],"collection":[{"href":"https:\/\/www.europesays.com\/fr\/wp-json\/wp\/v2\/posts"}],"about":[{"href":"https:\/\/www.europesays.com\/fr\/wp-json\/wp\/v2\/types\/post"}],"author":[{"embeddable":true,"href":"https:\/\/www.europesays.com\/fr\/wp-json\/wp\/v2\/users\/2"}],"replies":[{"embeddable":true,"href":"https:\/\/www.europesays.com\/fr\/wp-json\/wp\/v2\/comments?post=22537"}],"version-history":[{"count":0,"href":"https:\/\/www.europesays.com\/fr\/wp-json\/wp\/v2\/posts\/22537\/revisions"}],"wp:featuredmedia":[{"embeddable":true,"href":"https:\/\/www.europesays.com\/fr\/wp-json\/wp\/v2\/media\/22538"}],"wp:attachment":[{"href":"https:\/\/www.europesays.com\/fr\/wp-json\/wp\/v2\/media?parent=22537"}],"wp:term":[{"taxonomy":"category","embeddable":true,"href":"https:\/\/www.europesays.com\/fr\/wp-json\/wp\/v2\/categories?post=22537"},{"taxonomy":"post_tag","embeddable":true,"href":"https:\/\/www.europesays.com\/fr\/wp-json\/wp\/v2\/tags?post=22537"}],"curies":[{"name":"wp","href":"https:\/\/api.w.org\/{rel}","templated":true}]}}