{"id":225383,"date":"2025-07-04T10:11:16","date_gmt":"2025-07-04T10:11:16","guid":{"rendered":"https:\/\/www.europesays.com\/fr\/225383\/"},"modified":"2025-07-04T10:11:16","modified_gmt":"2025-07-04T10:11:16","slug":"trois-patineuses-locminoises-participent-aux-championnats-deurope-en-allemagne","status":"publish","type":"post","link":"https:\/\/www.europesays.com\/fr\/225383\/","title":{"rendered":"Trois patineuses locminoises participent aux Championnats d\u2019Europe en Allemagne"},"content":{"rendered":"<p>Trois patineuses locminoises participeront du 6 au 13 juillet 2025, aux Championnats d\u2019Europe, \u00e0 Gross Gerau, en Allemagne.<\/p>\n<p>Deux fondeuses<\/p>\n<p>Originaire de Bignan, n\u00e9e en 2007, Jade Lecoq est en junior A et est fondeuse. Elle a d\u00e9but\u00e9 le roller \u00e0 6 ans au CPAL. Elle a d\u00e9croch\u00e9 plusieurs m\u00e9dailles lors des championnats de France rouge et piste cette saison et fait partie des meilleures fran\u00e7aises de sa cat\u00e9gorie. Jade a donc d\u00e9croch\u00e9 sa place en \u00e9quipe de France afin de participer au championnat d\u2019Europe.<\/p>\n<p>La Mor\u00e9acoise Julia Nizan est senior et aussi fondeuse. N\u00e9e en 2003, elle a d\u00e9but\u00e9 \u00e0 6 ans au club locminois. Apr\u00e8s quatre ans au p\u00f4le espoir de Saint-Brieuc, elle a int\u00e9gr\u00e9 le p\u00f4le France de Nantes. L\u2019an pass\u00e9, elle a quitt\u00e9 Nantes pour s\u2019installer \u00e0 la saison hivernale au Pays-Bas afin de s\u2019entra\u00eener pour la longue piste sur glace. Elle a pass\u00e9 son hiver entre l\u2019Allemagne o\u00f9 se d\u00e9roulaient les stages de l\u2019\u00e9quipe de France f\u00e9minine sur glace qui est en cr\u00e9ation en vue des Jeux olympiques. Elle y a rapidement obtenu les minima Coupe du monde sur le 3\u00a0000 m et les Pays-Bas, o\u00f9 elle a int\u00e9gr\u00e9 une \u00e9quipe n\u00e9erlandaise. Julia a \u00e9t\u00e9 la premi\u00e8re fran\u00e7aise depuis 37 ans \u00e0 \u00eatre s\u00e9lectionn\u00e9e pour les championnats d\u2019Europe de longue piste qui se sont d\u00e9roul\u00e9s \u00e0 Heerenveen.<\/p>\n<p>Et une sprinteuse<\/p>\n<p>Mathilde Pedronno, de Plumelin, est sprinteuse et senior. N\u00e9e en 2000, elle le CPAL \u00e0 6 ans aussi. Mathilde est pass\u00e9e par le p\u00f4le espoir de Saint-Brieuc, puis le p\u00f4le France de Bordeaux et depuis deux ans, au p\u00f4le de Nantes. Elle a effectu\u00e9 les stages sur glace cet hiver et a obtenu les minima Coupe du monde en sprint. \u00c0 l\u2019issue des championnats de France de cette saison, elle d\u00e9croche \u00e9galement sa s\u00e9lection en \u00e9quipe de France pour les championnats d\u2019Europe.<\/p>\n","protected":false},"excerpt":{"rendered":"Trois patineuses locminoises participeront du 6 au 13 juillet 2025, aux Championnats d\u2019Europe, \u00e0 Gross Gerau, en Allemagne.&hellip;\n","protected":false},"author":2,"featured_media":225384,"comment_status":"","ping_status":"","sticky":false,"template":"","format":"standard","meta":{"footnotes":""},"categories":[1587],"tags":[11,672,1804,1805,1803,1777,674,1801,22567,36419,12,36421,36420,1802],"class_list":{"0":"post-225383","1":"post","2":"type-post","3":"status-publish","4":"format-standard","5":"has-post-thumbnail","7":"category-allemagne","8":"tag-actualites","9":"tag-allemagne","10":"tag-bundesrepublik-deutschland","11":"tag-de","12":"tag-deutschland","13":"tag-eu","14":"tag-europe","15":"tag-germany","16":"tag-locmine","17":"tag-moreac","18":"tag-news","19":"tag-patinage-sur-glace","20":"tag-plumelin","21":"tag-republique-federale-dallemagne"},"share_on_mastodon":{"url":"https:\/\/pubeurope.com\/@fr\/114794429430993640","error":""},"_links":{"self":[{"href":"https:\/\/www.europesays.com\/fr\/wp-json\/wp\/v2\/posts\/225383","targetHints":{"allow":["GET"]}}],"collection":[{"href":"https:\/\/www.europesays.com\/fr\/wp-json\/wp\/v2\/posts"}],"about":[{"href":"https:\/\/www.europesays.com\/fr\/wp-json\/wp\/v2\/types\/post"}],"author":[{"embeddable":true,"href":"https:\/\/www.europesays.com\/fr\/wp-json\/wp\/v2\/users\/2"}],"replies":[{"embeddable":true,"href":"https:\/\/www.europesays.com\/fr\/wp-json\/wp\/v2\/comments?post=225383"}],"version-history":[{"count":0,"href":"https:\/\/www.europesays.com\/fr\/wp-json\/wp\/v2\/posts\/225383\/revisions"}],"wp:featuredmedia":[{"embeddable":true,"href":"https:\/\/www.europesays.com\/fr\/wp-json\/wp\/v2\/media\/225384"}],"wp:attachment":[{"href":"https:\/\/www.europesays.com\/fr\/wp-json\/wp\/v2\/media?parent=225383"}],"wp:term":[{"taxonomy":"category","embeddable":true,"href":"https:\/\/www.europesays.com\/fr\/wp-json\/wp\/v2\/categories?post=225383"},{"taxonomy":"post_tag","embeddable":true,"href":"https:\/\/www.europesays.com\/fr\/wp-json\/wp\/v2\/tags?post=225383"}],"curies":[{"name":"wp","href":"https:\/\/api.w.org\/{rel}","templated":true}]}}