{"id":225385,"date":"2025-07-04T10:12:13","date_gmt":"2025-07-04T10:12:13","guid":{"rendered":"https:\/\/www.europesays.com\/fr\/225385\/"},"modified":"2025-07-04T10:12:13","modified_gmt":"2025-07-04T10:12:13","slug":"leurope-recule-avec-les-inquietudes-sur-le-commerce-04-07-2025-a-0952","status":"publish","type":"post","link":"https:\/\/www.europesays.com\/fr\/225385\/","title":{"rendered":"L&rsquo;Europe recule avec les inqui\u00e9tudes sur le commerce &#8211; 04\/07\/2025 \u00e0 09:52"},"content":{"rendered":"<p>        <img fetchpriority=\"high\" decoding=\"async\" src=\"https:\/\/www.europesays.com\/fr\/wp-content\/uploads\/2025\/07\/e990890b854e17b394265271f37f6cd5-760x485.jpg\" alt=\"Une vue g\u00e9n\u00e9rale montre la salle des march\u00e9s et le tableau de l'indice DAX pendant les \u00e9changes de mi-journ\u00e9e \u00e0 la bourse de Francfort\" loading=\"eager\" width=\"760\" height=\"485\" style=\"max-width: 100%!important; height: auto;\"\/><\/p>\n<p class=\"c-image-news__legend\">Une vue g\u00e9n\u00e9rale montre la salle des march\u00e9s et le tableau de l&rsquo;indice DAX pendant les \u00e9changes de mi-journ\u00e9e \u00e0 la bourse de Francfort<\/p>\n<p>\n Les principales Bourses europ\u00e9ennes ont ouvert en baisse vendredi dans un contexte de prudence \u00e0 l&rsquo;approche de la date butoir du 9 juillet quant aux n\u00e9gociations sur les droits de douane am\u00e9ricains.\n<\/p>\n<p>\n \u00c0 Paris, le CAC 40 perd 0,69% \u00e0 7.700,26 points vers 07h15 GMT, apr\u00e8s un gain de 0,21% jeudi. \u00c0 Londres, le FTSE 100 abandonne 0,32% et \u00e0 Francfort, le Dax c\u00e8de 0,41%.\n<\/p>\n<p>\n L&rsquo;indice EuroStoxx 50 d\u00e9cline de 0,65% et le FTSEurofirst 300 de 0,50%. Le Stoxx 600 reflue de 0,45%, tous ses grands secteurs \u00e9tant dans le rouge, \u00e0 commencer par celui des ressources de base (-1,37%).\n<\/p>\n<p>\n Wall Street est ferm\u00e9e ce vendredi pour l&rsquo;Independence Day apr\u00e8s les records inscrits de jeudi par les indices. Les contrats new-yorkais pr\u00e9voient pour lundi un repli du Dow Jones, du Standard &amp; Poor&rsquo;s 500 et du Nasdaq.\n<\/p>\n<p>\n L&rsquo;app\u00e9tit pour le risque est en nette baisse sur les march\u00e9s ce vendredi alors que le pr\u00e9sident am\u00e9ricain, Donald Trump, a d\u00e9clar\u00e9 que Washington commencerait \u00e0 envoyer des lettres d\u00e9taillant les taux des droits de douane appliqu\u00e9s aux pays concern\u00e9s. A l&rsquo;approche de la date butoir du 9 juillet, aucun accord n&rsquo;a toujours \u00e9t\u00e9 trouv\u00e9 avec l&rsquo;Union europ\u00e9enne (UE), le Japon ou encore la Cor\u00e9e du Sud.\n<\/p>\n<p>\n Le projet de budget de Donald Trump, approuv\u00e9 par le Congr\u00e8s, suscite \u00e9galement des inqui\u00e9tudes sur le march\u00e9 obligataire, alors que la signature du texte par le pr\u00e9sident am\u00e9ricain est pr\u00e9vue ce vendredi lors d&rsquo;une c\u00e9r\u00e9monie \u00e0 la Maison blanche.\n<\/p>\n<p>\n Signe de la nervosit\u00e9 ambiante, le dollar, actif refuge, repart \u00e0 la hausse, prenant 0,51% \u00e0 3.343 dollars l&rsquo;once, se rapprochant de son sommet historique.\n<\/p>\n<p>\n Aux valeurs, Air France-KLM est stable apr\u00e8s l&rsquo;annonce par le groupe du lancement d&rsquo;un processus afin de prendre une participation majoritaire au capital de la compagnie a\u00e9rienne scandinave SAS.\n<\/p>\n<p>\n Stellantis recule de 1,10%, le constructeur automobile ayant annonc\u00e9 le rappel en Europe de v\u00e9hicules diesel produits entre octobre 2017 et janvier 2023, en raison de probl\u00e8mes potentiels li\u00e9s \u00e0 la cha\u00eene d&rsquo;arbre \u00e0 cames.\n<\/p>\n<p>\n Alstom gagne 0,70% \u00e0 la faveur d&rsquo;une commande de deux milliards d&rsquo;euros avec l&rsquo;administration new-yorkaise des transports publics (\u00ab\u00a0New York Metropolitan Transportation Authority\u00a0\u00bb).\n<\/p>\n<p>\n Dans le secteur des spiritueux, Pernod Ricard et R\u00e9my Cointreau c\u00e8dent respectivement 1,7% et 0,3%, apr\u00e8s avoir recul\u00e9 de 3,61% et 5,48% \u00e0 l&rsquo;ouverture, alors que le minist\u00e8re chinois du Commerce doit rendre une d\u00e9cision d\u00e9finitive concernant l&rsquo;enqu\u00eate de P\u00e9kin sur le brandy en provenance de l&rsquo;Union europ\u00e9enne.\n<\/p>\n<p>\n Ailleurs en Europe, Monte Dei Paschi Di Siena (MPS) monte (+0,13%) alors que la banque se dit certaine de r\u00e9ussir son offre publique d&rsquo;achat hostile sur Mediobanca (-0,46%), pr\u00e9cisant qu&rsquo;il lui suffit d&rsquo;obtenir au moins 35% du capital de sa cible, selon le quotidien Il Sole 24 Ore.\n<\/p>\n<p>\n (R\u00e9dig\u00e9 par Claude Chendjou, \u00e9dit\u00e9 par Augustin Turpin)<\/p>\n","protected":false},"excerpt":{"rendered":"Une vue g\u00e9n\u00e9rale montre la salle des march\u00e9s et le tableau de l&rsquo;indice DAX pendant les \u00e9changes de&hellip;\n","protected":false},"author":2,"featured_media":225386,"comment_status":"","ping_status":"","sticky":false,"template":"","format":"standard","meta":{"footnotes":""},"categories":[1586],"tags":[400,11,398,408,405,1777,674,1011,27,403,402,399,404,12,25,401,406,407],"class_list":{"0":"post-225385","1":"post","2":"type-post","3":"status-publish","4":"format-standard","5":"has-post-thumbnail","7":"category-europe","8":"tag-action-cac-40","9":"tag-actualites","10":"tag-bourse-de-paris","11":"tag-boursorama","12":"tag-cotations","13":"tag-eu","14":"tag-europe","15":"tag-fr","16":"tag-france","17":"tag-indices-devises","18":"tag-investir","19":"tag-investissement","20":"tag-marche-boursier","21":"tag-news","22":"tag-republique-francaise","23":"tag-sicav","24":"tag-trackers","25":"tag-warrants"},"share_on_mastodon":{"url":"https:\/\/pubeurope.com\/@fr\/114794433460552377","error":""},"_links":{"self":[{"href":"https:\/\/www.europesays.com\/fr\/wp-json\/wp\/v2\/posts\/225385","targetHints":{"allow":["GET"]}}],"collection":[{"href":"https:\/\/www.europesays.com\/fr\/wp-json\/wp\/v2\/posts"}],"about":[{"href":"https:\/\/www.europesays.com\/fr\/wp-json\/wp\/v2\/types\/post"}],"author":[{"embeddable":true,"href":"https:\/\/www.europesays.com\/fr\/wp-json\/wp\/v2\/users\/2"}],"replies":[{"embeddable":true,"href":"https:\/\/www.europesays.com\/fr\/wp-json\/wp\/v2\/comments?post=225385"}],"version-history":[{"count":0,"href":"https:\/\/www.europesays.com\/fr\/wp-json\/wp\/v2\/posts\/225385\/revisions"}],"wp:featuredmedia":[{"embeddable":true,"href":"https:\/\/www.europesays.com\/fr\/wp-json\/wp\/v2\/media\/225386"}],"wp:attachment":[{"href":"https:\/\/www.europesays.com\/fr\/wp-json\/wp\/v2\/media?parent=225385"}],"wp:term":[{"taxonomy":"category","embeddable":true,"href":"https:\/\/www.europesays.com\/fr\/wp-json\/wp\/v2\/categories?post=225385"},{"taxonomy":"post_tag","embeddable":true,"href":"https:\/\/www.europesays.com\/fr\/wp-json\/wp\/v2\/tags?post=225385"}],"curies":[{"name":"wp","href":"https:\/\/api.w.org\/{rel}","templated":true}]}}