{"id":225387,"date":"2025-07-04T10:13:13","date_gmt":"2025-07-04T10:13:13","guid":{"rendered":"https:\/\/www.europesays.com\/fr\/225387\/"},"modified":"2025-07-04T10:13:13","modified_gmt":"2025-07-04T10:13:13","slug":"verification-des-faits-non-lue-na-pas-encore-interdit-le-paiement-des-bagages-a-main","status":"publish","type":"post","link":"https:\/\/www.europesays.com\/fr\/225387\/","title":{"rendered":"V\u00e9rification des faits : non, l&rsquo;UE n&rsquo;a pas (encore) interdit le paiement des bagages \u00e0 main"},"content":{"rendered":"<p>\n                    Publi\u00e9 le                 04\/07\/2025 &#8211; 10:49 UTC+2\u2022Mis \u00e0 jour<br \/>\n                                     10:59<\/p>\n<p><img decoding=\"async\" class=\"c-ad__placeholder__logo\" src=\"https:\/\/static.euronews.com\/website\/images\/logos\/logo-euronews-grey-6-180x22.svg\" width=\"180\" height=\"22\" alt=\"\" loading=\"lazy\"\/>PUBLICIT\u00c9<\/p>\n<p>Des affirmations trompeuses selon lesquelles l&rsquo;Union europ\u00e9enne aurait d\u00e9cid\u00e9 d&rsquo;interdire aux compagnies a\u00e9riennes de faire payer les passagers pour emporter leur bagage \u00e0 main ont fait les gros titres dans le monde entier, d\u00e9clenchant une d\u00e9sinformation g\u00e9n\u00e9ralis\u00e9e sur les r\u00e9seaux sociaux.<\/p>\n<p>Euroverify a identifi\u00e9 plusieurs m\u00e9dias r\u00e9put\u00e9s qui ont fait ces affirmations, lesquelles ont ensuite \u00e9t\u00e9 amplifi\u00e9es en plusieurs langues sur Facebook, Instagram, TikTok et X.<\/p>\n<p>Les 27 pays de l&rsquo;Union europ\u00e9enne n&rsquo;ont toutefois pas interdit les frais de bagages \u00e0 main. C&rsquo;est une option sur la table, mais il y a beaucoup d&rsquo;obstacles avant que la proposition ne devienne une loi.<\/p>\n<p><strong>Une r\u00e8gle propos\u00e9e par le Parlement, mais pas encore confirm\u00e9e<\/strong><\/p>\n<p>Le 24 juin, la commission des transports du Parlement europ\u00e9en a <a href=\"https:\/\/www.europarl.europa.eu\/news\/en\/press-room\/20250623IPR29105\/transport-meps-seek-to-reinforce-passenger-rights\" target=\"_blank\" rel=\"noreferrer noopener\"><strong>vot\u00e9<\/strong><\/a> en faveur d&rsquo;une proposition visant \u00e0 permettre aux passagers a\u00e9riens de voyager avec deux bagages \u00e0 main sans frais suppl\u00e9mentaires.<\/p>\n<p>Si cette proposition est approuv\u00e9e, elle obligera les compagnies a\u00e9riennes \u00e0 permettre aux passagers de voyager gratuitement avec un article personnel &#8211; tel qu&rsquo;un sac \u00e0 main &#8211; ainsi qu&rsquo;avec un bagage \u00e0 main plus grand, pesant jusqu&rsquo;\u00e0 7 kg et mesurant jusqu&rsquo;\u00e0 100 cm en largeur, longueur et hauteur combin\u00e9es.<\/p>\n<p>La dimension de 100 cm est l\u00e9g\u00e8rement inf\u00e9rieure aux dimensions maximales actuelles des bagages de cabine autoris\u00e9es par la plupart des compagnies a\u00e9riennes.<\/p>\n<p>Cette proposition s&rsquo;inscrit dans le cadre d&rsquo;une r\u00e9vision d&rsquo;un projet de loi europ\u00e9en de 2004 sur les droits des passagers, qui est au point mort depuis des ann\u00e9es. La Pologne, qui a pr\u00e9sid\u00e9 le Conseil de l&rsquo;UE pendant les six premiers mois de l&rsquo;ann\u00e9e, s&rsquo;\u00e9tait fix\u00e9 comme priorit\u00e9 de faire avancer la r\u00e9forme. Il est \u00e9galement question de modifier les r\u00e8gles de l&rsquo;UE relatives \u00e0 l&rsquo;indemnisation obligatoire en cas de retard d&rsquo;un vol.<\/p>\n<p>Mais le vote du 24 juillet ne change rien. Il signifie simplement que la commission des transports du Parlement europ\u00e9en souhaite la suppression des taxes sur les bagages de cabine. Si la pl\u00e9ni\u00e8re du Parlement europ\u00e9en l&rsquo;approuve, le Parlement fera pression pour obtenir ce changement lors des n\u00e9gociations avec la Commission europ\u00e9enne et le Conseil de l&rsquo;UE, qui repr\u00e9sente les gouvernements de l&rsquo;UE.<\/p>\n<p>Ce n&rsquo;est que lorsque ces n\u00e9gociations &#8211; appel\u00e9es n\u00e9gociations interinstitutionnelles &#8211; auront abouti \u00e0 un compromis que les changements pourront entrer en vigueur. Le texte de compromis doit ensuite \u00eatre soumis au vote du Parlement europ\u00e9en et du Conseil avant de devenir une loi.<\/p>\n<p><strong>Les gouvernements de l&rsquo;UE s&rsquo;opposent pour la plupart au changement<\/strong><\/p>\n<p>L&rsquo;interdiction des taxes sur les bagages de cabine risque d&rsquo;\u00eatre un point de discorde entre le Parlement et les gouvernements de l&rsquo;UE repr\u00e9sent\u00e9s par le Conseil.<\/p>\n<p>Dans une <a href=\"https:\/\/www.consilium.europa.eu\/en\/press\/press-releases\/2025\/06\/05\/council-sets-position-on-clearer-and-improved-rules-for-air-passengers\/\" target=\"_blank\" rel=\"noreferrer noopener\"><strong>position<\/strong><\/a> commune de n\u00e9gociation adopt\u00e9e d\u00e9but juin, les ministres des transports de l&rsquo;UE ne demandent pas l&rsquo;interdiction, bien qu&rsquo;une poign\u00e9e de pays, notamment l&rsquo;Espagne, la soutiennent.<\/p>\n<p>Ils estiment au contraire que les passagers devraient \u00eatre autoris\u00e9s \u00e0 emporter gratuitement des objets personnels \u00ab\u00a0essentiels pour la dur\u00e9e du voyage\u00a0\u00bb, tels que des documents de voyage, des m\u00e9dicaments, des appareils personnels, des livres et \u00ab\u00a0de la nourriture et des boissons adapt\u00e9es \u00e0 la dur\u00e9e du vol\u00a0\u00bb.<\/p>\n<p>L&rsquo;ann\u00e9e derni\u00e8re, l&rsquo;Espagne a inflig\u00e9 des amendes d&rsquo;un montant de 179 millions d&rsquo;euros aux compagnies a\u00e9riennes \u00e0 bas prix Ryanair, Vueling, easyJet, Norwegian et Volotea pour des \u00ab\u00a0pratiques abusives\u00a0\u00bb, notamment des frais suppl\u00e9mentaires pour les bagages \u00e0 main, les obligeant \u00e0 mettre fin \u00e0 ces pratiques.<\/p>\n<p>Ryanair et Norwegian Air ont fait appel et un tribunal espagnol a temporairement suspendu les amendes jeudi dernier, le temps que la proc\u00e9dure judiciaire aboutisse.<\/p>\n<p><strong>Les compagnies a\u00e9riennes affirment que cette mesure limiterait le choix des consommateurs<\/strong><\/p>\n<p>La position des ministres des transports de l&rsquo;UE refl\u00e8te celle des compagnies a\u00e9riennes et de leurs puissants groupes de pression. Le groupe de pression Airlines for Europe (A4E) est all\u00e9 jusqu&rsquo;\u00e0 \u00ab\u00a0condamner\u00a0\u00bb la position du Parlement, affirmant qu&rsquo;elle \u00ab\u00a0supprimerait le choix du consommateur et imposerait un sac de cabine trolley \u00e0 tous les passagers\u00a0\u00bb.<\/p>\n<p>Citant une association de compagnies a\u00e9riennes espagnoles, A4E affirme que plus de 50 millions de passagers, rien qu&rsquo;en Espagne, n&rsquo;ont pas eu besoin d&rsquo;un bagage de cabine suppl\u00e9mentaire l&rsquo;ann\u00e9e derni\u00e8re et ont eu \u00ab\u00a0le choix de ne pas l&rsquo;inclure dans le prix de leur billet d&rsquo;avion\u00a0\u00bb. On craint \u00e9galement que les transporteurs \u00e0 bas prix n&rsquo;augmentent le prix des billets pour compenser le manque \u00e0 gagner li\u00e9 aux frais suppl\u00e9mentaires.<\/p>\n<p>Les <a href=\"https:\/\/investor.ryanair.com\/results-centre\/\" target=\"_blank\" rel=\"noreferrer noopener\"><strong>r\u00e9sultats financiers de<\/strong><\/a> Ryanair pour l&rsquo;ann\u00e9e allant jusqu&rsquo;\u00e0 mars 2025 r\u00e9v\u00e8lent que les recettes accessoires &#8211; c&rsquo;est-\u00e0-dire les frais pour les suppl\u00e9ments, y compris les bagages \u00e0 main &#8211; repr\u00e9sentaient un tiers de leurs recettes totales (4,7 milliards d&rsquo;euros sur un total de 13,95 milliards d&rsquo;euros).<\/p>\n","protected":false},"excerpt":{"rendered":"Publi\u00e9 le 04\/07\/2025 &#8211; 10:49 UTC+2\u2022Mis \u00e0 jour 10:59 PUBLICIT\u00c9 Des affirmations trompeuses selon lesquelles l&rsquo;Union europ\u00e9enne aurait&hellip;\n","protected":false},"author":2,"featured_media":225388,"comment_status":"","ping_status":"","sticky":false,"template":"","format":"standard","meta":{"footnotes":""},"categories":[1586],"tags":[11,17318,1777,674,1779,1011,27,12,25,1778,364,586],"class_list":{"0":"post-225387","1":"post","2":"type-post","3":"status-publish","4":"format-standard","5":"has-post-thumbnail","7":"category-europe","8":"tag-actualites","9":"tag-compagnies-aeriennes","10":"tag-eu","11":"tag-europe","12":"tag-european-union","13":"tag-fr","14":"tag-france","15":"tag-news","16":"tag-republique-francaise","17":"tag-ue","18":"tag-union-europeenne","19":"tag-voyage"},"share_on_mastodon":{"url":"https:\/\/pubeurope.com\/@fr\/114794437521993602","error":""},"_links":{"self":[{"href":"https:\/\/www.europesays.com\/fr\/wp-json\/wp\/v2\/posts\/225387","targetHints":{"allow":["GET"]}}],"collection":[{"href":"https:\/\/www.europesays.com\/fr\/wp-json\/wp\/v2\/posts"}],"about":[{"href":"https:\/\/www.europesays.com\/fr\/wp-json\/wp\/v2\/types\/post"}],"author":[{"embeddable":true,"href":"https:\/\/www.europesays.com\/fr\/wp-json\/wp\/v2\/users\/2"}],"replies":[{"embeddable":true,"href":"https:\/\/www.europesays.com\/fr\/wp-json\/wp\/v2\/comments?post=225387"}],"version-history":[{"count":0,"href":"https:\/\/www.europesays.com\/fr\/wp-json\/wp\/v2\/posts\/225387\/revisions"}],"wp:featuredmedia":[{"embeddable":true,"href":"https:\/\/www.europesays.com\/fr\/wp-json\/wp\/v2\/media\/225388"}],"wp:attachment":[{"href":"https:\/\/www.europesays.com\/fr\/wp-json\/wp\/v2\/media?parent=225387"}],"wp:term":[{"taxonomy":"category","embeddable":true,"href":"https:\/\/www.europesays.com\/fr\/wp-json\/wp\/v2\/categories?post=225387"},{"taxonomy":"post_tag","embeddable":true,"href":"https:\/\/www.europesays.com\/fr\/wp-json\/wp\/v2\/tags?post=225387"}],"curies":[{"name":"wp","href":"https:\/\/api.w.org\/{rel}","templated":true}]}}