{"id":225395,"date":"2025-07-04T10:19:12","date_gmt":"2025-07-04T10:19:12","guid":{"rendered":"https:\/\/www.europesays.com\/fr\/225395\/"},"modified":"2025-07-04T10:19:12","modified_gmt":"2025-07-04T10:19:12","slug":"concurrencee-par-lubb-ou-la-rochelle-mola-met-en-avant-la-formation-et-larrivee-de-garbajosa","status":"publish","type":"post","link":"https:\/\/www.europesays.com\/fr\/225395\/","title":{"rendered":"concurrenc\u00e9e par l\u2019UBB ou La Rochelle, Mola met en avant la formation et l\u2019arriv\u00e9e de Garbajosa"},"content":{"rendered":"<p>Le mod\u00e8le du Stade Toulousain conserve une longueur d\u2019avance, mais la concurrence s\u2019en inspire. Depuis l\u2019arriv\u00e9e de Didier Lacroix et Ugo Mola \u00e0 la t\u00eate du club, l\u2019accent a \u00e9t\u00e9 remis sur la formation, principe cardinal des succ\u00e8s Rouge et Noir. Ces derni\u00e8res ann\u00e9es, on ne compte plus le nombre de jeune joueur venu concurrencer les stars et soulager l\u2019effectif durant les p\u00e9riodes de doublons, avant de progressivement venir chercher le maillot.<\/p>\n<p>Le troisi\u00e8me Bouclier de Brennus cons\u00e9cutif en porte le sceau, avec les pr\u00e9sences de Marchand, Baille, Aldegheri, Neti, Merkler, Brennan, Meafou, Cros, Ntamack, Ramos, Lebel sur la feuille de match de la finale. N\u00e9anmoins, les concurrents montent en puissance dans le domaine, avec notamment le sacre de l\u2019UBB chez les Espoirs, apr\u00e8s avoir sorti Toulouse en demi-finale.<\/p>\n<p>\u00ab Nous ne sommes pas encore largu\u00e9s\u00a0\u00bb<\/p>\n<p>Interrog\u00e9 \u00e0 ce sujet par <a href=\"https:\/\/www.rugbyrama.fr\/2025\/07\/03\/top-14-entretien-exclusif-ugo-mola-toulouse-tu-ne-fais-pas-un-triple-avec-des-mecs-normaux-12803416.php\" rel=\"nofollow noopener\" target=\"_blank\">Midi Olympique,<\/a> Ugo Mola a conscience du travail r\u00e9alis\u00e9 par plusieurs autres grosses \u00e9curies. N\u00e9anmoins, le Stade Toulousain a encore mis l\u2019accent sur ce domaine, avec notamment l\u2019arriv\u00e9e de Xavier Garbajosa pour venir chapeauter le centre de formation.<\/p>\n<blockquote>\n<p>\u00ab\u00a0Par des r\u00e9flexions \u00e0 tous les \u00e9tages, dont celui que vous venez de citer. Il est \u00e9vident que la formation, c\u2019est le sujet num\u00e9ro un, c\u2019est d\u2019ailleurs pour \u00e7a qu\u2019on a int\u00e9gr\u00e9 Xavier Garbajosa et qu\u2019on commence \u00e0 r\u00e9fl\u00e9chir \u00e0 un mode de fonctionnement pour que, de mani\u00e8re tr\u00e8s profonde, on int\u00e8gre des personnes dont l\u2019ADN soit susceptible de mettre tr\u00e8s t\u00f4t nos gamins dans de bonnes conditions. Des clubs comme Bordeaux, la Rochelle ou Grenoble, dont on parle un peu moins, travaillent tr\u00e8s bien chez les jeunes. On commence aussi \u00e0 voir r\u00e9appara\u00eetre les Bayonnais, les Montpelli\u00e9rains, Clermont qui a une \u00e9norme g\u00e9n\u00e9ration Crabos\u2026 Nous, on a perdu en finale chez les filles et chez les cadets. On est champion chez les cadettes, on perd en demie en espoirs sur un match qui leur \u00e9chappe de peu \u00e0 la fin. Il n\u2019y a qu\u2019en Crabos qu\u2019on n\u2019a pas figur\u00e9 dans le dernier carr\u00e9. Nous ne sommes pas encore largu\u00e9s\u00a0(sourire).\u00a0\u00bb<\/p>\n<\/blockquote>\n<p>Partagez cette info avec vos amis et vos proches en cliquant ici<br \/>Pour r\u00e9sumer<\/p>\n<p>Ugo Mola a soulign\u00e9 l\u2019importance de la formation pour le projet du Stade Toulousain. Pour se faire, le club rouge et noir a notamment rappel\u00e9 Xavier Garbajosa. L&rsquo;entra\u00eeneur toulousain veut conserver une longueur d&rsquo;avance.<\/p>\n<p> <img decoding=\"async\" width=\"76\" height=\"76\" loading=\"lazy\" src=\"https:\/\/www.europesays.com\/fr\/wp-content\/uploads\/2025\/04\/avatar-quinze.png\" alt=\"Arnaud D\u00e9chelotte\"\/><\/p>\n","protected":false},"excerpt":{"rendered":"Le mod\u00e8le du Stade Toulousain conserve une longueur d\u2019avance, mais la concurrence s\u2019en inspire. Depuis l\u2019arriv\u00e9e de Didier&hellip;\n","protected":false},"author":2,"featured_media":225396,"comment_status":"","ping_status":"","sticky":false,"template":"","format":"standard","meta":{"footnotes":""},"categories":[1416],"tags":[1011,27,479,1468,60],"class_list":{"0":"post-225395","1":"post","2":"type-post","3":"status-publish","4":"format-standard","5":"has-post-thumbnail","7":"category-rugby","8":"tag-fr","9":"tag-france","10":"tag-rugby","11":"tag-rugby-football","12":"tag-sports"},"share_on_mastodon":{"url":"https:\/\/pubeurope.com\/@fr\/114794460876432934","error":""},"_links":{"self":[{"href":"https:\/\/www.europesays.com\/fr\/wp-json\/wp\/v2\/posts\/225395","targetHints":{"allow":["GET"]}}],"collection":[{"href":"https:\/\/www.europesays.com\/fr\/wp-json\/wp\/v2\/posts"}],"about":[{"href":"https:\/\/www.europesays.com\/fr\/wp-json\/wp\/v2\/types\/post"}],"author":[{"embeddable":true,"href":"https:\/\/www.europesays.com\/fr\/wp-json\/wp\/v2\/users\/2"}],"replies":[{"embeddable":true,"href":"https:\/\/www.europesays.com\/fr\/wp-json\/wp\/v2\/comments?post=225395"}],"version-history":[{"count":0,"href":"https:\/\/www.europesays.com\/fr\/wp-json\/wp\/v2\/posts\/225395\/revisions"}],"wp:featuredmedia":[{"embeddable":true,"href":"https:\/\/www.europesays.com\/fr\/wp-json\/wp\/v2\/media\/225396"}],"wp:attachment":[{"href":"https:\/\/www.europesays.com\/fr\/wp-json\/wp\/v2\/media?parent=225395"}],"wp:term":[{"taxonomy":"category","embeddable":true,"href":"https:\/\/www.europesays.com\/fr\/wp-json\/wp\/v2\/categories?post=225395"},{"taxonomy":"post_tag","embeddable":true,"href":"https:\/\/www.europesays.com\/fr\/wp-json\/wp\/v2\/tags?post=225395"}],"curies":[{"name":"wp","href":"https:\/\/api.w.org\/{rel}","templated":true}]}}