{"id":225401,"date":"2025-07-04T10:23:13","date_gmt":"2025-07-04T10:23:13","guid":{"rendered":"https:\/\/www.europesays.com\/fr\/225401\/"},"modified":"2025-07-04T10:23:13","modified_gmt":"2025-07-04T10:23:13","slug":"keanu-reeves-et-cadillac-vont-produire-un-documentaire-sur-lequipe-americaine","status":"publish","type":"post","link":"https:\/\/www.europesays.com\/fr\/225401\/","title":{"rendered":"Keanu Reeves et Cadillac vont produire un documentaire sur l\u2019\u00e9quipe am\u00e9ricaine"},"content":{"rendered":"<p>Keanu Reeves va s\u2019associer avec Cadillac afin de produire un documentaire revenant sur les d\u00e9buts de cette nouvelle \u00e9curie en F1. L\u2019acteur am\u00e9ricain \u00e9tait d\u00e9j\u00e0 en charge du projet sur Brawn GP, sorti en 2023.<\/p>\n<p class=\"fig-paragraph\">Grand amateur de sports m\u00e9caniques, Keanu Reeves a d\u00e9cid\u00e9 de s\u2019associer avec Cadillac pour produire un documentaire montrant les coulisses de l\u2019arriv\u00e9e de l\u2019\u00e9curie am\u00e9ricaine en\u00a0<a href=\"http:\/\/www.lefigaro.fr\/sports\/formule-1\/formule-1-alpine-devoile-le-nom-de-son-nouveau-directeur-d-equipe-20250704\" data-fig-type=\"NewsFlash\" data-gtm-custom-categorie=\"navigation\" data-gtm-custom-action=\"crossclick\" data-gtm-custom-label=\"Contextuel\" data-gtm-event=\"customEventSPE\" data-fig-domain=\"LEFIGARO\" target=\"_blank\" rel=\"noopener\">Formule 1<\/a>\u00a0en 2026. Aucune date de sortie n\u2019a pour l\u2019heure \u00e9t\u00e9 annonc\u00e9e.<\/p>\n<p class=\"fig-paragraph\">Les spectateurs devraient avoir droit \u00e0 un \u00abun regard intime sur les d\u00e9fis uniques d\u2019assembler une \u00e9quipe comp\u00e9titive dans un d\u00e9lai acc\u00e9l\u00e9r\u00e9\u00bb, tout en recevant \u00abun compte rendu de premi\u00e8re main de la vision derri\u00e8re l\u2019\u00e9tablissement d\u2019une pr\u00e9sence am\u00e9ricaine distincte dans un sport longtemps domin\u00e9 par des puissances europ\u00e9ennes\u00bb.<\/p>\n<p>                                    <a class=\"fig-a11y-skip a11y-hidden\" href=\"#fig-a11y-skip-main-inarticle\"><br \/>\n        Passer la publicit\u00e9<br \/>\n    <\/a><\/p>\n<p>Montrer l\u2019envers du d\u00e9cor au public<\/p>\n<p class=\"fig-paragraph\">Keanu Reeves a assur\u00e9 \u00eatre \u00abtr\u00e8s honor\u00e9 et excit\u00e9 de faire partie de la narration de la remarquable histoire de l\u2019\u00e9quipe Cadillac de Formule 1 et de son incroyable parcours dans le monde de la course automobile en F1. Notre objectif avec le docu s\u00e9rie est de plonger le public au c\u0153ur de ce parcours et de montrer ce qu\u2019il faut pour participer \u00e0 l\u2019un des sports les plus exclusifs au monde\u00bb a d\u00e9taill\u00e9 l\u2019acteur de Matrix.<\/p>\n<p class=\"fig-paragraph\">Dan Towriss, PDG de l\u2019\u00e9quipe Cadillac, a lui d\u00e9clar\u00e9\u00a0: \u00abC\u2019est une histoire d\u2019ambition audacieuse et de d\u00e9termination sans rel\u00e2che. Nous sommes honor\u00e9s de travailler avec Keanu, dont la passion et la connaissance de la course vont profond\u00e9ment, et fiers de collaborer avec G\u00e9n\u00e9ral Motors sur cette histoire incroyable.\u00bb<\/p>\n<p>2 ans apr\u00e8s le succ\u00e8s Brawn GP<\/p>\n<p class=\"fig-paragraph\">En 2023, Keanu Reeves avait d\u00e9j\u00e0 travaill\u00e9 sur un documentaire en lien avec le monde de la Formule 1. C\u2019\u00e9tait \u00abBrawn GP\u00a0: la course impossible\u00bb. La s\u00e9rie revenait sur l\u2019histoire invraisemblable d\u2019une \u00e9quipe au budget extr\u00eamement limit\u00e9e, n\u00e9e des cendres de l\u2019\u00e9curie Honda. Elle avait \u00e9t\u00e9 reprise par l\u2019ing\u00e9nieur Ross Brawn qui avait r\u00e9ussi \u00e0 devenir champion du monde avec Jenson Button en 2009. Cette production avait \u00e9t\u00e9 un succ\u00e8s.<\/p>\n","protected":false},"excerpt":{"rendered":"Keanu Reeves va s\u2019associer avec Cadillac afin de produire un documentaire revenant sur les d\u00e9buts de cette nouvelle&hellip;\n","protected":false},"author":2,"featured_media":225402,"comment_status":"","ping_status":"","sticky":false,"template":"","format":"standard","meta":{"footnotes":""},"categories":[1412],"tags":[16036,1451,1452,1453,1454,1455,1011,27,1741,2079,60],"class_list":{"0":"post-225401","1":"post","2":"type-post","3":"status-publish","4":"format-standard","5":"has-post-thumbnail","7":"category-f1","8":"tag-cadillac","9":"tag-f1","10":"tag-formula-1","11":"tag-formula1","12":"tag-formule-1","13":"tag-formule1","14":"tag-fr","15":"tag-france","16":"tag-johann-zarco","17":"tag-keanu-reeves","18":"tag-sports"},"share_on_mastodon":{"url":"https:\/\/pubeurope.com\/@fr\/114794476549317332","error":""},"_links":{"self":[{"href":"https:\/\/www.europesays.com\/fr\/wp-json\/wp\/v2\/posts\/225401","targetHints":{"allow":["GET"]}}],"collection":[{"href":"https:\/\/www.europesays.com\/fr\/wp-json\/wp\/v2\/posts"}],"about":[{"href":"https:\/\/www.europesays.com\/fr\/wp-json\/wp\/v2\/types\/post"}],"author":[{"embeddable":true,"href":"https:\/\/www.europesays.com\/fr\/wp-json\/wp\/v2\/users\/2"}],"replies":[{"embeddable":true,"href":"https:\/\/www.europesays.com\/fr\/wp-json\/wp\/v2\/comments?post=225401"}],"version-history":[{"count":0,"href":"https:\/\/www.europesays.com\/fr\/wp-json\/wp\/v2\/posts\/225401\/revisions"}],"wp:featuredmedia":[{"embeddable":true,"href":"https:\/\/www.europesays.com\/fr\/wp-json\/wp\/v2\/media\/225402"}],"wp:attachment":[{"href":"https:\/\/www.europesays.com\/fr\/wp-json\/wp\/v2\/media?parent=225401"}],"wp:term":[{"taxonomy":"category","embeddable":true,"href":"https:\/\/www.europesays.com\/fr\/wp-json\/wp\/v2\/categories?post=225401"},{"taxonomy":"post_tag","embeddable":true,"href":"https:\/\/www.europesays.com\/fr\/wp-json\/wp\/v2\/tags?post=225401"}],"curies":[{"name":"wp","href":"https:\/\/api.w.org\/{rel}","templated":true}]}}